{"id":11686,"date":"2024-01-28T06:05:30","date_gmt":"2024-01-28T09:05:30","guid":{"rendered":"https:\/\/4tuneagencia.digital\/blog\/meta-pode-ser-obrigada-a-vender-a-giphy-entenda-olhar-digital\/"},"modified":"2024-01-28T06:05:30","modified_gmt":"2024-01-28T09:05:30","slug":"meta-pode-ser-obrigada-a-vender-a-giphy-entenda-olhar-digital","status":"publish","type":"post","link":"https:\/\/4tuneagencia.digital\/blog\/meta-pode-ser-obrigada-a-vender-a-giphy-entenda-olhar-digital\/","title":{"rendered":"Meta pode ser obrigada a vender a Giphy; entenda &#8211; Olhar Digital"},"content":{"rendered":"<p>A Meta, <a href=\"https:\/\/olhardigital.com.br\/2021\/11\/18\/internet-e-redes-sociais\/facebook-lancara-ferramenta-para-que-usuarios-controlem-quem-aparece-no-feed\/\" target=\"_blank\" rel=\"noreferrer noopener\">que anunciou<\/a> recentemente uma ferramenta capaz de gerenciar as\u00a0<a href=\"https:\/\/olhardigital.com.br\/tag\/publicacoes\/\" target=\"_blank\" rel=\"noreferrer noopener\">publica\u00e7\u00f5es<\/a> que aparecem no feed do Facebook, pode ser obrigada a vender a Giphy, uma plataforma de imagens animadas comprada pela empresa no ano passado pela bagatela de <strong>US$ 400 milh\u00f5es <\/strong>(R$ 2,26 bilh\u00f5es em convers\u00e3o direta).<br \/>A decis\u00e3o foi divulgada nesta ter\u00e7a-feira (30) pelo \u00f3rg\u00e3o regulador de concorr\u00eancia brit\u00e2nico CMA (<em>Competition and Markets Authority<\/em>, ou Autoridade de Concorr\u00eancia e Mercado) e j\u00e1 vinha sendo considerada desde agosto.<br \/>As autoridades afirmam que a aquisi\u00e7\u00e3o vai prejudicar diretamente a concorr\u00eancia do Facebook com outras redes sociais, al\u00e9m de impactar no mercado de an\u00fancios digitais. <br \/>\u201cAo exigir que o Facebook (Meta) venda a Giphy, estamos protegendo milh\u00f5es de usu\u00e1rios de m\u00eddias sociais e promovendo a concorr\u00eancia e a inova\u00e7\u00e3o na publicidade digital\u201d, afirmou Stuart McIntosh, uma das autoridades que liderou a investiga\u00e7\u00e3o contra a empresa <a href=\"https:\/\/olhardigital.com.br\/2021\/11\/12\/internet-e-redes-sociais\/propaganda-de-turismo-faz-piada-com-facebook-e-zuckerberg\/\" target=\"_blank\" rel=\"noreferrer noopener\">de Mark Zuckerberg<\/a>.<br \/>Apesar da defini\u00e7\u00e3o das autoridades, se depender da Meta esse embate ainda ter\u00e1 novos cap\u00edtulos: \u201cEstamos revisando a decis\u00e3o e considerando todas as op\u00e7\u00f5es, incluindo o recurso\u201d, disse um porta-voz da empresa.<br \/>Por fim, vale lembrar que o Facebook comprou a Giphy em maio do ano passado, \u00e9poca em que a empresa ainda era conhecida pela <a href=\"https:\/\/olhardigital.com.br\/tag\/facebook\/\" target=\"_blank\" rel=\"noreferrer noopener\">sua marca original<\/a>. A ideia do neg\u00f3cio era integrar o aplicativo de cria\u00e7\u00e3o e compartilhamento de imagens animadas ao Instagram.<br \/>Via: <a href=\"https:\/\/www1.folha.uol.com.br\/mercado\/2021\/11\/regulador-britanico-determina-que-meta-deve-vender-a-giphy.shtml?utm_source=twitter&amp;utm_medium=social&amp;utm_campaign=twfolha\" target=\"_blank\" rel=\"noreferrer noopener\"><em>Folha<\/em><\/a><br \/><strong>Veja tamb\u00e9m<\/strong><br \/>Em meio a pol\u00eamica envolvendo a aquisi\u00e7\u00e3o da Giphy, a Meta anunciou que tamb\u00e9m pretende <a href=\"https:\/\/olhardigital.com.br\/2021\/11\/10\/internet-e-redes-sociais\/meta-ira-restringir-anuncios-com-base-em-topicos-sensiveis\/\" target=\"_blank\" rel=\"noreferrer noopener\">restringir an\u00fancios<\/a> que podem ser prejudiciais aos usu\u00e1rios.\u00a0A empresa de Mark Zuckerberg vai remover\u00a0op\u00e7\u00f5es detalhadas de segmenta\u00e7\u00e3o de publicidade para milhares de t\u00f3picos sens\u00edveis a partir do dia 19 de janeiro de 2022 no Facebook. <br \/>A mudan\u00e7a vai barrar, por exemplo, an\u00fancios com conte\u00fado relacionado a etnia, sa\u00fade, cren\u00e7as pol\u00edticas, religi\u00e3o e orienta\u00e7\u00e3o sexual, dentre outras quest\u00f5es. Al\u00e9m disso, a\u00a0companhia\u00a0tamb\u00e9m dar\u00e1 mais controle ao usu\u00e1rio.\u00a0Em 2022, quem usa o Facebook ter\u00e1 a op\u00e7\u00e3o de ver menos propagandas vinculadas a temas delicados.<br \/><em>Imagem principal: rafapress\/Shutterstock<\/em><br \/><strong>J\u00e1 assistiu aos novos v\u00eddeos no<\/strong><a href=\"http:\/\/www.youtube.com\/channel\/UCGV72aVJuWP0QPNGH4YgIww?sub_confirmation=1\"><strong>\u00a0YouTube<\/strong><\/a><strong>\u00a0do Olhar Digital? Inscreva-se no canal!<\/strong><br \/>Gabriel S\u00e9rvio \u00e9 formado em Comunica\u00e7\u00e3o Social pelo Centro Universit\u00e1rio Geraldo Di Biase e faz parte da reda\u00e7\u00e3o do Olhar Digital desde 2020.<\/p>\n<p><a href=\"https:\/\/news.google.com\/rss\/articles\/CBMiW2h0dHBzOi8vb2xoYXJkaWdpdGFsLmNvbS5ici8yMDIxLzEyLzAxL3Byby9tZXRhLXBvZGUtc2VyLW9icmlnYWRhLWEtdmVuZGVyLWEtZ2lwaHktZW50ZW5kYS_SAQA?oc=5\">source<\/a><\/p>\n","protected":false},"excerpt":{"rendered":"<p>A Meta, que anunciou recentemente uma ferramenta capaz de gerenciar as\u00a0publica\u00e7\u00f5es que aparecem no feed do Facebook, pode ser obrigada a vender a Giphy, uma plataforma de imagens animadas comprada pela empresa no ano passado pela bagatela de US$ 400 milh\u00f5es (R$ 2,26 bilh\u00f5es em convers\u00e3o direta).A decis\u00e3o foi divulgada nesta ter\u00e7a-feira (30) pelo \u00f3rg\u00e3o&#8230;<\/p>\n","protected":false},"author":1,"featured_media":11687,"comment_status":"open","ping_status":"open","sticky":false,"template":"","format":"standard","meta":{"footnotes":""},"categories":[32],"tags":[36],"class_list":["post-11686","post","type-post","status-publish","format-standard","has-post-thumbnail","hentry","category-marketing","tag-marketing"],"yoast_head":"<!-- This site is optimized with the Yoast SEO Premium plugin v21.1 (Yoast SEO v22.7) - https:\/\/yoast.com\/wordpress\/plugins\/seo\/ -->\n<title>Meta pode ser obrigada a vender a Giphy; entenda - Olhar Digital - 4tuneagencia.digital<\/title>\n<meta name=\"robots\" content=\"index, follow, max-snippet:-1, max-image-preview:large, max-video-preview:-1\" \/>\n<link rel=\"canonical\" href=\"https:\/\/4tuneagencia.digital\/blog\/meta-pode-ser-obrigada-a-vender-a-giphy-entenda-olhar-digital\/\" \/>\n<meta property=\"og:locale\" content=\"pt_BR\" \/>\n<meta property=\"og:type\" content=\"article\" \/>\n<meta property=\"og:title\" content=\"Meta pode ser obrigada a vender a Giphy; entenda - Olhar Digital\" \/>\n<meta property=\"og:description\" content=\"A Meta, que anunciou recentemente uma ferramenta capaz de gerenciar as\u00a0publica\u00e7\u00f5es que aparecem no feed do Facebook, pode ser obrigada a vender a Giphy, uma plataforma de imagens animadas comprada pela empresa no ano passado pela bagatela de US$ 400 milh\u00f5es (R$ 2,26 bilh\u00f5es em convers\u00e3o direta).A decis\u00e3o foi divulgada nesta ter\u00e7a-feira (30) pelo \u00f3rg\u00e3o...\" \/>\n<meta property=\"og:url\" content=\"https:\/\/4tuneagencia.digital\/blog\/meta-pode-ser-obrigada-a-vender-a-giphy-entenda-olhar-digital\/\" \/>\n<meta property=\"og:site_name\" content=\"4tuneagencia.digital\" \/>\n<meta property=\"article:published_time\" content=\"2024-01-28T09:05:30+00:00\" \/>\n<meta name=\"author\" content=\"4tune\" \/>\n<meta name=\"twitter:card\" content=\"summary_large_image\" \/>\n<meta name=\"twitter:label1\" content=\"Escrito por\" \/>\n\t<meta name=\"twitter:data1\" content=\"4tune\" \/>\n\t<meta name=\"twitter:label2\" content=\"Est. tempo de leitura\" \/>\n\t<meta name=\"twitter:data2\" content=\"2 minutos\" \/>\n<script type=\"application\/ld+json\" class=\"yoast-schema-graph\">{\"@context\":\"https:\/\/schema.org\",\"@graph\":[{\"@type\":\"Article\",\"@id\":\"https:\/\/4tuneagencia.digital\/blog\/meta-pode-ser-obrigada-a-vender-a-giphy-entenda-olhar-digital\/#article\",\"isPartOf\":{\"@id\":\"https:\/\/4tuneagencia.digital\/blog\/meta-pode-ser-obrigada-a-vender-a-giphy-entenda-olhar-digital\/\"},\"author\":{\"name\":\"4tune\",\"@id\":\"https:\/\/4tuneagencia.digital\/blog\/#\/schema\/person\/7c40d2e8b9964c2390122613459c2100\"},\"headline\":\"Meta pode ser obrigada a vender a Giphy; entenda &#8211; Olhar Digital\",\"datePublished\":\"2024-01-28T09:05:30+00:00\",\"dateModified\":\"2024-01-28T09:05:30+00:00\",\"mainEntityOfPage\":{\"@id\":\"https:\/\/4tuneagencia.digital\/blog\/meta-pode-ser-obrigada-a-vender-a-giphy-entenda-olhar-digital\/\"},\"wordCount\":427,\"commentCount\":0,\"publisher\":{\"@id\":\"https:\/\/4tuneagencia.digital\/blog\/#organization\"},\"image\":{\"@id\":\"https:\/\/4tuneagencia.digital\/blog\/meta-pode-ser-obrigada-a-vender-a-giphy-entenda-olhar-digital\/#primaryimage\"},\"thumbnailUrl\":\"https:\/\/4tuneagencia.digital\/blog\/wp-content\/uploads\/2024\/01\/wp-header-logo-361.png\",\"keywords\":[\"Marketing\"],\"articleSection\":[\"Marketing\"],\"inLanguage\":\"pt-BR\",\"potentialAction\":[{\"@type\":\"CommentAction\",\"name\":\"Comment\",\"target\":[\"https:\/\/4tuneagencia.digital\/blog\/meta-pode-ser-obrigada-a-vender-a-giphy-entenda-olhar-digital\/#respond\"]}]},{\"@type\":\"WebPage\",\"@id\":\"https:\/\/4tuneagencia.digital\/blog\/meta-pode-ser-obrigada-a-vender-a-giphy-entenda-olhar-digital\/\",\"url\":\"https:\/\/4tuneagencia.digital\/blog\/meta-pode-ser-obrigada-a-vender-a-giphy-entenda-olhar-digital\/\",\"name\":\"Meta pode ser obrigada a vender a Giphy; entenda - Olhar Digital - 4tuneagencia.digital\",\"isPartOf\":{\"@id\":\"https:\/\/4tuneagencia.digital\/blog\/#website\"},\"primaryImageOfPage\":{\"@id\":\"https:\/\/4tuneagencia.digital\/blog\/meta-pode-ser-obrigada-a-vender-a-giphy-entenda-olhar-digital\/#primaryimage\"},\"image\":{\"@id\":\"https:\/\/4tuneagencia.digital\/blog\/meta-pode-ser-obrigada-a-vender-a-giphy-entenda-olhar-digital\/#primaryimage\"},\"thumbnailUrl\":\"https:\/\/4tuneagencia.digital\/blog\/wp-content\/uploads\/2024\/01\/wp-header-logo-361.png\",\"datePublished\":\"2024-01-28T09:05:30+00:00\",\"dateModified\":\"2024-01-28T09:05:30+00:00\",\"breadcrumb\":{\"@id\":\"https:\/\/4tuneagencia.digital\/blog\/meta-pode-ser-obrigada-a-vender-a-giphy-entenda-olhar-digital\/#breadcrumb\"},\"inLanguage\":\"pt-BR\",\"potentialAction\":[{\"@type\":\"ReadAction\",\"target\":[\"https:\/\/4tuneagencia.digital\/blog\/meta-pode-ser-obrigada-a-vender-a-giphy-entenda-olhar-digital\/\"]}]},{\"@type\":\"ImageObject\",\"inLanguage\":\"pt-BR\",\"@id\":\"https:\/\/4tuneagencia.digital\/blog\/meta-pode-ser-obrigada-a-vender-a-giphy-entenda-olhar-digital\/#primaryimage\",\"url\":\"https:\/\/4tuneagencia.digital\/blog\/wp-content\/uploads\/2024\/01\/wp-header-logo-361.png\",\"contentUrl\":\"https:\/\/4tuneagencia.digital\/blog\/wp-content\/uploads\/2024\/01\/wp-header-logo-361.png\",\"width\":1000,\"height\":667},{\"@type\":\"BreadcrumbList\",\"@id\":\"https:\/\/4tuneagencia.digital\/blog\/meta-pode-ser-obrigada-a-vender-a-giphy-entenda-olhar-digital\/#breadcrumb\",\"itemListElement\":[{\"@type\":\"ListItem\",\"position\":1,\"name\":\"In\u00edcio\",\"item\":\"https:\/\/4tuneagencia.digital\/blog\/\"},{\"@type\":\"ListItem\",\"position\":2,\"name\":\"Meta pode ser obrigada a vender a Giphy; entenda &#8211; Olhar Digital\"}]},{\"@type\":\"WebSite\",\"@id\":\"https:\/\/4tuneagencia.digital\/blog\/#website\",\"url\":\"https:\/\/4tuneagencia.digital\/blog\/\",\"name\":\"4tuneagencia.digital\",\"description\":\"Marketing e Web Designer \",\"publisher\":{\"@id\":\"https:\/\/4tuneagencia.digital\/blog\/#organization\"},\"potentialAction\":[{\"@type\":\"SearchAction\",\"target\":{\"@type\":\"EntryPoint\",\"urlTemplate\":\"https:\/\/4tuneagencia.digital\/blog\/?s={search_term_string}\"},\"query-input\":\"required name=search_term_string\"}],\"inLanguage\":\"pt-BR\"},{\"@type\":\"Organization\",\"@id\":\"https:\/\/4tuneagencia.digital\/blog\/#organization\",\"name\":\"4tuneagencia.digital\",\"url\":\"https:\/\/4tuneagencia.digital\/blog\/\",\"logo\":{\"@type\":\"ImageObject\",\"inLanguage\":\"pt-BR\",\"@id\":\"https:\/\/4tuneagencia.digital\/blog\/#\/schema\/logo\/image\/\",\"url\":\"https:\/\/4tuneagencia.digital\/blog\/wp-content\/uploads\/2023\/09\/novo-logo-e1694954525541.png\",\"contentUrl\":\"https:\/\/4tuneagencia.digital\/blog\/wp-content\/uploads\/2023\/09\/novo-logo-e1694954525541.png\",\"width\":250,\"height\":250,\"caption\":\"4tuneagencia.digital\"},\"image\":{\"@id\":\"https:\/\/4tuneagencia.digital\/blog\/#\/schema\/logo\/image\/\"}},{\"@type\":\"Person\",\"@id\":\"https:\/\/4tuneagencia.digital\/blog\/#\/schema\/person\/7c40d2e8b9964c2390122613459c2100\",\"name\":\"4tune\",\"image\":{\"@type\":\"ImageObject\",\"inLanguage\":\"pt-BR\",\"@id\":\"https:\/\/4tuneagencia.digital\/blog\/#\/schema\/person\/image\/\",\"url\":\"https:\/\/secure.gravatar.com\/avatar\/e81e8ea0176022ee4555117aee5e3092bff2a7aaa930134f8023c7d4bc2f1495?s=96&d=mm&r=g\",\"contentUrl\":\"https:\/\/secure.gravatar.com\/avatar\/e81e8ea0176022ee4555117aee5e3092bff2a7aaa930134f8023c7d4bc2f1495?s=96&d=mm&r=g\",\"caption\":\"4tune\"},\"sameAs\":[\"http:\/\/4tuneagencia.digital\"],\"url\":\"https:\/\/4tuneagencia.digital\/blog\/author\/admin\/\"}]}<\/script>\n<!-- \/ Yoast SEO Premium plugin. -->","yoast_head_json":{"title":"Meta pode ser obrigada a vender a Giphy; entenda - Olhar Digital - 4tuneagencia.digital","robots":{"index":"index","follow":"follow","max-snippet":"max-snippet:-1","max-image-preview":"max-image-preview:large","max-video-preview":"max-video-preview:-1"},"canonical":"https:\/\/4tuneagencia.digital\/blog\/meta-pode-ser-obrigada-a-vender-a-giphy-entenda-olhar-digital\/","og_locale":"pt_BR","og_type":"article","og_title":"Meta pode ser obrigada a vender a Giphy; entenda - Olhar Digital","og_description":"A Meta, que anunciou recentemente uma ferramenta capaz de gerenciar as\u00a0publica\u00e7\u00f5es que aparecem no feed do Facebook, pode ser obrigada a vender a Giphy, uma plataforma de imagens animadas comprada pela empresa no ano passado pela bagatela de US$ 400 milh\u00f5es (R$ 2,26 bilh\u00f5es em convers\u00e3o direta).A decis\u00e3o foi divulgada nesta ter\u00e7a-feira (30) pelo \u00f3rg\u00e3o...","og_url":"https:\/\/4tuneagencia.digital\/blog\/meta-pode-ser-obrigada-a-vender-a-giphy-entenda-olhar-digital\/","og_site_name":"4tuneagencia.digital","article_published_time":"2024-01-28T09:05:30+00:00","author":"4tune","twitter_card":"summary_large_image","twitter_misc":{"Escrito por":"4tune","Est. tempo de leitura":"2 minutos"},"schema":{"@context":"https:\/\/schema.org","@graph":[{"@type":"Article","@id":"https:\/\/4tuneagencia.digital\/blog\/meta-pode-ser-obrigada-a-vender-a-giphy-entenda-olhar-digital\/#article","isPartOf":{"@id":"https:\/\/4tuneagencia.digital\/blog\/meta-pode-ser-obrigada-a-vender-a-giphy-entenda-olhar-digital\/"},"author":{"name":"4tune","@id":"https:\/\/4tuneagencia.digital\/blog\/#\/schema\/person\/7c40d2e8b9964c2390122613459c2100"},"headline":"Meta pode ser obrigada a vender a Giphy; entenda &#8211; Olhar Digital","datePublished":"2024-01-28T09:05:30+00:00","dateModified":"2024-01-28T09:05:30+00:00","mainEntityOfPage":{"@id":"https:\/\/4tuneagencia.digital\/blog\/meta-pode-ser-obrigada-a-vender-a-giphy-entenda-olhar-digital\/"},"wordCount":427,"commentCount":0,"publisher":{"@id":"https:\/\/4tuneagencia.digital\/blog\/#organization"},"image":{"@id":"https:\/\/4tuneagencia.digital\/blog\/meta-pode-ser-obrigada-a-vender-a-giphy-entenda-olhar-digital\/#primaryimage"},"thumbnailUrl":"https:\/\/4tuneagencia.digital\/blog\/wp-content\/uploads\/2024\/01\/wp-header-logo-361.png","keywords":["Marketing"],"articleSection":["Marketing"],"inLanguage":"pt-BR","potentialAction":[{"@type":"CommentAction","name":"Comment","target":["https:\/\/4tuneagencia.digital\/blog\/meta-pode-ser-obrigada-a-vender-a-giphy-entenda-olhar-digital\/#respond"]}]},{"@type":"WebPage","@id":"https:\/\/4tuneagencia.digital\/blog\/meta-pode-ser-obrigada-a-vender-a-giphy-entenda-olhar-digital\/","url":"https:\/\/4tuneagencia.digital\/blog\/meta-pode-ser-obrigada-a-vender-a-giphy-entenda-olhar-digital\/","name":"Meta pode ser obrigada a vender a Giphy; entenda - Olhar Digital - 4tuneagencia.digital","isPartOf":{"@id":"https:\/\/4tuneagencia.digital\/blog\/#website"},"primaryImageOfPage":{"@id":"https:\/\/4tuneagencia.digital\/blog\/meta-pode-ser-obrigada-a-vender-a-giphy-entenda-olhar-digital\/#primaryimage"},"image":{"@id":"https:\/\/4tuneagencia.digital\/blog\/meta-pode-ser-obrigada-a-vender-a-giphy-entenda-olhar-digital\/#primaryimage"},"thumbnailUrl":"https:\/\/4tuneagencia.digital\/blog\/wp-content\/uploads\/2024\/01\/wp-header-logo-361.png","datePublished":"2024-01-28T09:05:30+00:00","dateModified":"2024-01-28T09:05:30+00:00","breadcrumb":{"@id":"https:\/\/4tuneagencia.digital\/blog\/meta-pode-ser-obrigada-a-vender-a-giphy-entenda-olhar-digital\/#breadcrumb"},"inLanguage":"pt-BR","potentialAction":[{"@type":"ReadAction","target":["https:\/\/4tuneagencia.digital\/blog\/meta-pode-ser-obrigada-a-vender-a-giphy-entenda-olhar-digital\/"]}]},{"@type":"ImageObject","inLanguage":"pt-BR","@id":"https:\/\/4tuneagencia.digital\/blog\/meta-pode-ser-obrigada-a-vender-a-giphy-entenda-olhar-digital\/#primaryimage","url":"https:\/\/4tuneagencia.digital\/blog\/wp-content\/uploads\/2024\/01\/wp-header-logo-361.png","contentUrl":"https:\/\/4tuneagencia.digital\/blog\/wp-content\/uploads\/2024\/01\/wp-header-logo-361.png","width":1000,"height":667},{"@type":"BreadcrumbList","@id":"https:\/\/4tuneagencia.digital\/blog\/meta-pode-ser-obrigada-a-vender-a-giphy-entenda-olhar-digital\/#breadcrumb","itemListElement":[{"@type":"ListItem","position":1,"name":"In\u00edcio","item":"https:\/\/4tuneagencia.digital\/blog\/"},{"@type":"ListItem","position":2,"name":"Meta pode ser obrigada a vender a Giphy; entenda &#8211; Olhar Digital"}]},{"@type":"WebSite","@id":"https:\/\/4tuneagencia.digital\/blog\/#website","url":"https:\/\/4tuneagencia.digital\/blog\/","name":"4tuneagencia.digital","description":"Marketing e Web Designer ","publisher":{"@id":"https:\/\/4tuneagencia.digital\/blog\/#organization"},"potentialAction":[{"@type":"SearchAction","target":{"@type":"EntryPoint","urlTemplate":"https:\/\/4tuneagencia.digital\/blog\/?s={search_term_string}"},"query-input":"required name=search_term_string"}],"inLanguage":"pt-BR"},{"@type":"Organization","@id":"https:\/\/4tuneagencia.digital\/blog\/#organization","name":"4tuneagencia.digital","url":"https:\/\/4tuneagencia.digital\/blog\/","logo":{"@type":"ImageObject","inLanguage":"pt-BR","@id":"https:\/\/4tuneagencia.digital\/blog\/#\/schema\/logo\/image\/","url":"https:\/\/4tuneagencia.digital\/blog\/wp-content\/uploads\/2023\/09\/novo-logo-e1694954525541.png","contentUrl":"https:\/\/4tuneagencia.digital\/blog\/wp-content\/uploads\/2023\/09\/novo-logo-e1694954525541.png","width":250,"height":250,"caption":"4tuneagencia.digital"},"image":{"@id":"https:\/\/4tuneagencia.digital\/blog\/#\/schema\/logo\/image\/"}},{"@type":"Person","@id":"https:\/\/4tuneagencia.digital\/blog\/#\/schema\/person\/7c40d2e8b9964c2390122613459c2100","name":"4tune","image":{"@type":"ImageObject","inLanguage":"pt-BR","@id":"https:\/\/4tuneagencia.digital\/blog\/#\/schema\/person\/image\/","url":"https:\/\/secure.gravatar.com\/avatar\/e81e8ea0176022ee4555117aee5e3092bff2a7aaa930134f8023c7d4bc2f1495?s=96&d=mm&r=g","contentUrl":"https:\/\/secure.gravatar.com\/avatar\/e81e8ea0176022ee4555117aee5e3092bff2a7aaa930134f8023c7d4bc2f1495?s=96&d=mm&r=g","caption":"4tune"},"sameAs":["http:\/\/4tuneagencia.digital"],"url":"https:\/\/4tuneagencia.digital\/blog\/author\/admin\/"}]}},"jetpack_featured_media_url":"https:\/\/4tuneagencia.digital\/blog\/wp-content\/uploads\/2024\/01\/wp-header-logo-361.png","_links":{"self":[{"href":"https:\/\/4tuneagencia.digital\/blog\/wp-json\/wp\/v2\/posts\/11686","targetHints":{"allow":["GET"]}}],"collection":[{"href":"https:\/\/4tuneagencia.digital\/blog\/wp-json\/wp\/v2\/posts"}],"about":[{"href":"https:\/\/4tuneagencia.digital\/blog\/wp-json\/wp\/v2\/types\/post"}],"author":[{"embeddable":true,"href":"https:\/\/4tuneagencia.digital\/blog\/wp-json\/wp\/v2\/users\/1"}],"replies":[{"embeddable":true,"href":"https:\/\/4tuneagencia.digital\/blog\/wp-json\/wp\/v2\/comments?post=11686"}],"version-history":[{"count":0,"href":"https:\/\/4tuneagencia.digital\/blog\/wp-json\/wp\/v2\/posts\/11686\/revisions"}],"wp:featuredmedia":[{"embeddable":true,"href":"https:\/\/4tuneagencia.digital\/blog\/wp-json\/wp\/v2\/media\/11687"}],"wp:attachment":[{"href":"https:\/\/4tuneagencia.digital\/blog\/wp-json\/wp\/v2\/media?parent=11686"}],"wp:term":[{"taxonomy":"category","embeddable":true,"href":"https:\/\/4tuneagencia.digital\/blog\/wp-json\/wp\/v2\/categories?post=11686"},{"taxonomy":"post_tag","embeddable":true,"href":"https:\/\/4tuneagencia.digital\/blog\/wp-json\/wp\/v2\/tags?post=11686"}],"curies":[{"name":"wp","href":"https:\/\/api.w.org\/{rel}","templated":true}]}}