{"id":11971,"date":"2024-02-08T04:34:53","date_gmt":"2024-02-08T07:34:53","guid":{"rendered":"https:\/\/4tuneagencia.digital\/blog\/mensagens-no-whatsapp-messenger-e-instagram-vao-mudar-europa-esta-de-olho-dn-insider\/"},"modified":"2024-02-08T04:34:53","modified_gmt":"2024-02-08T07:34:53","slug":"mensagens-no-whatsapp-messenger-e-instagram-vao-mudar-europa-esta-de-olho-dn-insider","status":"publish","type":"post","link":"https:\/\/4tuneagencia.digital\/blog\/mensagens-no-whatsapp-messenger-e-instagram-vao-mudar-europa-esta-de-olho-dn-insider\/","title":{"rendered":"Mensagens no WhatsApp, Messenger e Instagram v\u00e3o mudar? Europa est\u00e1 de olho &#8211; DN Insider"},"content":{"rendered":"<p>N\u00e3o \u00e9 propriamente uma surpresa. O Facebook, como a rede social com mais utilizadores do planeta (2,2 mil milh\u00f5es), tem perdido popularidade junto dos jovens e tem procurado, nos \u00faltimos meses, uma liga\u00e7\u00e3o mais direta entre Instagram o pr\u00f3prio Facebook. Essa ser\u00e1 uma das formas que Mark Zuckerberg encontrou para tentar aliciar os utilizadores do Instagram para o Facebook, j\u00e1 que \u00e9 cada vez mais f\u00e1cil (as sugest\u00f5es t\u00eam sido constantes), partilhar no Facebook o que coloc\u00e1mos no Instagram.<br \/>Estas altera\u00e7\u00f5es para dar for\u00e7a ao Facebook (especialmente nas Stories) intensificaram-se por volta da mesma altura em que os <a href=\"https:\/\/insider.dn.pt\/em-rede\/fundadores-do-instagram-batem-porta-abandonam-rede-social\/\" target=\"_blank\" rel=\"noopener noreferrer\">fundadores do Instagram sa\u00edram da empresa<\/a>, em desacordo com a pol\u00edtica mais recente de Zuckerberg relativamente \u00e0 rede social de fotografias que criaram. O Facebook \u00e9 dono do Instagram (criada em 2010 e desde 2012 que pertence \u00e0 rede social de Mark Zuckerberg) e do WhatsApp (lan\u00e7ado em 2009\u00a0 e desde 2014 uma subsidi\u00e1ria do Faceboook) e, desde o in\u00edcio, tem mantido uma postura de manter as marcas independentes.<br \/>Mas \u00e9 isso que parece estar a mudar. O New York Times deixou o aviso h\u00e1 uns dias:\u00a0Mark Zuckerberg quer integrar os servi\u00e7os de mensagens do WhatsApp, Instagram e Facebook Messenger. Embora os servi\u00e7os continuem com apps distintas, a infraestrutura t\u00e9cnica pode, assim, ser unificado, o que colocaria este trio conjunto de servi\u00e7os de mensagens instant\u00e2neas um gigante com 2,6 mil milh\u00f5es de utilizadores &#8211; permitindo que as pessoas comuniquem pela primeira vez entre plataformas, sem mudar de app.<br \/>Face \u00e0s recentes pol\u00e9micas em torno da privacidade no Facebook (a mais recente envolve uma <a href=\"https:\/\/insider.dn.pt\/noticias\/facebook-estaria-a-pagar-a-jovens-para-ter-acesso-a-mais-dados\/\" target=\"_blank\" rel=\"noopener noreferrer\">app que pagava a jovens<\/a> para ter acesso aos seus dados, j\u00e1 expulsa do iOS), a not\u00edcia foi recebida com algumas cr\u00edticas. Entretanto, Zuckerberg explicou esta quarta-feira, durante a apresenta\u00e7\u00e3o de resultados da empresa (com <a href=\"https:\/\/insider.dn.pt\/noticias\/problemas-no-facebook-resultados-apontam-na-direcao-oposta\/\" target=\"_blank\" rel=\"noopener noreferrer\">boas not\u00edcias a n\u00edvel de receitas<\/a>), que ainda n\u00e3o h\u00e1 certezas sobre esta integra\u00e7\u00e3o, confirmando que h\u00e1 planos nesse sentido.<br \/>&#8220;H\u00e1 muito que ainda temos de perceber, antes de finalizarmos os planos. Isto vai ser um projeto de longo prazo, que acho que s\u00f3 ser\u00e1 algo para 2020 ou depois&#8221;, explicou o CEO do Facebook. Zuckerberg explicou ainda que, mais do que uma medida a pensar nos benef\u00edcios comerciais para a empresa, acontece\u00a0tamb\u00e9m devido a preocupa\u00e7\u00f5es com a encripta\u00e7\u00e3o de dados. &#8220;Queremos uma encripta\u00e7\u00e3o por defeito nos nossos produtos de mensagens&#8221;, explicou o respons\u00e1vel que tamb\u00e9m v\u00ea vantagens para os utilizadores na integra\u00e7\u00e3o dos servi\u00e7os de mensagens instant\u00e2neas.<br \/>A Comiss\u00e3o de Prote\u00e7\u00e3o de Dados Irlandesa tem uma vis\u00e3o um pouco diferente e alertou na segunda-feira o Facebook para que quaisquer poss\u00edveis mudan\u00e7as que possam estar a ser planeadas devem ser comunicadas. A institui\u00e7\u00e3o que regula a opera\u00e7\u00e3o do Facebook na Uni\u00e3o Europeia pediu mesmo &#8220;um briefing urgente&#8221;. A tal comiss\u00e3o\u00a0pede\u00a0garantias pr\u00e9vias \u00e0 empresa, j\u00e1 que a medida por ter implica\u00e7\u00f5es no\u00a0\u00e2mbito do\u00a0novo RGPD (Regulamento Geral de Prote\u00e7\u00e3o de Dados).<br \/>Dentro das cr\u00edticas, algumas de senadores norte-americanos, s\u00e3o levantadas quest\u00f5es que podem comprometer a competitividade e a privacidade.<\/p>\n<p>Global Media Group, 2020 \u00a9 Todos os Direitos Reservados<br \/>Subscreva a newsletter e receba todas as not\u00edcias de forma confort\u00e1vel.<br \/>Fundado a 29 de Dezembro de 1864<\/p>\n<p><a href=\"https:\/\/news.google.com\/rss\/articles\/CBMiTmh0dHBzOi8vaW5zaWRlci5kbi5wdC9lbS1yZWRlL3doYXRzYXBwLWluc3RhZ3JhbS1tZXNzZW5nZXItbXVkYXItZXVyb3BhLzEzMDAxL9IBUmh0dHBzOi8vaW5zaWRlci5kbi5wdC9lbS1yZWRlL3doYXRzYXBwLWluc3RhZ3JhbS1tZXNzZW5nZXItbXVkYXItZXVyb3BhLzEzMDAxL2FtcC8?oc=5\">source<\/a><\/p>\n","protected":false},"excerpt":{"rendered":"<p>N\u00e3o \u00e9 propriamente uma surpresa. O Facebook, como a rede social com mais utilizadores do planeta (2,2 mil milh\u00f5es), tem perdido popularidade junto dos jovens e tem procurado, nos \u00faltimos meses, uma liga\u00e7\u00e3o mais direta entre Instagram o pr\u00f3prio Facebook. Essa ser\u00e1 uma das formas que Mark Zuckerberg encontrou para tentar aliciar os utilizadores do&#8230;<\/p>\n","protected":false},"author":1,"featured_media":11972,"comment_status":"open","ping_status":"open","sticky":false,"template":"","format":"standard","meta":{"footnotes":""},"categories":[1],"tags":[69],"class_list":["post-11971","post","type-post","status-publish","format-standard","has-post-thumbnail","hentry","category-tutoriais","tag-tutorial"],"yoast_head":"<!-- This site is optimized with the Yoast SEO Premium plugin v21.1 (Yoast SEO v22.7) - https:\/\/yoast.com\/wordpress\/plugins\/seo\/ -->\n<title>Mensagens no WhatsApp, Messenger e Instagram v\u00e3o mudar? Europa est\u00e1 de olho - DN Insider - 4tuneagencia.digital<\/title>\n<meta name=\"robots\" content=\"index, follow, max-snippet:-1, max-image-preview:large, max-video-preview:-1\" \/>\n<link rel=\"canonical\" href=\"https:\/\/4tuneagencia.digital\/blog\/mensagens-no-whatsapp-messenger-e-instagram-vao-mudar-europa-esta-de-olho-dn-insider\/\" \/>\n<meta property=\"og:locale\" content=\"pt_BR\" \/>\n<meta property=\"og:type\" content=\"article\" \/>\n<meta property=\"og:title\" content=\"Mensagens no WhatsApp, Messenger e Instagram v\u00e3o mudar? Europa est\u00e1 de olho - DN Insider\" \/>\n<meta property=\"og:description\" content=\"N\u00e3o \u00e9 propriamente uma surpresa. O Facebook, como a rede social com mais utilizadores do planeta (2,2 mil milh\u00f5es), tem perdido popularidade junto dos jovens e tem procurado, nos \u00faltimos meses, uma liga\u00e7\u00e3o mais direta entre Instagram o pr\u00f3prio Facebook. Essa ser\u00e1 uma das formas que Mark Zuckerberg encontrou para tentar aliciar os utilizadores do...\" \/>\n<meta property=\"og:url\" content=\"https:\/\/4tuneagencia.digital\/blog\/mensagens-no-whatsapp-messenger-e-instagram-vao-mudar-europa-esta-de-olho-dn-insider\/\" \/>\n<meta property=\"og:site_name\" content=\"4tuneagencia.digital\" \/>\n<meta property=\"article:published_time\" content=\"2024-02-08T07:34:53+00:00\" \/>\n<meta name=\"author\" content=\"4tune\" \/>\n<meta name=\"twitter:card\" content=\"summary_large_image\" \/>\n<meta name=\"twitter:label1\" content=\"Escrito por\" \/>\n\t<meta name=\"twitter:data1\" content=\"4tune\" \/>\n\t<meta name=\"twitter:label2\" content=\"Est. tempo de leitura\" \/>\n\t<meta name=\"twitter:data2\" content=\"3 minutos\" \/>\n<script type=\"application\/ld+json\" class=\"yoast-schema-graph\">{\"@context\":\"https:\/\/schema.org\",\"@graph\":[{\"@type\":\"Article\",\"@id\":\"https:\/\/4tuneagencia.digital\/blog\/mensagens-no-whatsapp-messenger-e-instagram-vao-mudar-europa-esta-de-olho-dn-insider\/#article\",\"isPartOf\":{\"@id\":\"https:\/\/4tuneagencia.digital\/blog\/mensagens-no-whatsapp-messenger-e-instagram-vao-mudar-europa-esta-de-olho-dn-insider\/\"},\"author\":{\"name\":\"4tune\",\"@id\":\"https:\/\/4tuneagencia.digital\/blog\/#\/schema\/person\/7c40d2e8b9964c2390122613459c2100\"},\"headline\":\"Mensagens no WhatsApp, Messenger e Instagram v\u00e3o mudar? Europa est\u00e1 de olho &#8211; DN Insider\",\"datePublished\":\"2024-02-08T07:34:53+00:00\",\"dateModified\":\"2024-02-08T07:34:53+00:00\",\"mainEntityOfPage\":{\"@id\":\"https:\/\/4tuneagencia.digital\/blog\/mensagens-no-whatsapp-messenger-e-instagram-vao-mudar-europa-esta-de-olho-dn-insider\/\"},\"wordCount\":579,\"commentCount\":0,\"publisher\":{\"@id\":\"https:\/\/4tuneagencia.digital\/blog\/#organization\"},\"image\":{\"@id\":\"https:\/\/4tuneagencia.digital\/blog\/mensagens-no-whatsapp-messenger-e-instagram-vao-mudar-europa-esta-de-olho-dn-insider\/#primaryimage\"},\"thumbnailUrl\":\"https:\/\/4tuneagencia.digital\/blog\/wp-content\/uploads\/2024\/02\/wp-header-logo-76.png\",\"keywords\":[\"Tutorial\"],\"articleSection\":[\"Tutoriais\"],\"inLanguage\":\"pt-BR\",\"potentialAction\":[{\"@type\":\"CommentAction\",\"name\":\"Comment\",\"target\":[\"https:\/\/4tuneagencia.digital\/blog\/mensagens-no-whatsapp-messenger-e-instagram-vao-mudar-europa-esta-de-olho-dn-insider\/#respond\"]}]},{\"@type\":\"WebPage\",\"@id\":\"https:\/\/4tuneagencia.digital\/blog\/mensagens-no-whatsapp-messenger-e-instagram-vao-mudar-europa-esta-de-olho-dn-insider\/\",\"url\":\"https:\/\/4tuneagencia.digital\/blog\/mensagens-no-whatsapp-messenger-e-instagram-vao-mudar-europa-esta-de-olho-dn-insider\/\",\"name\":\"Mensagens no WhatsApp, Messenger e Instagram v\u00e3o mudar? Europa est\u00e1 de olho - DN Insider - 4tuneagencia.digital\",\"isPartOf\":{\"@id\":\"https:\/\/4tuneagencia.digital\/blog\/#website\"},\"primaryImageOfPage\":{\"@id\":\"https:\/\/4tuneagencia.digital\/blog\/mensagens-no-whatsapp-messenger-e-instagram-vao-mudar-europa-esta-de-olho-dn-insider\/#primaryimage\"},\"image\":{\"@id\":\"https:\/\/4tuneagencia.digital\/blog\/mensagens-no-whatsapp-messenger-e-instagram-vao-mudar-europa-esta-de-olho-dn-insider\/#primaryimage\"},\"thumbnailUrl\":\"https:\/\/4tuneagencia.digital\/blog\/wp-content\/uploads\/2024\/02\/wp-header-logo-76.png\",\"datePublished\":\"2024-02-08T07:34:53+00:00\",\"dateModified\":\"2024-02-08T07:34:53+00:00\",\"breadcrumb\":{\"@id\":\"https:\/\/4tuneagencia.digital\/blog\/mensagens-no-whatsapp-messenger-e-instagram-vao-mudar-europa-esta-de-olho-dn-insider\/#breadcrumb\"},\"inLanguage\":\"pt-BR\",\"potentialAction\":[{\"@type\":\"ReadAction\",\"target\":[\"https:\/\/4tuneagencia.digital\/blog\/mensagens-no-whatsapp-messenger-e-instagram-vao-mudar-europa-esta-de-olho-dn-insider\/\"]}]},{\"@type\":\"ImageObject\",\"inLanguage\":\"pt-BR\",\"@id\":\"https:\/\/4tuneagencia.digital\/blog\/mensagens-no-whatsapp-messenger-e-instagram-vao-mudar-europa-esta-de-olho-dn-insider\/#primaryimage\",\"url\":\"https:\/\/4tuneagencia.digital\/blog\/wp-content\/uploads\/2024\/02\/wp-header-logo-76.png\",\"contentUrl\":\"https:\/\/4tuneagencia.digital\/blog\/wp-content\/uploads\/2024\/02\/wp-header-logo-76.png\",\"width\":1060,\"height\":594},{\"@type\":\"BreadcrumbList\",\"@id\":\"https:\/\/4tuneagencia.digital\/blog\/mensagens-no-whatsapp-messenger-e-instagram-vao-mudar-europa-esta-de-olho-dn-insider\/#breadcrumb\",\"itemListElement\":[{\"@type\":\"ListItem\",\"position\":1,\"name\":\"In\u00edcio\",\"item\":\"https:\/\/4tuneagencia.digital\/blog\/\"},{\"@type\":\"ListItem\",\"position\":2,\"name\":\"Mensagens no WhatsApp, Messenger e Instagram v\u00e3o mudar? Europa est\u00e1 de olho &#8211; DN Insider\"}]},{\"@type\":\"WebSite\",\"@id\":\"https:\/\/4tuneagencia.digital\/blog\/#website\",\"url\":\"https:\/\/4tuneagencia.digital\/blog\/\",\"name\":\"4tuneagencia.digital\",\"description\":\"Marketing e Web Designer \",\"publisher\":{\"@id\":\"https:\/\/4tuneagencia.digital\/blog\/#organization\"},\"potentialAction\":[{\"@type\":\"SearchAction\",\"target\":{\"@type\":\"EntryPoint\",\"urlTemplate\":\"https:\/\/4tuneagencia.digital\/blog\/?s={search_term_string}\"},\"query-input\":\"required name=search_term_string\"}],\"inLanguage\":\"pt-BR\"},{\"@type\":\"Organization\",\"@id\":\"https:\/\/4tuneagencia.digital\/blog\/#organization\",\"name\":\"4tuneagencia.digital\",\"url\":\"https:\/\/4tuneagencia.digital\/blog\/\",\"logo\":{\"@type\":\"ImageObject\",\"inLanguage\":\"pt-BR\",\"@id\":\"https:\/\/4tuneagencia.digital\/blog\/#\/schema\/logo\/image\/\",\"url\":\"https:\/\/4tuneagencia.digital\/blog\/wp-content\/uploads\/2023\/09\/novo-logo-e1694954525541.png\",\"contentUrl\":\"https:\/\/4tuneagencia.digital\/blog\/wp-content\/uploads\/2023\/09\/novo-logo-e1694954525541.png\",\"width\":250,\"height\":250,\"caption\":\"4tuneagencia.digital\"},\"image\":{\"@id\":\"https:\/\/4tuneagencia.digital\/blog\/#\/schema\/logo\/image\/\"}},{\"@type\":\"Person\",\"@id\":\"https:\/\/4tuneagencia.digital\/blog\/#\/schema\/person\/7c40d2e8b9964c2390122613459c2100\",\"name\":\"4tune\",\"image\":{\"@type\":\"ImageObject\",\"inLanguage\":\"pt-BR\",\"@id\":\"https:\/\/4tuneagencia.digital\/blog\/#\/schema\/person\/image\/\",\"url\":\"https:\/\/secure.gravatar.com\/avatar\/e81e8ea0176022ee4555117aee5e3092bff2a7aaa930134f8023c7d4bc2f1495?s=96&d=mm&r=g\",\"contentUrl\":\"https:\/\/secure.gravatar.com\/avatar\/e81e8ea0176022ee4555117aee5e3092bff2a7aaa930134f8023c7d4bc2f1495?s=96&d=mm&r=g\",\"caption\":\"4tune\"},\"sameAs\":[\"http:\/\/4tuneagencia.digital\"],\"url\":\"https:\/\/4tuneagencia.digital\/blog\/author\/admin\/\"}]}<\/script>\n<!-- \/ Yoast SEO Premium plugin. -->","yoast_head_json":{"title":"Mensagens no WhatsApp, Messenger e Instagram v\u00e3o mudar? Europa est\u00e1 de olho - DN Insider - 4tuneagencia.digital","robots":{"index":"index","follow":"follow","max-snippet":"max-snippet:-1","max-image-preview":"max-image-preview:large","max-video-preview":"max-video-preview:-1"},"canonical":"https:\/\/4tuneagencia.digital\/blog\/mensagens-no-whatsapp-messenger-e-instagram-vao-mudar-europa-esta-de-olho-dn-insider\/","og_locale":"pt_BR","og_type":"article","og_title":"Mensagens no WhatsApp, Messenger e Instagram v\u00e3o mudar? Europa est\u00e1 de olho - DN Insider","og_description":"N\u00e3o \u00e9 propriamente uma surpresa. O Facebook, como a rede social com mais utilizadores do planeta (2,2 mil milh\u00f5es), tem perdido popularidade junto dos jovens e tem procurado, nos \u00faltimos meses, uma liga\u00e7\u00e3o mais direta entre Instagram o pr\u00f3prio Facebook. Essa ser\u00e1 uma das formas que Mark Zuckerberg encontrou para tentar aliciar os utilizadores do...","og_url":"https:\/\/4tuneagencia.digital\/blog\/mensagens-no-whatsapp-messenger-e-instagram-vao-mudar-europa-esta-de-olho-dn-insider\/","og_site_name":"4tuneagencia.digital","article_published_time":"2024-02-08T07:34:53+00:00","author":"4tune","twitter_card":"summary_large_image","twitter_misc":{"Escrito por":"4tune","Est. tempo de leitura":"3 minutos"},"schema":{"@context":"https:\/\/schema.org","@graph":[{"@type":"Article","@id":"https:\/\/4tuneagencia.digital\/blog\/mensagens-no-whatsapp-messenger-e-instagram-vao-mudar-europa-esta-de-olho-dn-insider\/#article","isPartOf":{"@id":"https:\/\/4tuneagencia.digital\/blog\/mensagens-no-whatsapp-messenger-e-instagram-vao-mudar-europa-esta-de-olho-dn-insider\/"},"author":{"name":"4tune","@id":"https:\/\/4tuneagencia.digital\/blog\/#\/schema\/person\/7c40d2e8b9964c2390122613459c2100"},"headline":"Mensagens no WhatsApp, Messenger e Instagram v\u00e3o mudar? Europa est\u00e1 de olho &#8211; DN Insider","datePublished":"2024-02-08T07:34:53+00:00","dateModified":"2024-02-08T07:34:53+00:00","mainEntityOfPage":{"@id":"https:\/\/4tuneagencia.digital\/blog\/mensagens-no-whatsapp-messenger-e-instagram-vao-mudar-europa-esta-de-olho-dn-insider\/"},"wordCount":579,"commentCount":0,"publisher":{"@id":"https:\/\/4tuneagencia.digital\/blog\/#organization"},"image":{"@id":"https:\/\/4tuneagencia.digital\/blog\/mensagens-no-whatsapp-messenger-e-instagram-vao-mudar-europa-esta-de-olho-dn-insider\/#primaryimage"},"thumbnailUrl":"https:\/\/4tuneagencia.digital\/blog\/wp-content\/uploads\/2024\/02\/wp-header-logo-76.png","keywords":["Tutorial"],"articleSection":["Tutoriais"],"inLanguage":"pt-BR","potentialAction":[{"@type":"CommentAction","name":"Comment","target":["https:\/\/4tuneagencia.digital\/blog\/mensagens-no-whatsapp-messenger-e-instagram-vao-mudar-europa-esta-de-olho-dn-insider\/#respond"]}]},{"@type":"WebPage","@id":"https:\/\/4tuneagencia.digital\/blog\/mensagens-no-whatsapp-messenger-e-instagram-vao-mudar-europa-esta-de-olho-dn-insider\/","url":"https:\/\/4tuneagencia.digital\/blog\/mensagens-no-whatsapp-messenger-e-instagram-vao-mudar-europa-esta-de-olho-dn-insider\/","name":"Mensagens no WhatsApp, Messenger e Instagram v\u00e3o mudar? Europa est\u00e1 de olho - DN Insider - 4tuneagencia.digital","isPartOf":{"@id":"https:\/\/4tuneagencia.digital\/blog\/#website"},"primaryImageOfPage":{"@id":"https:\/\/4tuneagencia.digital\/blog\/mensagens-no-whatsapp-messenger-e-instagram-vao-mudar-europa-esta-de-olho-dn-insider\/#primaryimage"},"image":{"@id":"https:\/\/4tuneagencia.digital\/blog\/mensagens-no-whatsapp-messenger-e-instagram-vao-mudar-europa-esta-de-olho-dn-insider\/#primaryimage"},"thumbnailUrl":"https:\/\/4tuneagencia.digital\/blog\/wp-content\/uploads\/2024\/02\/wp-header-logo-76.png","datePublished":"2024-02-08T07:34:53+00:00","dateModified":"2024-02-08T07:34:53+00:00","breadcrumb":{"@id":"https:\/\/4tuneagencia.digital\/blog\/mensagens-no-whatsapp-messenger-e-instagram-vao-mudar-europa-esta-de-olho-dn-insider\/#breadcrumb"},"inLanguage":"pt-BR","potentialAction":[{"@type":"ReadAction","target":["https:\/\/4tuneagencia.digital\/blog\/mensagens-no-whatsapp-messenger-e-instagram-vao-mudar-europa-esta-de-olho-dn-insider\/"]}]},{"@type":"ImageObject","inLanguage":"pt-BR","@id":"https:\/\/4tuneagencia.digital\/blog\/mensagens-no-whatsapp-messenger-e-instagram-vao-mudar-europa-esta-de-olho-dn-insider\/#primaryimage","url":"https:\/\/4tuneagencia.digital\/blog\/wp-content\/uploads\/2024\/02\/wp-header-logo-76.png","contentUrl":"https:\/\/4tuneagencia.digital\/blog\/wp-content\/uploads\/2024\/02\/wp-header-logo-76.png","width":1060,"height":594},{"@type":"BreadcrumbList","@id":"https:\/\/4tuneagencia.digital\/blog\/mensagens-no-whatsapp-messenger-e-instagram-vao-mudar-europa-esta-de-olho-dn-insider\/#breadcrumb","itemListElement":[{"@type":"ListItem","position":1,"name":"In\u00edcio","item":"https:\/\/4tuneagencia.digital\/blog\/"},{"@type":"ListItem","position":2,"name":"Mensagens no WhatsApp, Messenger e Instagram v\u00e3o mudar? Europa est\u00e1 de olho &#8211; DN Insider"}]},{"@type":"WebSite","@id":"https:\/\/4tuneagencia.digital\/blog\/#website","url":"https:\/\/4tuneagencia.digital\/blog\/","name":"4tuneagencia.digital","description":"Marketing e Web Designer ","publisher":{"@id":"https:\/\/4tuneagencia.digital\/blog\/#organization"},"potentialAction":[{"@type":"SearchAction","target":{"@type":"EntryPoint","urlTemplate":"https:\/\/4tuneagencia.digital\/blog\/?s={search_term_string}"},"query-input":"required name=search_term_string"}],"inLanguage":"pt-BR"},{"@type":"Organization","@id":"https:\/\/4tuneagencia.digital\/blog\/#organization","name":"4tuneagencia.digital","url":"https:\/\/4tuneagencia.digital\/blog\/","logo":{"@type":"ImageObject","inLanguage":"pt-BR","@id":"https:\/\/4tuneagencia.digital\/blog\/#\/schema\/logo\/image\/","url":"https:\/\/4tuneagencia.digital\/blog\/wp-content\/uploads\/2023\/09\/novo-logo-e1694954525541.png","contentUrl":"https:\/\/4tuneagencia.digital\/blog\/wp-content\/uploads\/2023\/09\/novo-logo-e1694954525541.png","width":250,"height":250,"caption":"4tuneagencia.digital"},"image":{"@id":"https:\/\/4tuneagencia.digital\/blog\/#\/schema\/logo\/image\/"}},{"@type":"Person","@id":"https:\/\/4tuneagencia.digital\/blog\/#\/schema\/person\/7c40d2e8b9964c2390122613459c2100","name":"4tune","image":{"@type":"ImageObject","inLanguage":"pt-BR","@id":"https:\/\/4tuneagencia.digital\/blog\/#\/schema\/person\/image\/","url":"https:\/\/secure.gravatar.com\/avatar\/e81e8ea0176022ee4555117aee5e3092bff2a7aaa930134f8023c7d4bc2f1495?s=96&d=mm&r=g","contentUrl":"https:\/\/secure.gravatar.com\/avatar\/e81e8ea0176022ee4555117aee5e3092bff2a7aaa930134f8023c7d4bc2f1495?s=96&d=mm&r=g","caption":"4tune"},"sameAs":["http:\/\/4tuneagencia.digital"],"url":"https:\/\/4tuneagencia.digital\/blog\/author\/admin\/"}]}},"jetpack_featured_media_url":"https:\/\/4tuneagencia.digital\/blog\/wp-content\/uploads\/2024\/02\/wp-header-logo-76.png","_links":{"self":[{"href":"https:\/\/4tuneagencia.digital\/blog\/wp-json\/wp\/v2\/posts\/11971","targetHints":{"allow":["GET"]}}],"collection":[{"href":"https:\/\/4tuneagencia.digital\/blog\/wp-json\/wp\/v2\/posts"}],"about":[{"href":"https:\/\/4tuneagencia.digital\/blog\/wp-json\/wp\/v2\/types\/post"}],"author":[{"embeddable":true,"href":"https:\/\/4tuneagencia.digital\/blog\/wp-json\/wp\/v2\/users\/1"}],"replies":[{"embeddable":true,"href":"https:\/\/4tuneagencia.digital\/blog\/wp-json\/wp\/v2\/comments?post=11971"}],"version-history":[{"count":0,"href":"https:\/\/4tuneagencia.digital\/blog\/wp-json\/wp\/v2\/posts\/11971\/revisions"}],"wp:featuredmedia":[{"embeddable":true,"href":"https:\/\/4tuneagencia.digital\/blog\/wp-json\/wp\/v2\/media\/11972"}],"wp:attachment":[{"href":"https:\/\/4tuneagencia.digital\/blog\/wp-json\/wp\/v2\/media?parent=11971"}],"wp:term":[{"taxonomy":"category","embeddable":true,"href":"https:\/\/4tuneagencia.digital\/blog\/wp-json\/wp\/v2\/categories?post=11971"},{"taxonomy":"post_tag","embeddable":true,"href":"https:\/\/4tuneagencia.digital\/blog\/wp-json\/wp\/v2\/tags?post=11971"}],"curies":[{"name":"wp","href":"https:\/\/api.w.org\/{rel}","templated":true}]}}