{"id":12357,"date":"2024-02-21T03:03:37","date_gmt":"2024-02-21T06:03:37","guid":{"rendered":"https:\/\/4tuneagencia.digital\/blog\/setor-de-marketing-digital-preve-crescimento-expressivo-em-2024-folha-vitoria\/"},"modified":"2024-02-21T03:03:37","modified_gmt":"2024-02-21T06:03:37","slug":"setor-de-marketing-digital-preve-crescimento-expressivo-em-2024-folha-vitoria","status":"publish","type":"post","link":"https:\/\/4tuneagencia.digital\/blog\/setor-de-marketing-digital-preve-crescimento-expressivo-em-2024-folha-vitoria\/","title":{"rendered":"Setor de marketing digital prev\u00ea crescimento expressivo em 2024 &#8211; Folha Vit\u00f3ria"},"content":{"rendered":"<p>O mercado de publicidade digital no Brasil atingiu uma marca impressionante, registrando um aumento not\u00e1vel de 11% no primeiro semestre de 2023, movimentando um montante total de R$ 16,4 bilh\u00f5es no \u00faltimo ano, conforme revelado pelo estudo <a rel=\"nofollow noopener\" target=\"_blank\" href=\"https:\/\/iabbrasil.com.br\/pesquisa-digital-adspend-2023-h1\/\">Digital AdSpend<\/a> realizado pela IAB Brasil.<br \/>Esse feito \u00e9 resultado de uma converg\u00eancia de inova\u00e7\u00f5es tecnol\u00f3gicas, mudan\u00e7as nas prefer\u00eancias do consumidor e uma abordagem renovada centrada no engajamento.<br \/>Diante desse cen\u00e1rio din\u00e2mico, empreendedores est\u00e3o atentos \u00e0s tend\u00eancias do marketing digital. O CEO da <a rel=\"nofollow noopener\" target=\"_blank\" href=\"https:\/\/www.agenciatupiniquim.com.br\/#inicio\">Ag\u00eancia de Marketing Digital Tupiniquim<\/a>, Rodrigo, enfatiza a necessidade de prepara\u00e7\u00e3o para esse novo panorama, alertando para armadilhas disfar\u00e7adas de facilidades.<br \/>Rodrigo destaca a import\u00e2ncia da intelig\u00eancia artificial (IA) enquanto adverte sobre sua aplica\u00e7\u00e3o pr\u00e1tica. &#8220;O profissional n\u00e3o pode considerar a resposta da IA como definitiva. Ao fazer isso, a empresa compromete seu diferencial e acaba com uma comunica\u00e7\u00e3o id\u00eantica \u00e0 do concorrente&#8221;, alerta o executivo.<br \/>Ainda segundo Digital AdSpend, 42% das empresas j\u00e1 est\u00e3o aproveitando o conte\u00fado gerado por IA, indicando que a incorpora\u00e7\u00e3o da IA no processo criativo ser\u00e1 uma tend\u00eancia a ser explorada em 2024.<br \/>A an\u00e1lise da<a rel=\"nofollow noopener\" target=\"_blank\" href=\"https:\/\/propmark.com.br\/kantar-apresenta-tendencias-e-previsoes-para-a-midia-em-2024\/\"> Kantar<\/a> sugere que 2024 ser\u00e1 um ano favor\u00e1vel para empresas que se posicionem claramente em quest\u00f5es sociais, mantendo consist\u00eancia com a identidade de suas marcas. Portanto, o foco das empresas deve estar na cria\u00e7\u00e3o de conte\u00fado relevante e confi\u00e1vel para se destacarem digitalmente e obterem melhores resultados.<br \/>Esse dado revelador ressalta n\u00e3o apenas a necessidade de excel\u00eancia nas intera\u00e7\u00f5es online, mas tamb\u00e9m o impacto direto que o atendimento humanizado tem nesse contexto. \u00c0 medida que os consumidores se tornam mais informados e exigentes, as empresas s\u00e3o instadas a repensar e aprimorar suas estrat\u00e9gias.<br \/>A pesquisa do VisualGPS, realizada pela <a rel=\"nofollow noopener\" target=\"_blank\" href=\"https:\/\/www.promoview.com.br\/blog\/redacao\/publicidade\/istock-principais-tendencias-marketing-2024.html\">iStock,<\/a> destaca que 98% dos consumidores concordam que imagens e v\u00eddeos aut\u00eanticos s\u00e3o fundamentais para construir confian\u00e7a. A previs\u00e3o \u00e9 de que as marcas intensifiquem seus investimentos em v\u00eddeos interativos, tutoriais e demonstra\u00e7\u00f5es de produtos.<br \/>Esse dado destaca n\u00e3o apenas a necessidade de excel\u00eancia nas intera\u00e7\u00f5es online, mas tamb\u00e9m o impacto direto que o atendimento humanizado tem. \u00c0 medida que os consumidores se tornam mais informados e exigentes, as empresas s\u00e3o instadas a repensar e aprimorar suas estrat\u00e9gias.<br \/>Investir na capacita\u00e7\u00e3o qualificada da equipe \u00e9 fundamental para manter o engajamento com as tend\u00eancias contempor\u00e2neas.\u00a0<br \/>Rodrigo, CEO da Tupiniquim, enfatiza a import\u00e2ncia desse compromisso: &#8220;Aqui na Tupiniquim, todos os analistas t\u00eam acesso a uma \u00e1rea exclusiva de treinamentos e certifica\u00e7\u00f5es. Entendemos que a busca pela melhoria cont\u00ednua \u00e9 parte integrante de nossos valores. Como resultado, cada colaborador dedica parte da carga hor\u00e1ria de trabalho para estudos e cursos.&#8221;<br \/>Neste cen\u00e1rio em constante evolu\u00e7\u00e3o, as marcas que compreendem a import\u00e2ncia de ir al\u00e9m do convencional, est\u00e3o na vanguarda. O marketing digital, ao se preparar para 2024, promete n\u00e3o apenas acompanhar o ritmo da mudan\u00e7a, mas liderar o caminho para uma conex\u00e3o digital mais profunda e significativa.<\/p>\n<p>       N\u00f3s utilizamos cookies e outras tecnologias semelhantes para melhorar a sua experi\u00eancia em nossos servi\u00e7os, personalizar publicidade e recomendar conte\u00fado de seu interesse.       Ao utilizar nossos servi\u00e7os, voc\u00ea concorda com tal monitoramento. <a href=\"https:\/\/assets.folhavitoria.com.br\/documents\/4d111420-497c-11ec-af2e-9bc7a5f4a2b5.pdf\" target=\"_blank\" rel=\"noopener\">Saiba mais sobre nossa Pol\u00edtica de Privacidade.<\/a>     <\/p>\n<p><a href=\"https:\/\/news.google.com\/rss\/articles\/CBMidWh0dHBzOi8vd3d3LmZvbGhhdml0b3JpYS5jb20uYnIvZ2VyYWwvbm90aWNpYS8wMS8yMDI0L3NldG9yLWRlLW1hcmtldGluZy1kaWdpdGFsLXByZXZlLWNyZXNjaW1lbnRvLWV4cHJlc3Npdm8tZW0tMjAyNNIBdWh0dHBzOi8vYW1wLmZvbGhhdml0b3JpYS5jb20uYnIvZ2VyYWwvbm90aWNpYS8wMS8yMDI0L3NldG9yLWRlLW1hcmtldGluZy1kaWdpdGFsLXByZXZlLWNyZXNjaW1lbnRvLWV4cHJlc3Npdm8tZW0tMjAyNA?oc=5\">source<\/a><\/p>\n","protected":false},"excerpt":{"rendered":"<p>O mercado de publicidade digital no Brasil atingiu uma marca impressionante, registrando um aumento not\u00e1vel de 11% no primeiro semestre de 2023, movimentando um montante total de R$ 16,4 bilh\u00f5es no \u00faltimo ano, conforme revelado pelo estudo Digital AdSpend realizado pela IAB Brasil.Esse feito \u00e9 resultado de uma converg\u00eancia de inova\u00e7\u00f5es tecnol\u00f3gicas, mudan\u00e7as nas prefer\u00eancias&#8230;<\/p>\n","protected":false},"author":1,"featured_media":12358,"comment_status":"open","ping_status":"open","sticky":false,"template":"","format":"standard","meta":{"footnotes":""},"categories":[32],"tags":[36],"class_list":["post-12357","post","type-post","status-publish","format-standard","has-post-thumbnail","hentry","category-marketing","tag-marketing"],"yoast_head":"<!-- This site is optimized with the Yoast SEO Premium plugin v21.1 (Yoast SEO v22.7) - https:\/\/yoast.com\/wordpress\/plugins\/seo\/ -->\n<title>Setor de marketing digital prev\u00ea crescimento expressivo em 2024 - Folha Vit\u00f3ria - 4tuneagencia.digital<\/title>\n<meta name=\"robots\" content=\"index, follow, max-snippet:-1, max-image-preview:large, max-video-preview:-1\" \/>\n<link rel=\"canonical\" href=\"https:\/\/4tuneagencia.digital\/blog\/setor-de-marketing-digital-preve-crescimento-expressivo-em-2024-folha-vitoria\/\" \/>\n<meta property=\"og:locale\" content=\"pt_BR\" \/>\n<meta property=\"og:type\" content=\"article\" \/>\n<meta property=\"og:title\" content=\"Setor de marketing digital prev\u00ea crescimento expressivo em 2024 - Folha Vit\u00f3ria\" \/>\n<meta property=\"og:description\" content=\"O mercado de publicidade digital no Brasil atingiu uma marca impressionante, registrando um aumento not\u00e1vel de 11% no primeiro semestre de 2023, movimentando um montante total de R$ 16,4 bilh\u00f5es no \u00faltimo ano, conforme revelado pelo estudo Digital AdSpend realizado pela IAB Brasil.Esse feito \u00e9 resultado de uma converg\u00eancia de inova\u00e7\u00f5es tecnol\u00f3gicas, mudan\u00e7as nas prefer\u00eancias...\" \/>\n<meta property=\"og:url\" content=\"https:\/\/4tuneagencia.digital\/blog\/setor-de-marketing-digital-preve-crescimento-expressivo-em-2024-folha-vitoria\/\" \/>\n<meta property=\"og:site_name\" content=\"4tuneagencia.digital\" \/>\n<meta property=\"article:published_time\" content=\"2024-02-21T06:03:37+00:00\" \/>\n<meta name=\"author\" content=\"4tune\" \/>\n<meta name=\"twitter:card\" content=\"summary_large_image\" \/>\n<meta name=\"twitter:label1\" content=\"Escrito por\" \/>\n\t<meta name=\"twitter:data1\" content=\"4tune\" \/>\n\t<meta name=\"twitter:label2\" content=\"Est. tempo de leitura\" \/>\n\t<meta name=\"twitter:data2\" content=\"3 minutos\" \/>\n<script type=\"application\/ld+json\" class=\"yoast-schema-graph\">{\"@context\":\"https:\/\/schema.org\",\"@graph\":[{\"@type\":\"Article\",\"@id\":\"https:\/\/4tuneagencia.digital\/blog\/setor-de-marketing-digital-preve-crescimento-expressivo-em-2024-folha-vitoria\/#article\",\"isPartOf\":{\"@id\":\"https:\/\/4tuneagencia.digital\/blog\/setor-de-marketing-digital-preve-crescimento-expressivo-em-2024-folha-vitoria\/\"},\"author\":{\"name\":\"4tune\",\"@id\":\"https:\/\/4tuneagencia.digital\/blog\/#\/schema\/person\/7c40d2e8b9964c2390122613459c2100\"},\"headline\":\"Setor de marketing digital prev\u00ea crescimento expressivo em 2024 &#8211; Folha Vit\u00f3ria\",\"datePublished\":\"2024-02-21T06:03:37+00:00\",\"dateModified\":\"2024-02-21T06:03:37+00:00\",\"mainEntityOfPage\":{\"@id\":\"https:\/\/4tuneagencia.digital\/blog\/setor-de-marketing-digital-preve-crescimento-expressivo-em-2024-folha-vitoria\/\"},\"wordCount\":584,\"commentCount\":0,\"publisher\":{\"@id\":\"https:\/\/4tuneagencia.digital\/blog\/#organization\"},\"image\":{\"@id\":\"https:\/\/4tuneagencia.digital\/blog\/setor-de-marketing-digital-preve-crescimento-expressivo-em-2024-folha-vitoria\/#primaryimage\"},\"thumbnailUrl\":\"https:\/\/4tuneagencia.digital\/blog\/wp-content\/uploads\/2024\/02\/wp-header-logo-265.png\",\"keywords\":[\"Marketing\"],\"articleSection\":[\"Marketing\"],\"inLanguage\":\"pt-BR\",\"potentialAction\":[{\"@type\":\"CommentAction\",\"name\":\"Comment\",\"target\":[\"https:\/\/4tuneagencia.digital\/blog\/setor-de-marketing-digital-preve-crescimento-expressivo-em-2024-folha-vitoria\/#respond\"]}]},{\"@type\":\"WebPage\",\"@id\":\"https:\/\/4tuneagencia.digital\/blog\/setor-de-marketing-digital-preve-crescimento-expressivo-em-2024-folha-vitoria\/\",\"url\":\"https:\/\/4tuneagencia.digital\/blog\/setor-de-marketing-digital-preve-crescimento-expressivo-em-2024-folha-vitoria\/\",\"name\":\"Setor de marketing digital prev\u00ea crescimento expressivo em 2024 - Folha Vit\u00f3ria - 4tuneagencia.digital\",\"isPartOf\":{\"@id\":\"https:\/\/4tuneagencia.digital\/blog\/#website\"},\"primaryImageOfPage\":{\"@id\":\"https:\/\/4tuneagencia.digital\/blog\/setor-de-marketing-digital-preve-crescimento-expressivo-em-2024-folha-vitoria\/#primaryimage\"},\"image\":{\"@id\":\"https:\/\/4tuneagencia.digital\/blog\/setor-de-marketing-digital-preve-crescimento-expressivo-em-2024-folha-vitoria\/#primaryimage\"},\"thumbnailUrl\":\"https:\/\/4tuneagencia.digital\/blog\/wp-content\/uploads\/2024\/02\/wp-header-logo-265.png\",\"datePublished\":\"2024-02-21T06:03:37+00:00\",\"dateModified\":\"2024-02-21T06:03:37+00:00\",\"breadcrumb\":{\"@id\":\"https:\/\/4tuneagencia.digital\/blog\/setor-de-marketing-digital-preve-crescimento-expressivo-em-2024-folha-vitoria\/#breadcrumb\"},\"inLanguage\":\"pt-BR\",\"potentialAction\":[{\"@type\":\"ReadAction\",\"target\":[\"https:\/\/4tuneagencia.digital\/blog\/setor-de-marketing-digital-preve-crescimento-expressivo-em-2024-folha-vitoria\/\"]}]},{\"@type\":\"ImageObject\",\"inLanguage\":\"pt-BR\",\"@id\":\"https:\/\/4tuneagencia.digital\/blog\/setor-de-marketing-digital-preve-crescimento-expressivo-em-2024-folha-vitoria\/#primaryimage\",\"url\":\"https:\/\/4tuneagencia.digital\/blog\/wp-content\/uploads\/2024\/02\/wp-header-logo-265.png\",\"contentUrl\":\"https:\/\/4tuneagencia.digital\/blog\/wp-content\/uploads\/2024\/02\/wp-header-logo-265.png\",\"width\":1200,\"height\":862},{\"@type\":\"BreadcrumbList\",\"@id\":\"https:\/\/4tuneagencia.digital\/blog\/setor-de-marketing-digital-preve-crescimento-expressivo-em-2024-folha-vitoria\/#breadcrumb\",\"itemListElement\":[{\"@type\":\"ListItem\",\"position\":1,\"name\":\"In\u00edcio\",\"item\":\"https:\/\/4tuneagencia.digital\/blog\/\"},{\"@type\":\"ListItem\",\"position\":2,\"name\":\"Setor de marketing digital prev\u00ea crescimento expressivo em 2024 &#8211; Folha Vit\u00f3ria\"}]},{\"@type\":\"WebSite\",\"@id\":\"https:\/\/4tuneagencia.digital\/blog\/#website\",\"url\":\"https:\/\/4tuneagencia.digital\/blog\/\",\"name\":\"4tuneagencia.digital\",\"description\":\"Marketing e Web Designer \",\"publisher\":{\"@id\":\"https:\/\/4tuneagencia.digital\/blog\/#organization\"},\"potentialAction\":[{\"@type\":\"SearchAction\",\"target\":{\"@type\":\"EntryPoint\",\"urlTemplate\":\"https:\/\/4tuneagencia.digital\/blog\/?s={search_term_string}\"},\"query-input\":\"required name=search_term_string\"}],\"inLanguage\":\"pt-BR\"},{\"@type\":\"Organization\",\"@id\":\"https:\/\/4tuneagencia.digital\/blog\/#organization\",\"name\":\"4tuneagencia.digital\",\"url\":\"https:\/\/4tuneagencia.digital\/blog\/\",\"logo\":{\"@type\":\"ImageObject\",\"inLanguage\":\"pt-BR\",\"@id\":\"https:\/\/4tuneagencia.digital\/blog\/#\/schema\/logo\/image\/\",\"url\":\"https:\/\/4tuneagencia.digital\/blog\/wp-content\/uploads\/2023\/09\/novo-logo-e1694954525541.png\",\"contentUrl\":\"https:\/\/4tuneagencia.digital\/blog\/wp-content\/uploads\/2023\/09\/novo-logo-e1694954525541.png\",\"width\":250,\"height\":250,\"caption\":\"4tuneagencia.digital\"},\"image\":{\"@id\":\"https:\/\/4tuneagencia.digital\/blog\/#\/schema\/logo\/image\/\"}},{\"@type\":\"Person\",\"@id\":\"https:\/\/4tuneagencia.digital\/blog\/#\/schema\/person\/7c40d2e8b9964c2390122613459c2100\",\"name\":\"4tune\",\"image\":{\"@type\":\"ImageObject\",\"inLanguage\":\"pt-BR\",\"@id\":\"https:\/\/4tuneagencia.digital\/blog\/#\/schema\/person\/image\/\",\"url\":\"https:\/\/secure.gravatar.com\/avatar\/e81e8ea0176022ee4555117aee5e3092bff2a7aaa930134f8023c7d4bc2f1495?s=96&d=mm&r=g\",\"contentUrl\":\"https:\/\/secure.gravatar.com\/avatar\/e81e8ea0176022ee4555117aee5e3092bff2a7aaa930134f8023c7d4bc2f1495?s=96&d=mm&r=g\",\"caption\":\"4tune\"},\"sameAs\":[\"http:\/\/4tuneagencia.digital\"],\"url\":\"https:\/\/4tuneagencia.digital\/blog\/author\/admin\/\"}]}<\/script>\n<!-- \/ Yoast SEO Premium plugin. -->","yoast_head_json":{"title":"Setor de marketing digital prev\u00ea crescimento expressivo em 2024 - Folha Vit\u00f3ria - 4tuneagencia.digital","robots":{"index":"index","follow":"follow","max-snippet":"max-snippet:-1","max-image-preview":"max-image-preview:large","max-video-preview":"max-video-preview:-1"},"canonical":"https:\/\/4tuneagencia.digital\/blog\/setor-de-marketing-digital-preve-crescimento-expressivo-em-2024-folha-vitoria\/","og_locale":"pt_BR","og_type":"article","og_title":"Setor de marketing digital prev\u00ea crescimento expressivo em 2024 - Folha Vit\u00f3ria","og_description":"O mercado de publicidade digital no Brasil atingiu uma marca impressionante, registrando um aumento not\u00e1vel de 11% no primeiro semestre de 2023, movimentando um montante total de R$ 16,4 bilh\u00f5es no \u00faltimo ano, conforme revelado pelo estudo Digital AdSpend realizado pela IAB Brasil.Esse feito \u00e9 resultado de uma converg\u00eancia de inova\u00e7\u00f5es tecnol\u00f3gicas, mudan\u00e7as nas prefer\u00eancias...","og_url":"https:\/\/4tuneagencia.digital\/blog\/setor-de-marketing-digital-preve-crescimento-expressivo-em-2024-folha-vitoria\/","og_site_name":"4tuneagencia.digital","article_published_time":"2024-02-21T06:03:37+00:00","author":"4tune","twitter_card":"summary_large_image","twitter_misc":{"Escrito por":"4tune","Est. tempo de leitura":"3 minutos"},"schema":{"@context":"https:\/\/schema.org","@graph":[{"@type":"Article","@id":"https:\/\/4tuneagencia.digital\/blog\/setor-de-marketing-digital-preve-crescimento-expressivo-em-2024-folha-vitoria\/#article","isPartOf":{"@id":"https:\/\/4tuneagencia.digital\/blog\/setor-de-marketing-digital-preve-crescimento-expressivo-em-2024-folha-vitoria\/"},"author":{"name":"4tune","@id":"https:\/\/4tuneagencia.digital\/blog\/#\/schema\/person\/7c40d2e8b9964c2390122613459c2100"},"headline":"Setor de marketing digital prev\u00ea crescimento expressivo em 2024 &#8211; Folha Vit\u00f3ria","datePublished":"2024-02-21T06:03:37+00:00","dateModified":"2024-02-21T06:03:37+00:00","mainEntityOfPage":{"@id":"https:\/\/4tuneagencia.digital\/blog\/setor-de-marketing-digital-preve-crescimento-expressivo-em-2024-folha-vitoria\/"},"wordCount":584,"commentCount":0,"publisher":{"@id":"https:\/\/4tuneagencia.digital\/blog\/#organization"},"image":{"@id":"https:\/\/4tuneagencia.digital\/blog\/setor-de-marketing-digital-preve-crescimento-expressivo-em-2024-folha-vitoria\/#primaryimage"},"thumbnailUrl":"https:\/\/4tuneagencia.digital\/blog\/wp-content\/uploads\/2024\/02\/wp-header-logo-265.png","keywords":["Marketing"],"articleSection":["Marketing"],"inLanguage":"pt-BR","potentialAction":[{"@type":"CommentAction","name":"Comment","target":["https:\/\/4tuneagencia.digital\/blog\/setor-de-marketing-digital-preve-crescimento-expressivo-em-2024-folha-vitoria\/#respond"]}]},{"@type":"WebPage","@id":"https:\/\/4tuneagencia.digital\/blog\/setor-de-marketing-digital-preve-crescimento-expressivo-em-2024-folha-vitoria\/","url":"https:\/\/4tuneagencia.digital\/blog\/setor-de-marketing-digital-preve-crescimento-expressivo-em-2024-folha-vitoria\/","name":"Setor de marketing digital prev\u00ea crescimento expressivo em 2024 - Folha Vit\u00f3ria - 4tuneagencia.digital","isPartOf":{"@id":"https:\/\/4tuneagencia.digital\/blog\/#website"},"primaryImageOfPage":{"@id":"https:\/\/4tuneagencia.digital\/blog\/setor-de-marketing-digital-preve-crescimento-expressivo-em-2024-folha-vitoria\/#primaryimage"},"image":{"@id":"https:\/\/4tuneagencia.digital\/blog\/setor-de-marketing-digital-preve-crescimento-expressivo-em-2024-folha-vitoria\/#primaryimage"},"thumbnailUrl":"https:\/\/4tuneagencia.digital\/blog\/wp-content\/uploads\/2024\/02\/wp-header-logo-265.png","datePublished":"2024-02-21T06:03:37+00:00","dateModified":"2024-02-21T06:03:37+00:00","breadcrumb":{"@id":"https:\/\/4tuneagencia.digital\/blog\/setor-de-marketing-digital-preve-crescimento-expressivo-em-2024-folha-vitoria\/#breadcrumb"},"inLanguage":"pt-BR","potentialAction":[{"@type":"ReadAction","target":["https:\/\/4tuneagencia.digital\/blog\/setor-de-marketing-digital-preve-crescimento-expressivo-em-2024-folha-vitoria\/"]}]},{"@type":"ImageObject","inLanguage":"pt-BR","@id":"https:\/\/4tuneagencia.digital\/blog\/setor-de-marketing-digital-preve-crescimento-expressivo-em-2024-folha-vitoria\/#primaryimage","url":"https:\/\/4tuneagencia.digital\/blog\/wp-content\/uploads\/2024\/02\/wp-header-logo-265.png","contentUrl":"https:\/\/4tuneagencia.digital\/blog\/wp-content\/uploads\/2024\/02\/wp-header-logo-265.png","width":1200,"height":862},{"@type":"BreadcrumbList","@id":"https:\/\/4tuneagencia.digital\/blog\/setor-de-marketing-digital-preve-crescimento-expressivo-em-2024-folha-vitoria\/#breadcrumb","itemListElement":[{"@type":"ListItem","position":1,"name":"In\u00edcio","item":"https:\/\/4tuneagencia.digital\/blog\/"},{"@type":"ListItem","position":2,"name":"Setor de marketing digital prev\u00ea crescimento expressivo em 2024 &#8211; Folha Vit\u00f3ria"}]},{"@type":"WebSite","@id":"https:\/\/4tuneagencia.digital\/blog\/#website","url":"https:\/\/4tuneagencia.digital\/blog\/","name":"4tuneagencia.digital","description":"Marketing e Web Designer ","publisher":{"@id":"https:\/\/4tuneagencia.digital\/blog\/#organization"},"potentialAction":[{"@type":"SearchAction","target":{"@type":"EntryPoint","urlTemplate":"https:\/\/4tuneagencia.digital\/blog\/?s={search_term_string}"},"query-input":"required name=search_term_string"}],"inLanguage":"pt-BR"},{"@type":"Organization","@id":"https:\/\/4tuneagencia.digital\/blog\/#organization","name":"4tuneagencia.digital","url":"https:\/\/4tuneagencia.digital\/blog\/","logo":{"@type":"ImageObject","inLanguage":"pt-BR","@id":"https:\/\/4tuneagencia.digital\/blog\/#\/schema\/logo\/image\/","url":"https:\/\/4tuneagencia.digital\/blog\/wp-content\/uploads\/2023\/09\/novo-logo-e1694954525541.png","contentUrl":"https:\/\/4tuneagencia.digital\/blog\/wp-content\/uploads\/2023\/09\/novo-logo-e1694954525541.png","width":250,"height":250,"caption":"4tuneagencia.digital"},"image":{"@id":"https:\/\/4tuneagencia.digital\/blog\/#\/schema\/logo\/image\/"}},{"@type":"Person","@id":"https:\/\/4tuneagencia.digital\/blog\/#\/schema\/person\/7c40d2e8b9964c2390122613459c2100","name":"4tune","image":{"@type":"ImageObject","inLanguage":"pt-BR","@id":"https:\/\/4tuneagencia.digital\/blog\/#\/schema\/person\/image\/","url":"https:\/\/secure.gravatar.com\/avatar\/e81e8ea0176022ee4555117aee5e3092bff2a7aaa930134f8023c7d4bc2f1495?s=96&d=mm&r=g","contentUrl":"https:\/\/secure.gravatar.com\/avatar\/e81e8ea0176022ee4555117aee5e3092bff2a7aaa930134f8023c7d4bc2f1495?s=96&d=mm&r=g","caption":"4tune"},"sameAs":["http:\/\/4tuneagencia.digital"],"url":"https:\/\/4tuneagencia.digital\/blog\/author\/admin\/"}]}},"jetpack_featured_media_url":"https:\/\/4tuneagencia.digital\/blog\/wp-content\/uploads\/2024\/02\/wp-header-logo-265.png","_links":{"self":[{"href":"https:\/\/4tuneagencia.digital\/blog\/wp-json\/wp\/v2\/posts\/12357","targetHints":{"allow":["GET"]}}],"collection":[{"href":"https:\/\/4tuneagencia.digital\/blog\/wp-json\/wp\/v2\/posts"}],"about":[{"href":"https:\/\/4tuneagencia.digital\/blog\/wp-json\/wp\/v2\/types\/post"}],"author":[{"embeddable":true,"href":"https:\/\/4tuneagencia.digital\/blog\/wp-json\/wp\/v2\/users\/1"}],"replies":[{"embeddable":true,"href":"https:\/\/4tuneagencia.digital\/blog\/wp-json\/wp\/v2\/comments?post=12357"}],"version-history":[{"count":0,"href":"https:\/\/4tuneagencia.digital\/blog\/wp-json\/wp\/v2\/posts\/12357\/revisions"}],"wp:featuredmedia":[{"embeddable":true,"href":"https:\/\/4tuneagencia.digital\/blog\/wp-json\/wp\/v2\/media\/12358"}],"wp:attachment":[{"href":"https:\/\/4tuneagencia.digital\/blog\/wp-json\/wp\/v2\/media?parent=12357"}],"wp:term":[{"taxonomy":"category","embeddable":true,"href":"https:\/\/4tuneagencia.digital\/blog\/wp-json\/wp\/v2\/categories?post=12357"},{"taxonomy":"post_tag","embeddable":true,"href":"https:\/\/4tuneagencia.digital\/blog\/wp-json\/wp\/v2\/tags?post=12357"}],"curies":[{"name":"wp","href":"https:\/\/api.w.org\/{rel}","templated":true}]}}