{"id":14018,"date":"2024-04-13T09:00:39","date_gmt":"2024-04-13T12:00:39","guid":{"rendered":"https:\/\/4tuneagencia.digital\/blog\/ministerio-dos-transportes-quer-mudar-regra-para-caminhoes-basculantes-blog-do-caminhoneiro\/"},"modified":"2024-04-13T09:00:39","modified_gmt":"2024-04-13T12:00:39","slug":"ministerio-dos-transportes-quer-mudar-regra-para-caminhoes-basculantes-blog-do-caminhoneiro","status":"publish","type":"post","link":"https:\/\/4tuneagencia.digital\/blog\/ministerio-dos-transportes-quer-mudar-regra-para-caminhoes-basculantes-blog-do-caminhoneiro\/","title":{"rendered":"Minist\u00e9rio dos Transportes quer mudar regra para caminh\u00f5es basculantes &#8211; Blog do Caminhoneiro"},"content":{"rendered":"<p><svg class=\"cm-icon cm-icon--bars\" xmlns=\"http:\/\/www.w3.org\/2000\/svg\" viewbox=\"0 0 24 24\"><path d=\"M21 19H3a1 1 0 0 1 0-2h18a1 1 0 0 1 0 2Zm0-6H3a1 1 0 0 1 0-2h18a1 1 0 0 1 0 2Zm0-6H3a1 1 0 0 1 0-2h18a1 1 0 0 1 0 2Z\"><\/path><\/svg>\t\t\t\t\t\t<svg class=\"cm-icon cm-icon--x-mark\" xmlns=\"http:\/\/www.w3.org\/2000\/svg\" viewbox=\"0 0 24 24\"><path d=\"m13.4 12 8.3-8.3c.4-.4.4-1 0-1.4s-1-.4-1.4 0L12 10.6 3.7 2.3c-.4-.4-1-.4-1.4 0s-.4 1 0 1.4l8.3 8.3-8.3 8.3c-.4.4-.4 1 0 1.4.2.2.4.3.7.3s.5-.1.7-.3l8.3-8.3 8.3 8.3c.2.2.5.3.7.3s.5-.1.7-.3c.4-.4.4-1 0-1.4L13.4 12z\"><\/path><\/svg>\t\t\t\t\t<br \/><a href=\"https:\/\/i0.wp.com\/blogdocaminhoneiro.com\/wp-content\/uploads\/2023\/04\/basculante4eixo_02.jpg?ssl=1\" data-slb-active=\"1\" data-slb-asset=\"1685021668\" data-slb-group=\"236948\"><img fetchpriority=\"high\" fetchpriority=\"high\" decoding=\"async\" class=\"aligncenter size-full wp-image-211132\" src=\"data:image\/svg+xml,%3Csvg%20xmlns='http:\/\/www.w3.org\/2000\/svg'%20viewBox='0%200%20800%20534'%3E%3C\/svg%3E\" alt=\"\" width=\"800\" height=\"534\" data-lazy-srcset=\"https:\/\/i0.wp.com\/blogdocaminhoneiro.com\/wp-content\/uploads\/2023\/04\/basculante4eixo_02.jpg?w=1276&amp;ssl=1 1276w, https:\/\/i0.wp.com\/blogdocaminhoneiro.com\/wp-content\/uploads\/2023\/04\/basculante4eixo_02.jpg?resize=280%2C187&amp;ssl=1 280w, https:\/\/i0.wp.com\/blogdocaminhoneiro.com\/wp-content\/uploads\/2023\/04\/basculante4eixo_02.jpg?resize=1200%2C801&amp;ssl=1 1200w, https:\/\/i0.wp.com\/blogdocaminhoneiro.com\/wp-content\/uploads\/2023\/04\/basculante4eixo_02.jpg?resize=150%2C100&amp;ssl=1 150w\" data-lazy-sizes=\"(max-width: 800px) 100vw, 800px\" data-recalc-dims=\"1\" data-lazy-src=\"https:\/\/i0.wp.com\/blogdocaminhoneiro.com\/wp-content\/uploads\/2023\/04\/basculante4eixo_02.jpg?resize=800%2C534&#038;ssl=1\" \/><noscript><img fetchpriority=\"high\" fetchpriority=\"high\" decoding=\"async\" class=\"aligncenter size-full wp-image-211132\" src=\"https:\/\/i0.wp.com\/blogdocaminhoneiro.com\/wp-content\/uploads\/2023\/04\/basculante4eixo_02.jpg?resize=800%2C534&#038;ssl=1\" alt=\"\" width=\"800\" height=\"534\" srcset=\"https:\/\/i0.wp.com\/blogdocaminhoneiro.com\/wp-content\/uploads\/2023\/04\/basculante4eixo_02.jpg?w=1276&amp;ssl=1 1276w, https:\/\/i0.wp.com\/blogdocaminhoneiro.com\/wp-content\/uploads\/2023\/04\/basculante4eixo_02.jpg?resize=280%2C187&amp;ssl=1 280w, https:\/\/i0.wp.com\/blogdocaminhoneiro.com\/wp-content\/uploads\/2023\/04\/basculante4eixo_02.jpg?resize=1200%2C801&amp;ssl=1 1200w, https:\/\/i0.wp.com\/blogdocaminhoneiro.com\/wp-content\/uploads\/2023\/04\/basculante4eixo_02.jpg?resize=150%2C100&amp;ssl=1 150w\" sizes=\"(max-width: 800px) 100vw, 800px\" data-recalc-dims=\"1\" \/><\/noscript><\/p>\n<div  class=\"blogd-76d866d07c24b1ae5c37284524d38609 blogd-banner-no-texto-01-mobile\" id=\"blogd-76d866d07c24b1ae5c37284524d38609\"><\/div>\n<p><\/a>Em 2021, o Conselho Nacional de Tr\u00e2nsito (Contran) publicou a Resolu\u00e7\u00e3o Contran n\u00ba 859\/2021, que estabelece requisitos de seguran\u00e7a para caminh\u00f5es basculantes, entre eles, a exig\u00eancia da instala\u00e7\u00e3o de um dispositivo de alerta sonoro e luminoso que entra em a\u00e7\u00e3o sempre que a tomada de for\u00e7a do ve\u00edculo for acionada.<br \/>O cronograma divulgado na resolu\u00e7\u00e3o, inicialmente, prev\u00ea que, desde o ano passado, caminh\u00f5es com placas de final \u00edmpar s\u00f3 poder\u00e3o ser licenciados nos Detrans estaduais se estiverem com os sistemas de seguran\u00e7a instalados e funcionando corretamente.<br \/>Caminh\u00f5es com placas de final par devem fazer essa adequa\u00e7\u00e3o antes do licenciamento de 2024.<br \/>Agora, uma consulta p\u00fablica divulgada pelo Minist\u00e9rio dos Transportes visa atrasar a entrada em vigor dessa regra. De acordo com a publica\u00e7\u00e3o, feita no Participa + Brasil, a nova data para entrada em vigor da nova regra passaria para 2027.<br \/>As primeiras contribui\u00e7\u00f5es publicadas na p\u00e1gina da consulta p\u00fablica s\u00e3o contr\u00e1rias \u00e0 mudan\u00e7a. Isso porque boa parte dos caminh\u00f5es j\u00e1 passou por mudan\u00e7as para se adequar a legisla\u00e7\u00e3o, especialmente aqueles com placas de final \u00edmpar.<br \/>Al\u00e9m disso, o custo de instala\u00e7\u00e3o do equipamento nos caminh\u00f5es \u00e9 relativamente baixo, e h\u00e1 v\u00e1rias marcas e modelos atuando nesse mercado.<br \/>A instala\u00e7\u00e3o desses dispositivos de seguran\u00e7a em caminh\u00f5es basculantes visa impedir que o caminh\u00e3o seja movimentado com a ca\u00e7amba levantada, o que pode causar acidentes, com rede el\u00e9trica, pontes, viadutos e passarelas.<br \/>Caso voc\u00ea tenha interesse em contribuir na Consulta P\u00fablica, pode acessar o link <a href=\"https:\/\/www.gov.br\/participamaisbrasil\/basculante\"><em>https:\/\/www.gov.br\/participamaisbrasil\/basculante<\/em><\/a>.<br \/><a href=\"https:\/\/i0.wp.com\/blogdocaminhoneiro.com\/wp-content\/uploads\/2021\/08\/caminhao-basculante-iveco-tector.jpg?ssl=1\" data-slb-active=\"1\" data-slb-asset=\"144660174\" data-slb-group=\"236948\"><img decoding=\"async\" class=\"aligncenter size-full wp-image-177665\" src=\"data:image\/svg+xml,%3Csvg%20xmlns='http:\/\/www.w3.org\/2000\/svg'%20viewBox='0%200%20800%20517'%3E%3C\/svg%3E\" alt=\"\" width=\"800\" height=\"517\" data-lazy-srcset=\"https:\/\/i0.wp.com\/blogdocaminhoneiro.com\/wp-content\/uploads\/2021\/08\/caminhao-basculante-iveco-tector.jpg?w=1400&amp;ssl=1 1400w, https:\/\/i0.wp.com\/blogdocaminhoneiro.com\/wp-content\/uploads\/2021\/08\/caminhao-basculante-iveco-tector.jpg?resize=280%2C181&amp;ssl=1 280w, https:\/\/i0.wp.com\/blogdocaminhoneiro.com\/wp-content\/uploads\/2021\/08\/caminhao-basculante-iveco-tector.jpg?resize=800%2C517&amp;ssl=1 800w, https:\/\/i0.wp.com\/blogdocaminhoneiro.com\/wp-content\/uploads\/2021\/08\/caminhao-basculante-iveco-tector.jpg?resize=1170%2C756&amp;ssl=1 1170w, https:\/\/i0.wp.com\/blogdocaminhoneiro.com\/wp-content\/uploads\/2021\/08\/caminhao-basculante-iveco-tector.jpg?resize=585%2C378&amp;ssl=1 585w\" data-lazy-sizes=\"(max-width: 800px) 100vw, 800px\" data-recalc-dims=\"1\" data-lazy-src=\"https:\/\/i0.wp.com\/blogdocaminhoneiro.com\/wp-content\/uploads\/2021\/08\/caminhao-basculante-iveco-tector.jpg?resize=800%2C517&#038;ssl=1\" \/><noscript><img decoding=\"async\" class=\"aligncenter size-full wp-image-177665\" src=\"https:\/\/i0.wp.com\/blogdocaminhoneiro.com\/wp-content\/uploads\/2021\/08\/caminhao-basculante-iveco-tector.jpg?resize=800%2C517&#038;ssl=1\" alt=\"\" width=\"800\" height=\"517\" srcset=\"https:\/\/i0.wp.com\/blogdocaminhoneiro.com\/wp-content\/uploads\/2021\/08\/caminhao-basculante-iveco-tector.jpg?w=1400&amp;ssl=1 1400w, https:\/\/i0.wp.com\/blogdocaminhoneiro.com\/wp-content\/uploads\/2021\/08\/caminhao-basculante-iveco-tector.jpg?resize=280%2C181&amp;ssl=1 280w, https:\/\/i0.wp.com\/blogdocaminhoneiro.com\/wp-content\/uploads\/2021\/08\/caminhao-basculante-iveco-tector.jpg?resize=800%2C517&amp;ssl=1 800w, https:\/\/i0.wp.com\/blogdocaminhoneiro.com\/wp-content\/uploads\/2021\/08\/caminhao-basculante-iveco-tector.jpg?resize=1170%2C756&amp;ssl=1 1170w, https:\/\/i0.wp.com\/blogdocaminhoneiro.com\/wp-content\/uploads\/2021\/08\/caminhao-basculante-iveco-tector.jpg?resize=585%2C378&amp;ssl=1 585w\" sizes=\"(max-width: 800px) 100vw, 800px\" data-recalc-dims=\"1\" \/><\/noscript><\/a><br \/>Nascido e criado na margem de uma importante rodovia paranaense, apaixonado por caminh\u00f5es e por tudo movido a diesel.<br \/>SOU TOTALMENTE CONTRA JA QUE O GOVERNO INVENTA LEIS E REGRAS E N\u00c3O COLOCA INMETRO EM CADA MUNICIPIO&#8230;AQUI ONDE MORO TEREI QUE IR NA CAPITAL PARA ISSO E FICA A MAIS DE MIL KM DE DISTANCIA SEM CONTAR QUE O INMETRO N\u00c3O VAI S\u00d3 FISCALIZAR A TAL TRAVA MAS SIM HITENS QUE ELES JULGAM IMPORTANTES E A GRANDE MAIORIA QUE TEM CAMINHOES N\u00c3O TEM CONDI\u00c7\u00c3O DE POR<br \/>Meu caminhao nao consigo trabalhar nao tem dispositivo sem ser acionado a ar<br \/>Sou totalmente contra<br \/> Esse pa\u00eds s\u00f3 faz leis pra ferrar com a vida de n\u00f3s trabalhadores<br \/> Ta ficando car\u00edssimo esse sistema e sem contar q temos q andar longe pra fazer a inspe\u00e7\u00e3o<br \/>So pode ser piada dizer que \u00e9 barato instalar todo esse sistema no caminhao. aqui ta girando em torno de 8 mil reais. Mais um motivo pra oficinas e vistoriadores ganharem dinheiro facil.<br \/>&#8220;Palha\u00e7ada N\u00e3o Tem o Que Fazer, Ficar Inventando Moda!&#8221;<br \/>Bom dia a todos, Deus os aben\u00e7oem!<br \/>Prezados colegas!<br \/> Sou ca\u00e7ambeiro desde 1976, comecei com um Chevrolet C-60 e, at\u00e9 hoje ainda em a\u00e7\u00e3o, dentro de uma cooperativa&#8230;<br \/> Lendo o artigo e, todos coment\u00e1rios, digo que n\u00e3o s\u00f3 nossa categoria e sim todo o povo brasileiro est\u00e1 precisando rever conceitos, caso contr\u00e1rio vamos continuar reclamando, se indignando e &#8220;sendo cozidos&#8221; at\u00e9 a morte&#8230;<br \/> Temos que nos organizar, iniciando por nossa categoria, para mudar o futuro das pr\u00f3ximas gera\u00e7\u00f5es&#8230;<br \/> Pois, este dispositivo \u00e9 apenas mais um &#8220;goela abaixo&#8221; (pela forma e, n\u00e3o pela import\u00e2ncia e necessidade), como a maioria de tudo que nos &#8220;empurram&#8221;&#8230;<br \/>FH ishift n\u00e3o tem como levantar a Cacamba e andar ao msm tempo ou engata a marcha ou ergue a cacamba  j\u00e1 sa\u00ed de f\u00e1brica n\u00e3o faz os dois comandos ao mesmo tempo<br \/>Brasil o pa\u00eds da vergonha, onde tudo  vira arrecada\u00e7\u00e3o para manter a m\u00e1quina p\u00fablica! E as empresas  de inspe\u00e7\u00e3o andam lado a lado, dificultando a vida do caminhonete. Com esse governo de bandidos safados, acredito que mais dificuldades vir\u00e3o&#8230;..<br \/>Para ter esse palavreado de revoltado  deve ser mais um  que vive frustrado deve ser mais um do gado  . A audi\u00eancia \u00e9 para adiar oque foi decidido  no governo  do enelegivel<br \/>Demorou muito. Muita gente teve que morrer e muita desgra\u00e7a acontecer para se tomar uma atitude. Dentre os acidentes com pesados, sem d\u00favida os com ca\u00e7ambas s\u00e3o os mais recorrentes. O ve\u00edculo s\u00f3 pode rodar com a ca\u00e7amba travada, se abrir ele tem que ser imobilizado. J\u00e1 deveria sair de f\u00e1brica assim. Mas aqui \u00e9 bagun\u00e7a. O cara compra um caminh\u00e3o velho, p\u00f5e a ca\u00e7amba e seja o que o diabo quer.<br \/>O dispositivo deveria somente sonoro e com luz no painel j\u00e1 resolveria, sem precisar interven\u00e7\u00e3o na bomba hidr\u00e1ulica. E realmente as vistorias s\u00e3o o problema, o que menos eles olham e pro dispositivo e ficam procurando outros problemas n\u00e3o relacionadas.<br \/>Instalar o equipamento \u00e9 o de menos, n\u00e3o \u00e9 t\u00e3o caro, mas passar na vistoria sem gastar bem mais que o valor do equipamento \u00e9 imposs\u00edvel.<br \/> S\u00f3 uma das vistorias aqui em Campo Grande \u00e9 1150,00<br \/>Sou totalmente contra esse procedimento ,visto que \u00e9 muito alto o custo , com taxas e equipamentos,e tem propriet\u00e1rio de caminh\u00e3o que  como eu, n\u00e3o pode arcar com os valores.Acidentes com basculante alto  \u00e9 igual a queda de avi\u00e3o.Nao acontece todo dia.<br \/>Se a legisla\u00e7\u00e3o estava desde 2015 para ser aprovada e com certeza seria. Porque quando as empresas que montaram ca\u00e7ambas para caminh\u00f5es , j\u00e1 n\u00e3o fizeram com a adapta\u00e7\u00e3o necess\u00e1ria?? E os antigos a partir da promulga\u00e7\u00e3o , teriam q fazer.. As empresas tinham um estoque enorme dos &#8220;manetes&#8221; antigos e mesmo sabendo disto instalavam em equipamentos novos&#8230;<br \/>No.meu ponto de vista \u00e9 s\u00f3 mais um geito de arrecadar dinheiro pois tem local que temos que movimentar o caminh\u00e3o vasculado ou seja com a ca\u00e7amba levantada,<br \/> Num pa\u00eds onde s\u00f3 se pensa em arrecadar dinheiro pra manter os luxos dos pol\u00edticos que fazem o q quer com dinheiro p\u00fablico e quem tem que pagar Samos n\u00f3s trabalhadores que passamos dias e noite trabalhando para conseguir manter o caminh\u00e3o em p\u00e9 pra poder trabalhar onde tudo custa o olho da cara pe\u00e7as pneu e principalmente fretes n\u00e3o compat\u00edvel e rodovias em p\u00e9ssimo estado<br \/>Boa Noite aqui no nordeste o inmetro s\u00f3 tem nas capitais tem situa\u00e7\u00f5es que temos que andar 800 km pra passar pelo inmetro e se for pego pela PRF vai ficar com caminh\u00e3o preso oque fazer???? N\u00e3o sei<br \/>Sou contra  a instala\u00e7\u00e3o desse equipamento Pagamos um absurdo  em impostos  mais um  taxa de vit\u00f3rias e instala\u00e7\u00e3o  de equipamentos  de seguran\u00e7a  baseado  em 6 d\u00fazias de acidentes   para mim que tenho  um caminh\u00e3o  aqui no meu estado  vou gastar  10 mil para instalar.  Sou contra<br \/>Por que n\u00e3o implantar a lei de descarga horizontal,ao inv\u00e9s de bascular, se o dispositivo falhar a ca\u00e7amba n\u00e3o levanta causando acidentes e transtornos.<br \/>N\u00e3o \u00e9 pelo pre\u00e7o do equipamento problema s\u00e3o as unidades do Inmetro se vc mesmo colocar o aparelho do jeito que a lei pede voc\u00ea n\u00e3o passa da\u00ed eles passam contato mec\u00e2nico homologado (m\u00e1fia) da\u00ed vc gasta em torno de uns 8k pro bolso deles aqui em Varginha sul de minas t\u00e1 assim<br \/>Sr Eduardo essa pr\u00e1tica \u00e9 proibida COLHA PROVAS e denuncie aos \u00f3rg\u00e3os fiscalizadores desses organismo de inspe\u00e7\u00e3o Inmetro, Denatran CONTRAN, se o senhor instalar conforme o CONTRAN exige e funcionar como deve ser ok, lembrando que voc\u00eas ir\u00e3o passar pela seguran\u00e7a veicular antes de ir garanta que pneu, sistema de dire\u00e7\u00e3o, freio, portas, vidro parabrisa, janelas cintos, faixas laterais cinto de seguran\u00e7a do eixo \u00e1rvore e todas as luzes inclusive as de teto ( corujinha) devem estar funcionando no momento da vistoria de SEGURAN\u00c7A veicular.<br \/>Tenh Caminh\u00e3o ano 1973, instalo dispositivo e como passo no  no imetro com caminh\u00e3o com   pe\u00e7as e componentes antigos?<br \/>Fechado para coment\u00e1rios.<br \/>Segue a seguran\u00e7a, baixa a cabine o piloto esta pr\u00f3ximo do asfalto, c isso seguran\u00e7a nas estradas, como est\u00e1mos vendo&hellip;<br \/>Parab\u00e9ns \ud83c\udf8a Marco V\u00e9io, tenha sucesso com seu novo &#8216;carrinho&#8217;. Mas cuidado ao descer a ladeira da v\u00f3. \ud83d\ude02 \ud83d\ude02&hellip;<br \/>Essa Axor n\u00e3o admitem profissionais eles querem molecada que rodem dia e noite e com salario de mis\u00e9ria que sai&hellip;<br \/>Hola v\u00ed una aplicaci\u00f3n q est\u00e1n tomando choferes para camiones mi n\u00famero es 054_3751319880<br \/>ser\u00e1 eleito o pior design do s\u00e9culo, sem no\u00e7\u00e3o, parece o esbo\u00e7o que mandaram produzir assim mesmo<br \/>Assine agora mesmo para continuar lendo e ter acesso ao arquivo completo.<br \/><a href=\"#\">Continue reading<\/a><\/p>\n<p><a href=\"https:\/\/news.google.com\/rss\/articles\/CBMibmh0dHBzOi8vYmxvZ2RvY2FtaW5ob25laXJvLmNvbS8yMDI0LzAyL21pbmlzdGVyaW8tZG9zLXRyYW5zcG9ydGVzLXF1ZXItbXVkYXItcmVncmEtcGFyYS1jYW1pbmhvZXMtYmFzY3VsYW50ZXMv0gEA?oc=5\">source<\/a><\/p>\n","protected":false},"excerpt":{"rendered":"<p>Em 2021, o Conselho Nacional de Tr\u00e2nsito (Contran) publicou a Resolu\u00e7\u00e3o Contran n\u00ba 859\/2021, que estabelece requisitos de seguran\u00e7a para caminh\u00f5es basculantes, entre eles, a exig\u00eancia da instala\u00e7\u00e3o de um dispositivo de alerta sonoro e luminoso que entra em a\u00e7\u00e3o sempre que a tomada de for\u00e7a do ve\u00edculo for acionada.O cronograma divulgado na resolu\u00e7\u00e3o, inicialmente,&#8230;<\/p>\n","protected":false},"author":1,"featured_media":14019,"comment_status":"open","ping_status":"open","sticky":false,"template":"","format":"standard","meta":{"footnotes":""},"categories":[1],"tags":[69],"class_list":["post-14018","post","type-post","status-publish","format-standard","has-post-thumbnail","hentry","category-tutoriais","tag-tutorial"],"yoast_head":"<!-- This site is optimized with the Yoast SEO Premium plugin v21.1 (Yoast SEO v22.7) - https:\/\/yoast.com\/wordpress\/plugins\/seo\/ -->\n<title>Minist\u00e9rio dos Transportes quer mudar regra para caminh\u00f5es basculantes - Blog do Caminhoneiro - 4tuneagencia.digital<\/title>\n<meta name=\"robots\" content=\"index, follow, max-snippet:-1, max-image-preview:large, max-video-preview:-1\" \/>\n<link rel=\"canonical\" href=\"https:\/\/4tuneagencia.digital\/blog\/ministerio-dos-transportes-quer-mudar-regra-para-caminhoes-basculantes-blog-do-caminhoneiro\/\" \/>\n<meta property=\"og:locale\" content=\"pt_BR\" \/>\n<meta property=\"og:type\" content=\"article\" \/>\n<meta property=\"og:title\" content=\"Minist\u00e9rio dos Transportes quer mudar regra para caminh\u00f5es basculantes - Blog do Caminhoneiro\" \/>\n<meta property=\"og:description\" content=\"Em 2021, o Conselho Nacional de Tr\u00e2nsito (Contran) publicou a Resolu\u00e7\u00e3o Contran n\u00ba 859\/2021, que estabelece requisitos de seguran\u00e7a para caminh\u00f5es basculantes, entre eles, a exig\u00eancia da instala\u00e7\u00e3o de um dispositivo de alerta sonoro e luminoso que entra em a\u00e7\u00e3o sempre que a tomada de for\u00e7a do ve\u00edculo for acionada.O cronograma divulgado na resolu\u00e7\u00e3o, inicialmente,...\" \/>\n<meta property=\"og:url\" content=\"https:\/\/4tuneagencia.digital\/blog\/ministerio-dos-transportes-quer-mudar-regra-para-caminhoes-basculantes-blog-do-caminhoneiro\/\" \/>\n<meta property=\"og:site_name\" content=\"4tuneagencia.digital\" \/>\n<meta property=\"article:published_time\" content=\"2024-04-13T12:00:39+00:00\" \/>\n<meta property=\"og:image\" content=\"https:\/\/i0.wp.com\/blogdocaminhoneiro.com\/wp-content\/uploads\/2023\/04\/basculante4eixo_02.jpg?resize=800%2C534&#038;ssl=1\" \/>\n<meta name=\"author\" content=\"4tune\" \/>\n<meta name=\"twitter:card\" content=\"summary_large_image\" \/>\n<meta name=\"twitter:label1\" content=\"Escrito por\" \/>\n\t<meta name=\"twitter:data1\" content=\"4tune\" \/>\n\t<meta name=\"twitter:label2\" content=\"Est. tempo de leitura\" \/>\n\t<meta name=\"twitter:data2\" content=\"7 minutos\" \/>\n<script type=\"application\/ld+json\" class=\"yoast-schema-graph\">{\"@context\":\"https:\/\/schema.org\",\"@graph\":[{\"@type\":\"Article\",\"@id\":\"https:\/\/4tuneagencia.digital\/blog\/ministerio-dos-transportes-quer-mudar-regra-para-caminhoes-basculantes-blog-do-caminhoneiro\/#article\",\"isPartOf\":{\"@id\":\"https:\/\/4tuneagencia.digital\/blog\/ministerio-dos-transportes-quer-mudar-regra-para-caminhoes-basculantes-blog-do-caminhoneiro\/\"},\"author\":{\"name\":\"4tune\",\"@id\":\"https:\/\/4tuneagencia.digital\/blog\/#\/schema\/person\/7c40d2e8b9964c2390122613459c2100\"},\"headline\":\"Minist\u00e9rio dos Transportes quer mudar regra para caminh\u00f5es basculantes &#8211; Blog do Caminhoneiro\",\"datePublished\":\"2024-04-13T12:00:39+00:00\",\"dateModified\":\"2024-04-13T12:00:39+00:00\",\"mainEntityOfPage\":{\"@id\":\"https:\/\/4tuneagencia.digital\/blog\/ministerio-dos-transportes-quer-mudar-regra-para-caminhoes-basculantes-blog-do-caminhoneiro\/\"},\"wordCount\":1478,\"commentCount\":0,\"publisher\":{\"@id\":\"https:\/\/4tuneagencia.digital\/blog\/#organization\"},\"image\":{\"@id\":\"https:\/\/4tuneagencia.digital\/blog\/ministerio-dos-transportes-quer-mudar-regra-para-caminhoes-basculantes-blog-do-caminhoneiro\/#primaryimage\"},\"thumbnailUrl\":\"https:\/\/4tuneagencia.digital\/blog\/wp-content\/uploads\/2024\/04\/wp-header-logo-249.png\",\"keywords\":[\"Tutorial\"],\"articleSection\":[\"Tutoriais\"],\"inLanguage\":\"pt-BR\",\"potentialAction\":[{\"@type\":\"CommentAction\",\"name\":\"Comment\",\"target\":[\"https:\/\/4tuneagencia.digital\/blog\/ministerio-dos-transportes-quer-mudar-regra-para-caminhoes-basculantes-blog-do-caminhoneiro\/#respond\"]}]},{\"@type\":\"WebPage\",\"@id\":\"https:\/\/4tuneagencia.digital\/blog\/ministerio-dos-transportes-quer-mudar-regra-para-caminhoes-basculantes-blog-do-caminhoneiro\/\",\"url\":\"https:\/\/4tuneagencia.digital\/blog\/ministerio-dos-transportes-quer-mudar-regra-para-caminhoes-basculantes-blog-do-caminhoneiro\/\",\"name\":\"Minist\u00e9rio dos Transportes quer mudar regra para caminh\u00f5es basculantes - Blog do Caminhoneiro - 4tuneagencia.digital\",\"isPartOf\":{\"@id\":\"https:\/\/4tuneagencia.digital\/blog\/#website\"},\"primaryImageOfPage\":{\"@id\":\"https:\/\/4tuneagencia.digital\/blog\/ministerio-dos-transportes-quer-mudar-regra-para-caminhoes-basculantes-blog-do-caminhoneiro\/#primaryimage\"},\"image\":{\"@id\":\"https:\/\/4tuneagencia.digital\/blog\/ministerio-dos-transportes-quer-mudar-regra-para-caminhoes-basculantes-blog-do-caminhoneiro\/#primaryimage\"},\"thumbnailUrl\":\"https:\/\/4tuneagencia.digital\/blog\/wp-content\/uploads\/2024\/04\/wp-header-logo-249.png\",\"datePublished\":\"2024-04-13T12:00:39+00:00\",\"dateModified\":\"2024-04-13T12:00:39+00:00\",\"breadcrumb\":{\"@id\":\"https:\/\/4tuneagencia.digital\/blog\/ministerio-dos-transportes-quer-mudar-regra-para-caminhoes-basculantes-blog-do-caminhoneiro\/#breadcrumb\"},\"inLanguage\":\"pt-BR\",\"potentialAction\":[{\"@type\":\"ReadAction\",\"target\":[\"https:\/\/4tuneagencia.digital\/blog\/ministerio-dos-transportes-quer-mudar-regra-para-caminhoes-basculantes-blog-do-caminhoneiro\/\"]}]},{\"@type\":\"ImageObject\",\"inLanguage\":\"pt-BR\",\"@id\":\"https:\/\/4tuneagencia.digital\/blog\/ministerio-dos-transportes-quer-mudar-regra-para-caminhoes-basculantes-blog-do-caminhoneiro\/#primaryimage\",\"url\":\"https:\/\/4tuneagencia.digital\/blog\/wp-content\/uploads\/2024\/04\/wp-header-logo-249.png\",\"contentUrl\":\"https:\/\/4tuneagencia.digital\/blog\/wp-content\/uploads\/2024\/04\/wp-header-logo-249.png\",\"width\":1276,\"height\":852},{\"@type\":\"BreadcrumbList\",\"@id\":\"https:\/\/4tuneagencia.digital\/blog\/ministerio-dos-transportes-quer-mudar-regra-para-caminhoes-basculantes-blog-do-caminhoneiro\/#breadcrumb\",\"itemListElement\":[{\"@type\":\"ListItem\",\"position\":1,\"name\":\"In\u00edcio\",\"item\":\"https:\/\/4tuneagencia.digital\/blog\/\"},{\"@type\":\"ListItem\",\"position\":2,\"name\":\"Minist\u00e9rio dos Transportes quer mudar regra para caminh\u00f5es basculantes &#8211; Blog do Caminhoneiro\"}]},{\"@type\":\"WebSite\",\"@id\":\"https:\/\/4tuneagencia.digital\/blog\/#website\",\"url\":\"https:\/\/4tuneagencia.digital\/blog\/\",\"name\":\"4tuneagencia.digital\",\"description\":\"Marketing e Web Designer \",\"publisher\":{\"@id\":\"https:\/\/4tuneagencia.digital\/blog\/#organization\"},\"potentialAction\":[{\"@type\":\"SearchAction\",\"target\":{\"@type\":\"EntryPoint\",\"urlTemplate\":\"https:\/\/4tuneagencia.digital\/blog\/?s={search_term_string}\"},\"query-input\":\"required name=search_term_string\"}],\"inLanguage\":\"pt-BR\"},{\"@type\":\"Organization\",\"@id\":\"https:\/\/4tuneagencia.digital\/blog\/#organization\",\"name\":\"4tuneagencia.digital\",\"url\":\"https:\/\/4tuneagencia.digital\/blog\/\",\"logo\":{\"@type\":\"ImageObject\",\"inLanguage\":\"pt-BR\",\"@id\":\"https:\/\/4tuneagencia.digital\/blog\/#\/schema\/logo\/image\/\",\"url\":\"https:\/\/4tuneagencia.digital\/blog\/wp-content\/uploads\/2023\/09\/novo-logo-e1694954525541.png\",\"contentUrl\":\"https:\/\/4tuneagencia.digital\/blog\/wp-content\/uploads\/2023\/09\/novo-logo-e1694954525541.png\",\"width\":250,\"height\":250,\"caption\":\"4tuneagencia.digital\"},\"image\":{\"@id\":\"https:\/\/4tuneagencia.digital\/blog\/#\/schema\/logo\/image\/\"}},{\"@type\":\"Person\",\"@id\":\"https:\/\/4tuneagencia.digital\/blog\/#\/schema\/person\/7c40d2e8b9964c2390122613459c2100\",\"name\":\"4tune\",\"image\":{\"@type\":\"ImageObject\",\"inLanguage\":\"pt-BR\",\"@id\":\"https:\/\/4tuneagencia.digital\/blog\/#\/schema\/person\/image\/\",\"url\":\"https:\/\/secure.gravatar.com\/avatar\/e81e8ea0176022ee4555117aee5e3092bff2a7aaa930134f8023c7d4bc2f1495?s=96&d=mm&r=g\",\"contentUrl\":\"https:\/\/secure.gravatar.com\/avatar\/e81e8ea0176022ee4555117aee5e3092bff2a7aaa930134f8023c7d4bc2f1495?s=96&d=mm&r=g\",\"caption\":\"4tune\"},\"sameAs\":[\"http:\/\/4tuneagencia.digital\"],\"url\":\"https:\/\/4tuneagencia.digital\/blog\/author\/admin\/\"}]}<\/script>\n<!-- \/ Yoast SEO Premium plugin. -->","yoast_head_json":{"title":"Minist\u00e9rio dos Transportes quer mudar regra para caminh\u00f5es basculantes - Blog do Caminhoneiro - 4tuneagencia.digital","robots":{"index":"index","follow":"follow","max-snippet":"max-snippet:-1","max-image-preview":"max-image-preview:large","max-video-preview":"max-video-preview:-1"},"canonical":"https:\/\/4tuneagencia.digital\/blog\/ministerio-dos-transportes-quer-mudar-regra-para-caminhoes-basculantes-blog-do-caminhoneiro\/","og_locale":"pt_BR","og_type":"article","og_title":"Minist\u00e9rio dos Transportes quer mudar regra para caminh\u00f5es basculantes - Blog do Caminhoneiro","og_description":"Em 2021, o Conselho Nacional de Tr\u00e2nsito (Contran) publicou a Resolu\u00e7\u00e3o Contran n\u00ba 859\/2021, que estabelece requisitos de seguran\u00e7a para caminh\u00f5es basculantes, entre eles, a exig\u00eancia da instala\u00e7\u00e3o de um dispositivo de alerta sonoro e luminoso que entra em a\u00e7\u00e3o sempre que a tomada de for\u00e7a do ve\u00edculo for acionada.O cronograma divulgado na resolu\u00e7\u00e3o, inicialmente,...","og_url":"https:\/\/4tuneagencia.digital\/blog\/ministerio-dos-transportes-quer-mudar-regra-para-caminhoes-basculantes-blog-do-caminhoneiro\/","og_site_name":"4tuneagencia.digital","article_published_time":"2024-04-13T12:00:39+00:00","og_image":[{"url":"https:\/\/i0.wp.com\/blogdocaminhoneiro.com\/wp-content\/uploads\/2023\/04\/basculante4eixo_02.jpg?resize=800%2C534&#038;ssl=1"}],"author":"4tune","twitter_card":"summary_large_image","twitter_misc":{"Escrito por":"4tune","Est. tempo de leitura":"7 minutos"},"schema":{"@context":"https:\/\/schema.org","@graph":[{"@type":"Article","@id":"https:\/\/4tuneagencia.digital\/blog\/ministerio-dos-transportes-quer-mudar-regra-para-caminhoes-basculantes-blog-do-caminhoneiro\/#article","isPartOf":{"@id":"https:\/\/4tuneagencia.digital\/blog\/ministerio-dos-transportes-quer-mudar-regra-para-caminhoes-basculantes-blog-do-caminhoneiro\/"},"author":{"name":"4tune","@id":"https:\/\/4tuneagencia.digital\/blog\/#\/schema\/person\/7c40d2e8b9964c2390122613459c2100"},"headline":"Minist\u00e9rio dos Transportes quer mudar regra para caminh\u00f5es basculantes &#8211; Blog do Caminhoneiro","datePublished":"2024-04-13T12:00:39+00:00","dateModified":"2024-04-13T12:00:39+00:00","mainEntityOfPage":{"@id":"https:\/\/4tuneagencia.digital\/blog\/ministerio-dos-transportes-quer-mudar-regra-para-caminhoes-basculantes-blog-do-caminhoneiro\/"},"wordCount":1478,"commentCount":0,"publisher":{"@id":"https:\/\/4tuneagencia.digital\/blog\/#organization"},"image":{"@id":"https:\/\/4tuneagencia.digital\/blog\/ministerio-dos-transportes-quer-mudar-regra-para-caminhoes-basculantes-blog-do-caminhoneiro\/#primaryimage"},"thumbnailUrl":"https:\/\/4tuneagencia.digital\/blog\/wp-content\/uploads\/2024\/04\/wp-header-logo-249.png","keywords":["Tutorial"],"articleSection":["Tutoriais"],"inLanguage":"pt-BR","potentialAction":[{"@type":"CommentAction","name":"Comment","target":["https:\/\/4tuneagencia.digital\/blog\/ministerio-dos-transportes-quer-mudar-regra-para-caminhoes-basculantes-blog-do-caminhoneiro\/#respond"]}]},{"@type":"WebPage","@id":"https:\/\/4tuneagencia.digital\/blog\/ministerio-dos-transportes-quer-mudar-regra-para-caminhoes-basculantes-blog-do-caminhoneiro\/","url":"https:\/\/4tuneagencia.digital\/blog\/ministerio-dos-transportes-quer-mudar-regra-para-caminhoes-basculantes-blog-do-caminhoneiro\/","name":"Minist\u00e9rio dos Transportes quer mudar regra para caminh\u00f5es basculantes - Blog do Caminhoneiro - 4tuneagencia.digital","isPartOf":{"@id":"https:\/\/4tuneagencia.digital\/blog\/#website"},"primaryImageOfPage":{"@id":"https:\/\/4tuneagencia.digital\/blog\/ministerio-dos-transportes-quer-mudar-regra-para-caminhoes-basculantes-blog-do-caminhoneiro\/#primaryimage"},"image":{"@id":"https:\/\/4tuneagencia.digital\/blog\/ministerio-dos-transportes-quer-mudar-regra-para-caminhoes-basculantes-blog-do-caminhoneiro\/#primaryimage"},"thumbnailUrl":"https:\/\/4tuneagencia.digital\/blog\/wp-content\/uploads\/2024\/04\/wp-header-logo-249.png","datePublished":"2024-04-13T12:00:39+00:00","dateModified":"2024-04-13T12:00:39+00:00","breadcrumb":{"@id":"https:\/\/4tuneagencia.digital\/blog\/ministerio-dos-transportes-quer-mudar-regra-para-caminhoes-basculantes-blog-do-caminhoneiro\/#breadcrumb"},"inLanguage":"pt-BR","potentialAction":[{"@type":"ReadAction","target":["https:\/\/4tuneagencia.digital\/blog\/ministerio-dos-transportes-quer-mudar-regra-para-caminhoes-basculantes-blog-do-caminhoneiro\/"]}]},{"@type":"ImageObject","inLanguage":"pt-BR","@id":"https:\/\/4tuneagencia.digital\/blog\/ministerio-dos-transportes-quer-mudar-regra-para-caminhoes-basculantes-blog-do-caminhoneiro\/#primaryimage","url":"https:\/\/4tuneagencia.digital\/blog\/wp-content\/uploads\/2024\/04\/wp-header-logo-249.png","contentUrl":"https:\/\/4tuneagencia.digital\/blog\/wp-content\/uploads\/2024\/04\/wp-header-logo-249.png","width":1276,"height":852},{"@type":"BreadcrumbList","@id":"https:\/\/4tuneagencia.digital\/blog\/ministerio-dos-transportes-quer-mudar-regra-para-caminhoes-basculantes-blog-do-caminhoneiro\/#breadcrumb","itemListElement":[{"@type":"ListItem","position":1,"name":"In\u00edcio","item":"https:\/\/4tuneagencia.digital\/blog\/"},{"@type":"ListItem","position":2,"name":"Minist\u00e9rio dos Transportes quer mudar regra para caminh\u00f5es basculantes &#8211; Blog do Caminhoneiro"}]},{"@type":"WebSite","@id":"https:\/\/4tuneagencia.digital\/blog\/#website","url":"https:\/\/4tuneagencia.digital\/blog\/","name":"4tuneagencia.digital","description":"Marketing e Web Designer ","publisher":{"@id":"https:\/\/4tuneagencia.digital\/blog\/#organization"},"potentialAction":[{"@type":"SearchAction","target":{"@type":"EntryPoint","urlTemplate":"https:\/\/4tuneagencia.digital\/blog\/?s={search_term_string}"},"query-input":"required name=search_term_string"}],"inLanguage":"pt-BR"},{"@type":"Organization","@id":"https:\/\/4tuneagencia.digital\/blog\/#organization","name":"4tuneagencia.digital","url":"https:\/\/4tuneagencia.digital\/blog\/","logo":{"@type":"ImageObject","inLanguage":"pt-BR","@id":"https:\/\/4tuneagencia.digital\/blog\/#\/schema\/logo\/image\/","url":"https:\/\/4tuneagencia.digital\/blog\/wp-content\/uploads\/2023\/09\/novo-logo-e1694954525541.png","contentUrl":"https:\/\/4tuneagencia.digital\/blog\/wp-content\/uploads\/2023\/09\/novo-logo-e1694954525541.png","width":250,"height":250,"caption":"4tuneagencia.digital"},"image":{"@id":"https:\/\/4tuneagencia.digital\/blog\/#\/schema\/logo\/image\/"}},{"@type":"Person","@id":"https:\/\/4tuneagencia.digital\/blog\/#\/schema\/person\/7c40d2e8b9964c2390122613459c2100","name":"4tune","image":{"@type":"ImageObject","inLanguage":"pt-BR","@id":"https:\/\/4tuneagencia.digital\/blog\/#\/schema\/person\/image\/","url":"https:\/\/secure.gravatar.com\/avatar\/e81e8ea0176022ee4555117aee5e3092bff2a7aaa930134f8023c7d4bc2f1495?s=96&d=mm&r=g","contentUrl":"https:\/\/secure.gravatar.com\/avatar\/e81e8ea0176022ee4555117aee5e3092bff2a7aaa930134f8023c7d4bc2f1495?s=96&d=mm&r=g","caption":"4tune"},"sameAs":["http:\/\/4tuneagencia.digital"],"url":"https:\/\/4tuneagencia.digital\/blog\/author\/admin\/"}]}},"jetpack_featured_media_url":"https:\/\/4tuneagencia.digital\/blog\/wp-content\/uploads\/2024\/04\/wp-header-logo-249.png","_links":{"self":[{"href":"https:\/\/4tuneagencia.digital\/blog\/wp-json\/wp\/v2\/posts\/14018","targetHints":{"allow":["GET"]}}],"collection":[{"href":"https:\/\/4tuneagencia.digital\/blog\/wp-json\/wp\/v2\/posts"}],"about":[{"href":"https:\/\/4tuneagencia.digital\/blog\/wp-json\/wp\/v2\/types\/post"}],"author":[{"embeddable":true,"href":"https:\/\/4tuneagencia.digital\/blog\/wp-json\/wp\/v2\/users\/1"}],"replies":[{"embeddable":true,"href":"https:\/\/4tuneagencia.digital\/blog\/wp-json\/wp\/v2\/comments?post=14018"}],"version-history":[{"count":0,"href":"https:\/\/4tuneagencia.digital\/blog\/wp-json\/wp\/v2\/posts\/14018\/revisions"}],"wp:featuredmedia":[{"embeddable":true,"href":"https:\/\/4tuneagencia.digital\/blog\/wp-json\/wp\/v2\/media\/14019"}],"wp:attachment":[{"href":"https:\/\/4tuneagencia.digital\/blog\/wp-json\/wp\/v2\/media?parent=14018"}],"wp:term":[{"taxonomy":"category","embeddable":true,"href":"https:\/\/4tuneagencia.digital\/blog\/wp-json\/wp\/v2\/categories?post=14018"},{"taxonomy":"post_tag","embeddable":true,"href":"https:\/\/4tuneagencia.digital\/blog\/wp-json\/wp\/v2\/tags?post=14018"}],"curies":[{"name":"wp","href":"https:\/\/api.w.org\/{rel}","templated":true}]}}