{"id":14524,"date":"2024-05-02T04:21:34","date_gmt":"2024-05-02T07:21:34","guid":{"rendered":"https:\/\/4tuneagencia.digital\/blog\/canva-fora-do-ar-usuarios-relatam-problemas-na-plataforma-de-design-hoje-1-9-o-tempo\/"},"modified":"2024-05-02T04:21:34","modified_gmt":"2024-05-02T07:21:34","slug":"canva-fora-do-ar-usuarios-relatam-problemas-na-plataforma-de-design-hoje-1-9-o-tempo","status":"publish","type":"post","link":"https:\/\/4tuneagencia.digital\/blog\/canva-fora-do-ar-usuarios-relatam-problemas-na-plataforma-de-design-hoje-1-9-o-tempo\/","title":{"rendered":"Canva fora do ar? Usu\u00e1rios relatam problemas na plataforma de design hoje (1\/9) &#8211; O Tempo"},"content":{"rendered":"<p>Ou\u00e7a a r\u00e1dio<br \/>Madrugada O TEMPO<br \/>     Clique e participe do nosso     <span class=\"texto-realcado-mobile\" data-v-6af168df>canal<\/span>     no WhatsApp   <br \/>     Participe do canal de     <span class=\"texto-realcado font-sans\" data-v-6af168df>O TEMPO<\/span> no     <span class=\"texto-realcado font-sans\" data-v-6af168df>WhatsApp<\/span> e receba as     not\u00edcias do dia direto no seu celular   <br \/>O <strong>Canva<\/strong>, plataforma online de design gr\u00e1fico, est\u00e1 fora do ar na manh\u00e3 desta sexta-feira (1\/09). Ao entrar no site, o usu\u00e1rio v\u00ea a mensagem &#8220;500: erro no servidor&#8221; que indica uma falha que impede que sites sejam carregados pelo usu\u00e1rio. O problema levou internautas a reclamarem no X (antigo Twitter)<br \/>O site Downdetector, que monitora a estabilidade de p\u00e1ginas da web, tamb\u00e9m registra um alto volume de relatos de problemas no acesso \u00e0 plataforma. Al\u00e9m disso, internautas que conseguem conectar na ferramenta informaram que ela n\u00e3o est\u00e1 funcionando corretamente.<br \/><img decoding=\"async\" alt=\"Canva est\u00e1 fora do ar nesta sexta (1\u00ba)\" src=\"\/image\/policy:1.3225866:1693578169\/i792915.jpg\" \/><br \/>Apesar das reclama\u00e7\u00f5es, a empresa respons\u00e1vel pelo Canva ainda n\u00e3o se manifestou publicamente sobre a instabilidade plataforma online de design gr\u00e1fico e nem ao menos mencionou se&nbsp;h\u00e1 uma previs\u00e3o para que o problema seja solucionado.<br \/>&nbsp;<br \/>&nbsp;<br \/>O portal O Tempo, utiliza cookies para armazenar ou recolher informa\u00e7\u00f5es no seu navegador.         A informa\u00e7\u00e3o normalmente n\u00e3o o identifica diretamente, mas pode dar-lhe uma experi\u00eancia web mais personalizada.         Uma vez que respeitamos o seu direito \u00e0 privacidade, pode optar por n\u00e3o permitir alguns tipos de cookies.         Para mais informa\u00e7\u00f5es, revise nossa         <a aria-label=\"Pol\u00edtica de Privacidade\" target=\"_blank\" href=\"https:\/\/www.otempo.com.br\/politica-de-cookies\" class=\"linkPolitica text-verde-primario font-bold decoration-solid\" data-v-ca9f4b1c rel=\"noopener\">           Pol\u00edtica de Cookies.         <\/a><br \/>Cookies operacionais\/t\u00e9cnicos:         S\u00e3o usados para tornar a navega\u00e7\u00e3o no site poss\u00edvel,         s\u00e3o essenciais e possibilitam a oferta de funcionalidades b\u00e1sicas.<br \/>Eles ajudam a registrar como as pessoas usam o nosso site,            para que possamos melhor\u00e1-lo no futuro. Por exemplo, eles nos dizem quais s\u00e3o as p\u00e1ginas mais populares e            como as pessoas navegam pelo nosso site. Usamos cookies anal\u00edticos pr\u00f3prios e tamb\u00e9m do Google Analytics para            coletar dados agregados sobre o uso do site.<br \/>Os cookies comportamentais e de marketing ajudam a entender           seus interesses baseados em como voc\u00ea navega em nosso site. Esses cookies podem ser ativados           tanto no nosso website quanto nas plataformas dos nossos parceiros de publicidade, como Facebook, Google e LinkedIn.<br \/>         Ol\u00e1 leitor, o portal O Tempo utiliza cookies para otimizar e aprimorar         sua navega\u00e7\u00e3o no site. Todos os cookies, exceto os estritamente         necess\u00e1rios, necessitam de seu consentimento para serem executados.         Para saber mais acesse a nossa         <a aria-label=\"Pol\u00edtica de Privacidade\" target=\"_blank\" href=\"https:\/\/www.otempo.com.br\/politica-de-privacidade\" class=\"linkPolitica text-verde-primario font-bold decoration-solid\" data-v-ca9f4b1c rel=\"noopener\">           Pol\u00edtica de Privacidade.         <\/a><br \/>           Baixe nosso app         <br \/>         \u00a9 1996 &#8211; 2024 | Sempre Editora       <\/p>\n<p><a href=\"https:\/\/news.google.com\/rss\/articles\/CBMie2h0dHBzOi8vd3d3Lm90ZW1wby5jb20uYnIvdGVjbm9sb2dpYS9jYW52YS1mb3JhLWRvLWFyLXVzdWFyaW9zLXJlbGF0YW0tcHJvYmxlbWFzLW5hLXBsYXRhZm9ybWEtZGUtZGVzaWduLWhvamUtMS05LTEuMzIyNTg2MdIBggFodHRwczovL3d3dy5vdGVtcG8uY29tLmJyL21vYmlsZS90ZWNub2xvZ2lhL2NhbnZhLWZvcmEtZG8tYXItdXN1YXJpb3MtcmVsYXRhbS1wcm9ibGVtYXMtbmEtcGxhdGFmb3JtYS1kZS1kZXNpZ24taG9qZS0xLTktMS4zMjI1ODYx?oc=5\">source<\/a><\/p>\n","protected":false},"excerpt":{"rendered":"<p>Ou\u00e7a a r\u00e1dioMadrugada O TEMPO Clique e participe do nosso canal no WhatsApp Participe do canal de O TEMPO no WhatsApp e receba as not\u00edcias do dia direto no seu celular O Canva, plataforma online de design gr\u00e1fico, est\u00e1 fora do ar na manh\u00e3 desta sexta-feira (1\/09). Ao entrar no site, o usu\u00e1rio v\u00ea a&#8230;<\/p>\n","protected":false},"author":1,"featured_media":14525,"comment_status":"open","ping_status":"open","sticky":false,"template":"","format":"standard","meta":{"footnotes":""},"categories":[1],"tags":[69],"class_list":["post-14524","post","type-post","status-publish","format-standard","has-post-thumbnail","hentry","category-tutoriais","tag-tutorial"],"yoast_head":"<!-- This site is optimized with the Yoast SEO Premium plugin v21.1 (Yoast SEO v22.7) - https:\/\/yoast.com\/wordpress\/plugins\/seo\/ -->\n<title>Canva fora do ar? Usu\u00e1rios relatam problemas na plataforma de design hoje (1\/9) - O Tempo - 4tuneagencia.digital<\/title>\n<meta name=\"robots\" content=\"index, follow, max-snippet:-1, max-image-preview:large, max-video-preview:-1\" \/>\n<link rel=\"canonical\" href=\"https:\/\/4tuneagencia.digital\/blog\/canva-fora-do-ar-usuarios-relatam-problemas-na-plataforma-de-design-hoje-1-9-o-tempo\/\" \/>\n<meta property=\"og:locale\" content=\"pt_BR\" \/>\n<meta property=\"og:type\" content=\"article\" \/>\n<meta property=\"og:title\" content=\"Canva fora do ar? Usu\u00e1rios relatam problemas na plataforma de design hoje (1\/9) - O Tempo\" \/>\n<meta property=\"og:description\" content=\"Ou\u00e7a a r\u00e1dioMadrugada O TEMPO Clique e participe do nosso canal no WhatsApp Participe do canal de O TEMPO no WhatsApp e receba as not\u00edcias do dia direto no seu celular O Canva, plataforma online de design gr\u00e1fico, est\u00e1 fora do ar na manh\u00e3 desta sexta-feira (1\/09). Ao entrar no site, o usu\u00e1rio v\u00ea a...\" \/>\n<meta property=\"og:url\" content=\"https:\/\/4tuneagencia.digital\/blog\/canva-fora-do-ar-usuarios-relatam-problemas-na-plataforma-de-design-hoje-1-9-o-tempo\/\" \/>\n<meta property=\"og:site_name\" content=\"4tuneagencia.digital\" \/>\n<meta property=\"article:published_time\" content=\"2024-05-02T07:21:34+00:00\" \/>\n<meta name=\"author\" content=\"4tune\" \/>\n<meta name=\"twitter:card\" content=\"summary_large_image\" \/>\n<meta name=\"twitter:label1\" content=\"Escrito por\" \/>\n\t<meta name=\"twitter:data1\" content=\"4tune\" \/>\n\t<meta name=\"twitter:label2\" content=\"Est. tempo de leitura\" \/>\n\t<meta name=\"twitter:data2\" content=\"2 minutos\" \/>\n<script type=\"application\/ld+json\" class=\"yoast-schema-graph\">{\"@context\":\"https:\/\/schema.org\",\"@graph\":[{\"@type\":\"Article\",\"@id\":\"https:\/\/4tuneagencia.digital\/blog\/canva-fora-do-ar-usuarios-relatam-problemas-na-plataforma-de-design-hoje-1-9-o-tempo\/#article\",\"isPartOf\":{\"@id\":\"https:\/\/4tuneagencia.digital\/blog\/canva-fora-do-ar-usuarios-relatam-problemas-na-plataforma-de-design-hoje-1-9-o-tempo\/\"},\"author\":{\"name\":\"4tune\",\"@id\":\"https:\/\/4tuneagencia.digital\/blog\/#\/schema\/person\/7c40d2e8b9964c2390122613459c2100\"},\"headline\":\"Canva fora do ar? Usu\u00e1rios relatam problemas na plataforma de design hoje (1\/9) &#8211; O Tempo\",\"datePublished\":\"2024-05-02T07:21:34+00:00\",\"dateModified\":\"2024-05-02T07:21:34+00:00\",\"mainEntityOfPage\":{\"@id\":\"https:\/\/4tuneagencia.digital\/blog\/canva-fora-do-ar-usuarios-relatam-problemas-na-plataforma-de-design-hoje-1-9-o-tempo\/\"},\"wordCount\":426,\"commentCount\":0,\"publisher\":{\"@id\":\"https:\/\/4tuneagencia.digital\/blog\/#organization\"},\"image\":{\"@id\":\"https:\/\/4tuneagencia.digital\/blog\/canva-fora-do-ar-usuarios-relatam-problemas-na-plataforma-de-design-hoje-1-9-o-tempo\/#primaryimage\"},\"thumbnailUrl\":\"https:\/\/4tuneagencia.digital\/blog\/wp-content\/uploads\/2024\/05\/wp-header-logo-22.png\",\"keywords\":[\"Tutorial\"],\"articleSection\":[\"Tutoriais\"],\"inLanguage\":\"pt-BR\",\"potentialAction\":[{\"@type\":\"CommentAction\",\"name\":\"Comment\",\"target\":[\"https:\/\/4tuneagencia.digital\/blog\/canva-fora-do-ar-usuarios-relatam-problemas-na-plataforma-de-design-hoje-1-9-o-tempo\/#respond\"]}]},{\"@type\":\"WebPage\",\"@id\":\"https:\/\/4tuneagencia.digital\/blog\/canva-fora-do-ar-usuarios-relatam-problemas-na-plataforma-de-design-hoje-1-9-o-tempo\/\",\"url\":\"https:\/\/4tuneagencia.digital\/blog\/canva-fora-do-ar-usuarios-relatam-problemas-na-plataforma-de-design-hoje-1-9-o-tempo\/\",\"name\":\"Canva fora do ar? Usu\u00e1rios relatam problemas na plataforma de design hoje (1\/9) - O Tempo - 4tuneagencia.digital\",\"isPartOf\":{\"@id\":\"https:\/\/4tuneagencia.digital\/blog\/#website\"},\"primaryImageOfPage\":{\"@id\":\"https:\/\/4tuneagencia.digital\/blog\/canva-fora-do-ar-usuarios-relatam-problemas-na-plataforma-de-design-hoje-1-9-o-tempo\/#primaryimage\"},\"image\":{\"@id\":\"https:\/\/4tuneagencia.digital\/blog\/canva-fora-do-ar-usuarios-relatam-problemas-na-plataforma-de-design-hoje-1-9-o-tempo\/#primaryimage\"},\"thumbnailUrl\":\"https:\/\/4tuneagencia.digital\/blog\/wp-content\/uploads\/2024\/05\/wp-header-logo-22.png\",\"datePublished\":\"2024-05-02T07:21:34+00:00\",\"dateModified\":\"2024-05-02T07:21:34+00:00\",\"breadcrumb\":{\"@id\":\"https:\/\/4tuneagencia.digital\/blog\/canva-fora-do-ar-usuarios-relatam-problemas-na-plataforma-de-design-hoje-1-9-o-tempo\/#breadcrumb\"},\"inLanguage\":\"pt-BR\",\"potentialAction\":[{\"@type\":\"ReadAction\",\"target\":[\"https:\/\/4tuneagencia.digital\/blog\/canva-fora-do-ar-usuarios-relatam-problemas-na-plataforma-de-design-hoje-1-9-o-tempo\/\"]}]},{\"@type\":\"ImageObject\",\"inLanguage\":\"pt-BR\",\"@id\":\"https:\/\/4tuneagencia.digital\/blog\/canva-fora-do-ar-usuarios-relatam-problemas-na-plataforma-de-design-hoje-1-9-o-tempo\/#primaryimage\",\"url\":\"https:\/\/4tuneagencia.digital\/blog\/wp-content\/uploads\/2024\/05\/wp-header-logo-22.png\",\"contentUrl\":\"https:\/\/4tuneagencia.digital\/blog\/wp-content\/uploads\/2024\/05\/wp-header-logo-22.png\",\"width\":693,\"height\":462},{\"@type\":\"BreadcrumbList\",\"@id\":\"https:\/\/4tuneagencia.digital\/blog\/canva-fora-do-ar-usuarios-relatam-problemas-na-plataforma-de-design-hoje-1-9-o-tempo\/#breadcrumb\",\"itemListElement\":[{\"@type\":\"ListItem\",\"position\":1,\"name\":\"In\u00edcio\",\"item\":\"https:\/\/4tuneagencia.digital\/blog\/\"},{\"@type\":\"ListItem\",\"position\":2,\"name\":\"Canva fora do ar? Usu\u00e1rios relatam problemas na plataforma de design hoje (1\/9) &#8211; O Tempo\"}]},{\"@type\":\"WebSite\",\"@id\":\"https:\/\/4tuneagencia.digital\/blog\/#website\",\"url\":\"https:\/\/4tuneagencia.digital\/blog\/\",\"name\":\"4tuneagencia.digital\",\"description\":\"Marketing e Web Designer \",\"publisher\":{\"@id\":\"https:\/\/4tuneagencia.digital\/blog\/#organization\"},\"potentialAction\":[{\"@type\":\"SearchAction\",\"target\":{\"@type\":\"EntryPoint\",\"urlTemplate\":\"https:\/\/4tuneagencia.digital\/blog\/?s={search_term_string}\"},\"query-input\":\"required name=search_term_string\"}],\"inLanguage\":\"pt-BR\"},{\"@type\":\"Organization\",\"@id\":\"https:\/\/4tuneagencia.digital\/blog\/#organization\",\"name\":\"4tuneagencia.digital\",\"url\":\"https:\/\/4tuneagencia.digital\/blog\/\",\"logo\":{\"@type\":\"ImageObject\",\"inLanguage\":\"pt-BR\",\"@id\":\"https:\/\/4tuneagencia.digital\/blog\/#\/schema\/logo\/image\/\",\"url\":\"https:\/\/4tuneagencia.digital\/blog\/wp-content\/uploads\/2023\/09\/novo-logo-e1694954525541.png\",\"contentUrl\":\"https:\/\/4tuneagencia.digital\/blog\/wp-content\/uploads\/2023\/09\/novo-logo-e1694954525541.png\",\"width\":250,\"height\":250,\"caption\":\"4tuneagencia.digital\"},\"image\":{\"@id\":\"https:\/\/4tuneagencia.digital\/blog\/#\/schema\/logo\/image\/\"}},{\"@type\":\"Person\",\"@id\":\"https:\/\/4tuneagencia.digital\/blog\/#\/schema\/person\/7c40d2e8b9964c2390122613459c2100\",\"name\":\"4tune\",\"image\":{\"@type\":\"ImageObject\",\"inLanguage\":\"pt-BR\",\"@id\":\"https:\/\/4tuneagencia.digital\/blog\/#\/schema\/person\/image\/\",\"url\":\"https:\/\/secure.gravatar.com\/avatar\/e81e8ea0176022ee4555117aee5e3092bff2a7aaa930134f8023c7d4bc2f1495?s=96&d=mm&r=g\",\"contentUrl\":\"https:\/\/secure.gravatar.com\/avatar\/e81e8ea0176022ee4555117aee5e3092bff2a7aaa930134f8023c7d4bc2f1495?s=96&d=mm&r=g\",\"caption\":\"4tune\"},\"sameAs\":[\"http:\/\/4tuneagencia.digital\"],\"url\":\"https:\/\/4tuneagencia.digital\/blog\/author\/admin\/\"}]}<\/script>\n<!-- \/ Yoast SEO Premium plugin. -->","yoast_head_json":{"title":"Canva fora do ar? Usu\u00e1rios relatam problemas na plataforma de design hoje (1\/9) - O Tempo - 4tuneagencia.digital","robots":{"index":"index","follow":"follow","max-snippet":"max-snippet:-1","max-image-preview":"max-image-preview:large","max-video-preview":"max-video-preview:-1"},"canonical":"https:\/\/4tuneagencia.digital\/blog\/canva-fora-do-ar-usuarios-relatam-problemas-na-plataforma-de-design-hoje-1-9-o-tempo\/","og_locale":"pt_BR","og_type":"article","og_title":"Canva fora do ar? Usu\u00e1rios relatam problemas na plataforma de design hoje (1\/9) - O Tempo","og_description":"Ou\u00e7a a r\u00e1dioMadrugada O TEMPO Clique e participe do nosso canal no WhatsApp Participe do canal de O TEMPO no WhatsApp e receba as not\u00edcias do dia direto no seu celular O Canva, plataforma online de design gr\u00e1fico, est\u00e1 fora do ar na manh\u00e3 desta sexta-feira (1\/09). Ao entrar no site, o usu\u00e1rio v\u00ea a...","og_url":"https:\/\/4tuneagencia.digital\/blog\/canva-fora-do-ar-usuarios-relatam-problemas-na-plataforma-de-design-hoje-1-9-o-tempo\/","og_site_name":"4tuneagencia.digital","article_published_time":"2024-05-02T07:21:34+00:00","author":"4tune","twitter_card":"summary_large_image","twitter_misc":{"Escrito por":"4tune","Est. tempo de leitura":"2 minutos"},"schema":{"@context":"https:\/\/schema.org","@graph":[{"@type":"Article","@id":"https:\/\/4tuneagencia.digital\/blog\/canva-fora-do-ar-usuarios-relatam-problemas-na-plataforma-de-design-hoje-1-9-o-tempo\/#article","isPartOf":{"@id":"https:\/\/4tuneagencia.digital\/blog\/canva-fora-do-ar-usuarios-relatam-problemas-na-plataforma-de-design-hoje-1-9-o-tempo\/"},"author":{"name":"4tune","@id":"https:\/\/4tuneagencia.digital\/blog\/#\/schema\/person\/7c40d2e8b9964c2390122613459c2100"},"headline":"Canva fora do ar? Usu\u00e1rios relatam problemas na plataforma de design hoje (1\/9) &#8211; O Tempo","datePublished":"2024-05-02T07:21:34+00:00","dateModified":"2024-05-02T07:21:34+00:00","mainEntityOfPage":{"@id":"https:\/\/4tuneagencia.digital\/blog\/canva-fora-do-ar-usuarios-relatam-problemas-na-plataforma-de-design-hoje-1-9-o-tempo\/"},"wordCount":426,"commentCount":0,"publisher":{"@id":"https:\/\/4tuneagencia.digital\/blog\/#organization"},"image":{"@id":"https:\/\/4tuneagencia.digital\/blog\/canva-fora-do-ar-usuarios-relatam-problemas-na-plataforma-de-design-hoje-1-9-o-tempo\/#primaryimage"},"thumbnailUrl":"https:\/\/4tuneagencia.digital\/blog\/wp-content\/uploads\/2024\/05\/wp-header-logo-22.png","keywords":["Tutorial"],"articleSection":["Tutoriais"],"inLanguage":"pt-BR","potentialAction":[{"@type":"CommentAction","name":"Comment","target":["https:\/\/4tuneagencia.digital\/blog\/canva-fora-do-ar-usuarios-relatam-problemas-na-plataforma-de-design-hoje-1-9-o-tempo\/#respond"]}]},{"@type":"WebPage","@id":"https:\/\/4tuneagencia.digital\/blog\/canva-fora-do-ar-usuarios-relatam-problemas-na-plataforma-de-design-hoje-1-9-o-tempo\/","url":"https:\/\/4tuneagencia.digital\/blog\/canva-fora-do-ar-usuarios-relatam-problemas-na-plataforma-de-design-hoje-1-9-o-tempo\/","name":"Canva fora do ar? Usu\u00e1rios relatam problemas na plataforma de design hoje (1\/9) - O Tempo - 4tuneagencia.digital","isPartOf":{"@id":"https:\/\/4tuneagencia.digital\/blog\/#website"},"primaryImageOfPage":{"@id":"https:\/\/4tuneagencia.digital\/blog\/canva-fora-do-ar-usuarios-relatam-problemas-na-plataforma-de-design-hoje-1-9-o-tempo\/#primaryimage"},"image":{"@id":"https:\/\/4tuneagencia.digital\/blog\/canva-fora-do-ar-usuarios-relatam-problemas-na-plataforma-de-design-hoje-1-9-o-tempo\/#primaryimage"},"thumbnailUrl":"https:\/\/4tuneagencia.digital\/blog\/wp-content\/uploads\/2024\/05\/wp-header-logo-22.png","datePublished":"2024-05-02T07:21:34+00:00","dateModified":"2024-05-02T07:21:34+00:00","breadcrumb":{"@id":"https:\/\/4tuneagencia.digital\/blog\/canva-fora-do-ar-usuarios-relatam-problemas-na-plataforma-de-design-hoje-1-9-o-tempo\/#breadcrumb"},"inLanguage":"pt-BR","potentialAction":[{"@type":"ReadAction","target":["https:\/\/4tuneagencia.digital\/blog\/canva-fora-do-ar-usuarios-relatam-problemas-na-plataforma-de-design-hoje-1-9-o-tempo\/"]}]},{"@type":"ImageObject","inLanguage":"pt-BR","@id":"https:\/\/4tuneagencia.digital\/blog\/canva-fora-do-ar-usuarios-relatam-problemas-na-plataforma-de-design-hoje-1-9-o-tempo\/#primaryimage","url":"https:\/\/4tuneagencia.digital\/blog\/wp-content\/uploads\/2024\/05\/wp-header-logo-22.png","contentUrl":"https:\/\/4tuneagencia.digital\/blog\/wp-content\/uploads\/2024\/05\/wp-header-logo-22.png","width":693,"height":462},{"@type":"BreadcrumbList","@id":"https:\/\/4tuneagencia.digital\/blog\/canva-fora-do-ar-usuarios-relatam-problemas-na-plataforma-de-design-hoje-1-9-o-tempo\/#breadcrumb","itemListElement":[{"@type":"ListItem","position":1,"name":"In\u00edcio","item":"https:\/\/4tuneagencia.digital\/blog\/"},{"@type":"ListItem","position":2,"name":"Canva fora do ar? Usu\u00e1rios relatam problemas na plataforma de design hoje (1\/9) &#8211; O Tempo"}]},{"@type":"WebSite","@id":"https:\/\/4tuneagencia.digital\/blog\/#website","url":"https:\/\/4tuneagencia.digital\/blog\/","name":"4tuneagencia.digital","description":"Marketing e Web Designer ","publisher":{"@id":"https:\/\/4tuneagencia.digital\/blog\/#organization"},"potentialAction":[{"@type":"SearchAction","target":{"@type":"EntryPoint","urlTemplate":"https:\/\/4tuneagencia.digital\/blog\/?s={search_term_string}"},"query-input":"required name=search_term_string"}],"inLanguage":"pt-BR"},{"@type":"Organization","@id":"https:\/\/4tuneagencia.digital\/blog\/#organization","name":"4tuneagencia.digital","url":"https:\/\/4tuneagencia.digital\/blog\/","logo":{"@type":"ImageObject","inLanguage":"pt-BR","@id":"https:\/\/4tuneagencia.digital\/blog\/#\/schema\/logo\/image\/","url":"https:\/\/4tuneagencia.digital\/blog\/wp-content\/uploads\/2023\/09\/novo-logo-e1694954525541.png","contentUrl":"https:\/\/4tuneagencia.digital\/blog\/wp-content\/uploads\/2023\/09\/novo-logo-e1694954525541.png","width":250,"height":250,"caption":"4tuneagencia.digital"},"image":{"@id":"https:\/\/4tuneagencia.digital\/blog\/#\/schema\/logo\/image\/"}},{"@type":"Person","@id":"https:\/\/4tuneagencia.digital\/blog\/#\/schema\/person\/7c40d2e8b9964c2390122613459c2100","name":"4tune","image":{"@type":"ImageObject","inLanguage":"pt-BR","@id":"https:\/\/4tuneagencia.digital\/blog\/#\/schema\/person\/image\/","url":"https:\/\/secure.gravatar.com\/avatar\/e81e8ea0176022ee4555117aee5e3092bff2a7aaa930134f8023c7d4bc2f1495?s=96&d=mm&r=g","contentUrl":"https:\/\/secure.gravatar.com\/avatar\/e81e8ea0176022ee4555117aee5e3092bff2a7aaa930134f8023c7d4bc2f1495?s=96&d=mm&r=g","caption":"4tune"},"sameAs":["http:\/\/4tuneagencia.digital"],"url":"https:\/\/4tuneagencia.digital\/blog\/author\/admin\/"}]}},"jetpack_featured_media_url":"https:\/\/4tuneagencia.digital\/blog\/wp-content\/uploads\/2024\/05\/wp-header-logo-22.png","_links":{"self":[{"href":"https:\/\/4tuneagencia.digital\/blog\/wp-json\/wp\/v2\/posts\/14524","targetHints":{"allow":["GET"]}}],"collection":[{"href":"https:\/\/4tuneagencia.digital\/blog\/wp-json\/wp\/v2\/posts"}],"about":[{"href":"https:\/\/4tuneagencia.digital\/blog\/wp-json\/wp\/v2\/types\/post"}],"author":[{"embeddable":true,"href":"https:\/\/4tuneagencia.digital\/blog\/wp-json\/wp\/v2\/users\/1"}],"replies":[{"embeddable":true,"href":"https:\/\/4tuneagencia.digital\/blog\/wp-json\/wp\/v2\/comments?post=14524"}],"version-history":[{"count":0,"href":"https:\/\/4tuneagencia.digital\/blog\/wp-json\/wp\/v2\/posts\/14524\/revisions"}],"wp:featuredmedia":[{"embeddable":true,"href":"https:\/\/4tuneagencia.digital\/blog\/wp-json\/wp\/v2\/media\/14525"}],"wp:attachment":[{"href":"https:\/\/4tuneagencia.digital\/blog\/wp-json\/wp\/v2\/media?parent=14524"}],"wp:term":[{"taxonomy":"category","embeddable":true,"href":"https:\/\/4tuneagencia.digital\/blog\/wp-json\/wp\/v2\/categories?post=14524"},{"taxonomy":"post_tag","embeddable":true,"href":"https:\/\/4tuneagencia.digital\/blog\/wp-json\/wp\/v2\/tags?post=14524"}],"curies":[{"name":"wp","href":"https:\/\/api.w.org\/{rel}","templated":true}]}}