{"id":14629,"date":"2024-05-11T22:22:28","date_gmt":"2024-05-12T01:22:28","guid":{"rendered":"https:\/\/4tuneagencia.digital\/blog\/acordo-de-conciliacao-enfermagem-coren-sp\/"},"modified":"2024-05-11T22:22:28","modified_gmt":"2024-05-12T01:22:28","slug":"acordo-de-conciliacao-enfermagem-coren-sp","status":"publish","type":"post","link":"https:\/\/4tuneagencia.digital\/blog\/acordo-de-conciliacao-enfermagem-coren-sp\/","title":{"rendered":"ACORDO DE CONCILIA\u00c7\u00c3O ENFERMAGEM &#8211; Coren-SP"},"content":{"rendered":"<p>O procedimento de concilia\u00e7\u00e3o em processos de cobran\u00e7a de d\u00e9bitos do sistema Cofen\/Corens, institu\u00eddo&nbsp;pela <a href=\"http:\/\/www.cofen.gov.br\/resolucao-cofen-no-614-2019_73501.html\" target=\"_blank\" rel=\"noreferrer noopener\">Resolu\u00e7\u00e3o Cofen 614\/2019<\/a>, oferece aos profissionais de enfermagem condi\u00e7\u00f5es vantajosas para regulariza\u00e7\u00e3o dos <strong>d\u00e9bitos de anuidades vencidas, exceto para a do ano vigente<\/strong>.<br \/><strong>A ades\u00e3o deve ser realizada pelo canal de <a href=\"https:\/\/servicos-online.coren-sp.gov.br\/sicsp\/websys\/file\/classes\/totem\/pf_autenticacao_com_senha\/pf_autenticacao_com_senha.php?rnd=4&amp;destino=pageInicio\" target=\"_blank\" rel=\"noreferrer noopener\">Servi\u00e7os Online<\/a>&nbsp;e nas <a href=\"https:\/\/portal.coren-sp.gov.br\/fale-conosco\/enderecos\/\" target=\"_blank\" rel=\"noreferrer noopener\">unidades do Coren-SP<\/a>.<\/strong><br \/>Aten\u00e7\u00e3o: n\u00e3o \u00e9 poss\u00edvel aderir ao Acordo de Concilia\u00e7\u00e3o por telefone, Fale Conosco ou redes sociais (Facebook, Instagram, Twitter, Google Meu Neg\u00f3cio e YouTube).<br \/><a href=\"#p1\">&gt; Em quantas vezes posso parcelar?<\/a><br \/><a href=\"#p1\">&gt; <\/a><a href=\"#p2\">Como fa\u00e7o para aderir ao Acordo de Concilia\u00e7\u00e3o pelo site?<\/a><br \/><a href=\"#p1\">&gt; <\/a><a href=\"#p3\">Como fa\u00e7o para aderir ao Acordo de Concilia\u00e7\u00e3o pessoalmente?<\/a><br \/><a href=\"#p1\">&gt; <\/a><a href=\"#p6\">Cometi um erro ao confirmar meu acordo. Posso corrigi-lo?<\/a><br \/><a href=\"#p1\">&gt; <\/a><a href=\"#p7\">J\u00e1 tenho um acordo padr\u00e3o. Posso aderir ao Acordo de Concilia\u00e7\u00e3o?<\/a><br \/><a href=\"#p1\">&gt; <\/a><a href=\"#p8\">Posso reduzir o n\u00famero de parcelas do Acordo de Concilia\u00e7\u00e3o?<\/a><br \/><a href=\"#p10\">&gt;&nbsp;D\u00e9bito direto autorizado (DDA)<\/a><br \/><a href=\"#p1\">&gt; <\/a><a href=\"#p9\">Avisos<\/a><br \/>Os d\u00e9bitos poder\u00e3o ser parcelados de acordo com a tabela a seguir, podendo ser divididos em at\u00e9 <strong>12 parcelas mensais no cart\u00e3o de cr\u00e9dito ou em 5 vezes no boleto<\/strong>, em valor igual ou superior a R$ 50,00 para pessoa f\u00edsica e R$ 100,00 para pessoa jur\u00eddica, <strong>exclu\u00edda a anuidade do ano vigente<\/strong>, com os seguintes descontos:<br \/>&nbsp;<br \/>&nbsp;<\/p>\n<p><strong>Para pagamentos via boletos:<\/strong><br \/>O pagamento do valor correspondente \u00e0 primeira parcela, ap\u00f3s pactuado o acordo, poder\u00e1 ser realizado at\u00e9 o \u00faltimo dia \u00fatil do m\u00eas do pedido de parcelamento.<br \/>O n\u00e3o pagamento da primeira parcela do acordo na data de vencimento importar\u00e1 no cancelamento do acordo, no prazo de 10 dias contados deste vencimento, independente de pr\u00e9via notifica\u00e7\u00e3o do inscrito.<br \/>Aten\u00e7\u00e3o: os boletos s\u00e3o emitidos com vencimento apenas em dias \u00fateis. Caso o \u00faltimo dia do m\u00eas ou a data escolhida para pagamento do acordo sejam um final de semana ou feriado banc\u00e1rio, a data de vencimento do boleto ser\u00e1 automaticamente postergada para o pr\u00f3ximo dia \u00fatil.<\/p>\n<p><strong>Para pagamentos via cart\u00e3o de cr\u00e9dito (desde 1\/2\/2022):<\/strong><br \/>Uma vez firmado o acordo, o vencimento de cada parcela est\u00e1 diretamente vinculado ao pagamento da fatura do cart\u00e3o de cr\u00e9dito.<br \/>O acordo para pagamento via cart\u00e3o de cr\u00e9dito s\u00f3 pode ser firmado <strong>diretamente pelo canal de Servi\u00e7os Online ou presencialmente<\/strong> nas unidades do Coren-SP &#8211; e n\u00e3o por telefone, Fale Conosco, chat, ouvidoria e redes sociais.<br \/><a href=\"#\"><strong>[voltar para o topo]<\/strong><\/a><br \/>A ades\u00e3o \u00e9 realizada pelo canal de <a href=\"https:\/\/portal.coren-sp.gov.br\/servicos-online\" target=\"_blank\" rel=\"noreferrer noopener\"><strong>Servi\u00e7os Online<\/strong><\/a>. Para isso, basta seguir os passos abaixo:<br \/><strong>1.<\/strong> Acessar o canal de <a href=\"https:\/\/portal.coren-sp.gov.br\/servicos-online\" target=\"_blank\" rel=\"noreferrer noopener\"><strong>Servi\u00e7os Online<\/strong><\/a> e inserir seu CPF e sua senha:<br \/><strong>2.<\/strong> Clicar em <strong>Anuidades e Boletos<\/strong>:<br \/><strong>3.<\/strong> Clicar em <strong>Parcelamento de Anuidades<\/strong>:<br \/><strong>4.<\/strong> Clicar no bot\u00e3o <strong>Parcelar<\/strong>&nbsp;referente ao pagamento de anuidades de <strong>anos anteriores<\/strong>:<br \/><strong>5.<\/strong> Selecionar a forma de pagamento: boleto ou cart\u00e3o de cr\u00e9dito<br \/>O n\u00famero de parcelas que correspondam \u00e0 ades\u00e3o ao programa, ou seja, com <strong>valor m\u00ednimo de R$ 50 cada uma para profissionais de enfermagem e de R$ 100,00 para empresas<\/strong>.<br \/><strong>6.<\/strong> Clicar em <strong>Confirmar o acordo<\/strong>:<br \/>Ler os termos, aceit\u00e1-los e clicar em <strong>Continuar<\/strong>:<br \/>E na sequ\u00eancia, confirmar novamente a opera\u00e7\u00e3o:<br \/><strong>7.<\/strong> Verificar a op\u00e7\u00e3o desejada: baixar o boleto, copiar o c\u00f3digo para pagamento em aplicativos de bancos ou envi\u00e1-lo para o e-mail j\u00e1 cadastrado; ou conferir o comprovante de pagamento realizado via cart\u00e3o de cr\u00e9dito:<br \/>Lembre-se: o e-mail considerado \u00e9 o que j\u00e1 consta no cadastro. Caso deseje alter\u00e1-lo, fa\u00e7a a atualiza\u00e7\u00e3o <strong>previamente<\/strong> no campo de <strong>Atualiza\u00e7\u00e3o Cadastral<\/strong> tamb\u00e9m dispon\u00edvel no canal dos <a href=\"https:\/\/portal.coren-sp.gov.br\/servicos-online\" target=\"_blank\" rel=\"noreferrer noopener\"><strong>Servi\u00e7os Online<\/strong><\/a>:<br \/><strong>8. PRONTO: a ades\u00e3o est\u00e1 conclu\u00edda!<\/strong><br \/>A partir da\u00ed, basta respeitar os prazos de vencimento dos boletos gerados, para evitar o acr\u00e9scimo de multas sobre esses boletos j\u00e1 gerados.<br \/><a href=\"#\"><strong>[voltar para o topo]<\/strong><\/a><br \/>Basta comparecer \u00e0 <a href=\"https:\/\/portal.coren-sp.gov.br\/fale-conosco\/enderecos\/\" target=\"_blank\" rel=\"noreferrer noopener\"><strong>unidade mais pr\u00f3xima<\/strong><\/a> do Coren-SP, para assinatura do termo de ades\u00e3o.<br \/>Outra pessoa pode representar o profissional no momento da ades\u00e3o, com a apresenta\u00e7\u00e3o de procura\u00e7\u00e3o simples, sem necessidade de reconhecimento de firma.<br \/>Aten\u00e7\u00e3o: <strong>n\u00e3o \u00e9 poss\u00edvel<\/strong> aderir ao Acordo de Concilia\u00e7\u00e3o por telefone, Fale Conosco ou redes sociais (Facebook, Instagram, Twitter e YouTube).<br \/><a href=\"#\"><strong>[voltar para o topo]<\/strong><\/a><br \/>Sim. Para isso, \u00e9 necess\u00e1rio entrar em contato pelo canal de <a href=\"https:\/\/portal.coren-sp.gov.br\/fale-conosco\" target=\"_blank\" rel=\"noreferrer noopener\"><strong>Fale Conosco<\/strong><\/a>. N\u00e3o ser\u00e3o realizadas altera\u00e7\u00f5es ou cancelamentos por telefone.<br \/><a href=\"#\"><strong>[voltar para o topo]<\/strong><\/a><br \/>Sim. Para isso, \u00e9 necess\u00e1rio entrar em contato pelo canal de <a href=\"https:\/\/portal.coren-sp.gov.br\/fale-conosco\" target=\"_blank\" rel=\"noreferrer noopener\"><strong>Fale Conosco<\/strong><\/a> ou com a <a href=\"https:\/\/portal.coren-sp.gov.br\/fale-conosco\/enderecos\/\" target=\"_blank\" rel=\"noreferrer noopener\"><strong>unidade mais pr\u00f3xima<\/strong><\/a>.<br \/><a href=\"#\"><strong>[voltar para o topo]<\/strong><\/a><br \/>Sim. Nos termos da <a href=\"http:\/\/www.cofen.gov.br\/resolucao-cofen-no-614-2019_73501.html\" target=\"_blank\" rel=\"noreferrer noopener\">Resolu\u00e7\u00e3o Cofen 614\/2019<\/a>, o profissional em dia com o parcelamento poder\u00e1, a qualquer tempo, regularizar o seu saldo devedor mediante o pagamento antecipado de parcelas. Lembramos que o valor das parcelas geradas pode sofrer corre\u00e7\u00e3o monet\u00e1ria de acordo com &nbsp;a&nbsp;SELIC &#8211; <a href=\"http:\/\/www.planalto.gov.br\/ccivil_03\/LEIS\/L9430.htm\" target=\"_blank\" rel=\"noreferrer noopener\">arts. 61 e 5\u00ba, \u00a73\u00ba da Lei n\u00ba 9.430\/96<\/a>, cumulado com o <a href=\"http:\/\/www.planalto.gov.br\/ccivil_03\/LEIS\/2002\/L10522.htm\" target=\"_blank\" rel=\"noreferrer noopener\">art. 37-A da Lei n\u00ba 10.522\/2002<\/a> e, ap\u00f3s o vencimento, incidir\u00e1 sobre o valor da parcela corre\u00e7\u00e3o monet\u00e1ria pelo INPC, multa de 2%, al\u00e9m dos juros mensais na base de 1% sobre cada parcela, conforme <a href=\"http:\/\/www.cofen.gov.br\/resolucao-cofen-no-614-2019_73501.html\" target=\"_blank\" rel=\"noreferrer noopener\">Resolu\u00e7\u00e3o Cofen 614\/2019<\/a>.<br \/>Para isso, \u00e9 necess\u00e1rio entrar em contato pelo canal de <a href=\"https:\/\/portal.coren-sp.gov.br\/fale-conosco\/\" target=\"_blank\" rel=\"noreferrer noopener\">Fale Conosco<\/a> ou com a <a href=\"https:\/\/portal.coren-sp.gov.br\/fale-conosco\/enderecos\/\" target=\"_blank\" rel=\"noreferrer noopener\">unidade mais pr\u00f3xima<\/a>.<br \/><a href=\"#\"><strong>[voltar para o topo]<\/strong><\/a><br \/>\u00c9 um sistema disponibilizado pelos bancos para que os seus clientes recebam seus boletos de forma eletr\u00f4nica, sendo notificados sobre pagamentos de t\u00edtulos pendentes, sempre que forem lan\u00e7ados boletos no seu CPF ou CNPJ. O&nbsp;<strong>DDA n\u00e3o \u00e9 d\u00e9bito autom\u00e1tico<\/strong>, assim ser\u00e1 necess\u00e1rio realizar o pagamento do boleto visualizado em sua conta.<br \/><a href=\"#\"><strong>[voltar para o topo]<\/strong><\/a><br \/><a href=\"#\"><strong>[voltar para o topo]<\/strong><\/a><br \/>Tel.: <a class=\"footer__link\" href=\"tel:+551132256300\">(11) 3225-6300<\/a><br \/><strong>Sede<\/strong><br \/> Segunda \u00e0 Sexta: 7h \u00e0s 16h<br \/>(exceto feriados)<br \/>  \t\t\t\t\t\tCoren SP \u00a9 2024 | Todos os direitos reservados\t\t\t\t\t<\/p>\n<p><a href=\"https:\/\/news.google.com\/rss\/articles\/CBMiK2h0dHBzOi8vcG9ydGFsLmNvcmVuLXNwLmdvdi5ici9jb25jaWxpYWNhby_SAQA?oc=5\">source<\/a><\/p>\n","protected":false},"excerpt":{"rendered":"<p>O procedimento de concilia\u00e7\u00e3o em processos de cobran\u00e7a de d\u00e9bitos do sistema Cofen\/Corens, institu\u00eddo&nbsp;pela Resolu\u00e7\u00e3o Cofen 614\/2019, oferece aos profissionais de enfermagem condi\u00e7\u00f5es vantajosas para regulariza\u00e7\u00e3o dos d\u00e9bitos de anuidades vencidas, exceto para a do ano vigente.A ades\u00e3o deve ser realizada pelo canal de Servi\u00e7os Online&nbsp;e nas unidades do Coren-SP.Aten\u00e7\u00e3o: n\u00e3o \u00e9 poss\u00edvel aderir ao&#8230;<\/p>\n","protected":false},"author":1,"featured_media":14630,"comment_status":"open","ping_status":"open","sticky":false,"template":"","format":"standard","meta":{"footnotes":""},"categories":[1],"tags":[69],"class_list":["post-14629","post","type-post","status-publish","format-standard","has-post-thumbnail","hentry","category-tutoriais","tag-tutorial"],"yoast_head":"<!-- This site is optimized with the Yoast SEO Premium plugin v21.1 (Yoast SEO v22.7) - https:\/\/yoast.com\/wordpress\/plugins\/seo\/ -->\n<title>ACORDO DE CONCILIA\u00c7\u00c3O ENFERMAGEM - Coren-SP - 4tuneagencia.digital<\/title>\n<meta name=\"robots\" content=\"index, follow, max-snippet:-1, max-image-preview:large, max-video-preview:-1\" \/>\n<link rel=\"canonical\" href=\"https:\/\/4tuneagencia.digital\/blog\/acordo-de-conciliacao-enfermagem-coren-sp\/\" \/>\n<meta property=\"og:locale\" content=\"pt_BR\" \/>\n<meta property=\"og:type\" content=\"article\" \/>\n<meta property=\"og:title\" content=\"ACORDO DE CONCILIA\u00c7\u00c3O ENFERMAGEM - Coren-SP\" \/>\n<meta property=\"og:description\" content=\"O procedimento de concilia\u00e7\u00e3o em processos de cobran\u00e7a de d\u00e9bitos do sistema Cofen\/Corens, institu\u00eddo&nbsp;pela Resolu\u00e7\u00e3o Cofen 614\/2019, oferece aos profissionais de enfermagem condi\u00e7\u00f5es vantajosas para regulariza\u00e7\u00e3o dos d\u00e9bitos de anuidades vencidas, exceto para a do ano vigente.A ades\u00e3o deve ser realizada pelo canal de Servi\u00e7os Online&nbsp;e nas unidades do Coren-SP.Aten\u00e7\u00e3o: n\u00e3o \u00e9 poss\u00edvel aderir ao...\" \/>\n<meta property=\"og:url\" content=\"https:\/\/4tuneagencia.digital\/blog\/acordo-de-conciliacao-enfermagem-coren-sp\/\" \/>\n<meta property=\"og:site_name\" content=\"4tuneagencia.digital\" \/>\n<meta property=\"article:published_time\" content=\"2024-05-12T01:22:28+00:00\" \/>\n<meta name=\"author\" content=\"4tune\" \/>\n<meta name=\"twitter:card\" content=\"summary_large_image\" \/>\n<meta name=\"twitter:label1\" content=\"Escrito por\" \/>\n\t<meta name=\"twitter:data1\" content=\"4tune\" \/>\n\t<meta name=\"twitter:label2\" content=\"Est. tempo de leitura\" \/>\n\t<meta name=\"twitter:data2\" content=\"5 minutos\" \/>\n<script type=\"application\/ld+json\" class=\"yoast-schema-graph\">{\"@context\":\"https:\/\/schema.org\",\"@graph\":[{\"@type\":\"Article\",\"@id\":\"https:\/\/4tuneagencia.digital\/blog\/acordo-de-conciliacao-enfermagem-coren-sp\/#article\",\"isPartOf\":{\"@id\":\"https:\/\/4tuneagencia.digital\/blog\/acordo-de-conciliacao-enfermagem-coren-sp\/\"},\"author\":{\"name\":\"4tune\",\"@id\":\"https:\/\/4tuneagencia.digital\/blog\/#\/schema\/person\/7c40d2e8b9964c2390122613459c2100\"},\"headline\":\"ACORDO DE CONCILIA\u00c7\u00c3O ENFERMAGEM &#8211; Coren-SP\",\"datePublished\":\"2024-05-12T01:22:28+00:00\",\"dateModified\":\"2024-05-12T01:22:28+00:00\",\"mainEntityOfPage\":{\"@id\":\"https:\/\/4tuneagencia.digital\/blog\/acordo-de-conciliacao-enfermagem-coren-sp\/\"},\"wordCount\":981,\"commentCount\":0,\"publisher\":{\"@id\":\"https:\/\/4tuneagencia.digital\/blog\/#organization\"},\"image\":{\"@id\":\"https:\/\/4tuneagencia.digital\/blog\/acordo-de-conciliacao-enfermagem-coren-sp\/#primaryimage\"},\"thumbnailUrl\":\"https:\/\/4tuneagencia.digital\/blog\/wp-content\/uploads\/2024\/05\/wp-header-logo-73.png\",\"keywords\":[\"Tutorial\"],\"articleSection\":[\"Tutoriais\"],\"inLanguage\":\"pt-BR\",\"potentialAction\":[{\"@type\":\"CommentAction\",\"name\":\"Comment\",\"target\":[\"https:\/\/4tuneagencia.digital\/blog\/acordo-de-conciliacao-enfermagem-coren-sp\/#respond\"]}]},{\"@type\":\"WebPage\",\"@id\":\"https:\/\/4tuneagencia.digital\/blog\/acordo-de-conciliacao-enfermagem-coren-sp\/\",\"url\":\"https:\/\/4tuneagencia.digital\/blog\/acordo-de-conciliacao-enfermagem-coren-sp\/\",\"name\":\"ACORDO DE CONCILIA\u00c7\u00c3O ENFERMAGEM - Coren-SP - 4tuneagencia.digital\",\"isPartOf\":{\"@id\":\"https:\/\/4tuneagencia.digital\/blog\/#website\"},\"primaryImageOfPage\":{\"@id\":\"https:\/\/4tuneagencia.digital\/blog\/acordo-de-conciliacao-enfermagem-coren-sp\/#primaryimage\"},\"image\":{\"@id\":\"https:\/\/4tuneagencia.digital\/blog\/acordo-de-conciliacao-enfermagem-coren-sp\/#primaryimage\"},\"thumbnailUrl\":\"https:\/\/4tuneagencia.digital\/blog\/wp-content\/uploads\/2024\/05\/wp-header-logo-73.png\",\"datePublished\":\"2024-05-12T01:22:28+00:00\",\"dateModified\":\"2024-05-12T01:22:28+00:00\",\"breadcrumb\":{\"@id\":\"https:\/\/4tuneagencia.digital\/blog\/acordo-de-conciliacao-enfermagem-coren-sp\/#breadcrumb\"},\"inLanguage\":\"pt-BR\",\"potentialAction\":[{\"@type\":\"ReadAction\",\"target\":[\"https:\/\/4tuneagencia.digital\/blog\/acordo-de-conciliacao-enfermagem-coren-sp\/\"]}]},{\"@type\":\"ImageObject\",\"inLanguage\":\"pt-BR\",\"@id\":\"https:\/\/4tuneagencia.digital\/blog\/acordo-de-conciliacao-enfermagem-coren-sp\/#primaryimage\",\"url\":\"https:\/\/4tuneagencia.digital\/blog\/wp-content\/uploads\/2024\/05\/wp-header-logo-73.png\",\"contentUrl\":\"https:\/\/4tuneagencia.digital\/blog\/wp-content\/uploads\/2024\/05\/wp-header-logo-73.png\",\"width\":493,\"height\":242},{\"@type\":\"BreadcrumbList\",\"@id\":\"https:\/\/4tuneagencia.digital\/blog\/acordo-de-conciliacao-enfermagem-coren-sp\/#breadcrumb\",\"itemListElement\":[{\"@type\":\"ListItem\",\"position\":1,\"name\":\"In\u00edcio\",\"item\":\"https:\/\/4tuneagencia.digital\/blog\/\"},{\"@type\":\"ListItem\",\"position\":2,\"name\":\"ACORDO DE CONCILIA\u00c7\u00c3O ENFERMAGEM &#8211; Coren-SP\"}]},{\"@type\":\"WebSite\",\"@id\":\"https:\/\/4tuneagencia.digital\/blog\/#website\",\"url\":\"https:\/\/4tuneagencia.digital\/blog\/\",\"name\":\"4tuneagencia.digital\",\"description\":\"Marketing e Web Designer \",\"publisher\":{\"@id\":\"https:\/\/4tuneagencia.digital\/blog\/#organization\"},\"potentialAction\":[{\"@type\":\"SearchAction\",\"target\":{\"@type\":\"EntryPoint\",\"urlTemplate\":\"https:\/\/4tuneagencia.digital\/blog\/?s={search_term_string}\"},\"query-input\":\"required name=search_term_string\"}],\"inLanguage\":\"pt-BR\"},{\"@type\":\"Organization\",\"@id\":\"https:\/\/4tuneagencia.digital\/blog\/#organization\",\"name\":\"4tuneagencia.digital\",\"url\":\"https:\/\/4tuneagencia.digital\/blog\/\",\"logo\":{\"@type\":\"ImageObject\",\"inLanguage\":\"pt-BR\",\"@id\":\"https:\/\/4tuneagencia.digital\/blog\/#\/schema\/logo\/image\/\",\"url\":\"https:\/\/4tuneagencia.digital\/blog\/wp-content\/uploads\/2023\/09\/novo-logo-e1694954525541.png\",\"contentUrl\":\"https:\/\/4tuneagencia.digital\/blog\/wp-content\/uploads\/2023\/09\/novo-logo-e1694954525541.png\",\"width\":250,\"height\":250,\"caption\":\"4tuneagencia.digital\"},\"image\":{\"@id\":\"https:\/\/4tuneagencia.digital\/blog\/#\/schema\/logo\/image\/\"}},{\"@type\":\"Person\",\"@id\":\"https:\/\/4tuneagencia.digital\/blog\/#\/schema\/person\/7c40d2e8b9964c2390122613459c2100\",\"name\":\"4tune\",\"image\":{\"@type\":\"ImageObject\",\"inLanguage\":\"pt-BR\",\"@id\":\"https:\/\/4tuneagencia.digital\/blog\/#\/schema\/person\/image\/\",\"url\":\"https:\/\/secure.gravatar.com\/avatar\/e81e8ea0176022ee4555117aee5e3092bff2a7aaa930134f8023c7d4bc2f1495?s=96&d=mm&r=g\",\"contentUrl\":\"https:\/\/secure.gravatar.com\/avatar\/e81e8ea0176022ee4555117aee5e3092bff2a7aaa930134f8023c7d4bc2f1495?s=96&d=mm&r=g\",\"caption\":\"4tune\"},\"sameAs\":[\"http:\/\/4tuneagencia.digital\"],\"url\":\"https:\/\/4tuneagencia.digital\/blog\/author\/admin\/\"}]}<\/script>\n<!-- \/ Yoast SEO Premium plugin. -->","yoast_head_json":{"title":"ACORDO DE CONCILIA\u00c7\u00c3O ENFERMAGEM - Coren-SP - 4tuneagencia.digital","robots":{"index":"index","follow":"follow","max-snippet":"max-snippet:-1","max-image-preview":"max-image-preview:large","max-video-preview":"max-video-preview:-1"},"canonical":"https:\/\/4tuneagencia.digital\/blog\/acordo-de-conciliacao-enfermagem-coren-sp\/","og_locale":"pt_BR","og_type":"article","og_title":"ACORDO DE CONCILIA\u00c7\u00c3O ENFERMAGEM - Coren-SP","og_description":"O procedimento de concilia\u00e7\u00e3o em processos de cobran\u00e7a de d\u00e9bitos do sistema Cofen\/Corens, institu\u00eddo&nbsp;pela Resolu\u00e7\u00e3o Cofen 614\/2019, oferece aos profissionais de enfermagem condi\u00e7\u00f5es vantajosas para regulariza\u00e7\u00e3o dos d\u00e9bitos de anuidades vencidas, exceto para a do ano vigente.A ades\u00e3o deve ser realizada pelo canal de Servi\u00e7os Online&nbsp;e nas unidades do Coren-SP.Aten\u00e7\u00e3o: n\u00e3o \u00e9 poss\u00edvel aderir ao...","og_url":"https:\/\/4tuneagencia.digital\/blog\/acordo-de-conciliacao-enfermagem-coren-sp\/","og_site_name":"4tuneagencia.digital","article_published_time":"2024-05-12T01:22:28+00:00","author":"4tune","twitter_card":"summary_large_image","twitter_misc":{"Escrito por":"4tune","Est. tempo de leitura":"5 minutos"},"schema":{"@context":"https:\/\/schema.org","@graph":[{"@type":"Article","@id":"https:\/\/4tuneagencia.digital\/blog\/acordo-de-conciliacao-enfermagem-coren-sp\/#article","isPartOf":{"@id":"https:\/\/4tuneagencia.digital\/blog\/acordo-de-conciliacao-enfermagem-coren-sp\/"},"author":{"name":"4tune","@id":"https:\/\/4tuneagencia.digital\/blog\/#\/schema\/person\/7c40d2e8b9964c2390122613459c2100"},"headline":"ACORDO DE CONCILIA\u00c7\u00c3O ENFERMAGEM &#8211; Coren-SP","datePublished":"2024-05-12T01:22:28+00:00","dateModified":"2024-05-12T01:22:28+00:00","mainEntityOfPage":{"@id":"https:\/\/4tuneagencia.digital\/blog\/acordo-de-conciliacao-enfermagem-coren-sp\/"},"wordCount":981,"commentCount":0,"publisher":{"@id":"https:\/\/4tuneagencia.digital\/blog\/#organization"},"image":{"@id":"https:\/\/4tuneagencia.digital\/blog\/acordo-de-conciliacao-enfermagem-coren-sp\/#primaryimage"},"thumbnailUrl":"https:\/\/4tuneagencia.digital\/blog\/wp-content\/uploads\/2024\/05\/wp-header-logo-73.png","keywords":["Tutorial"],"articleSection":["Tutoriais"],"inLanguage":"pt-BR","potentialAction":[{"@type":"CommentAction","name":"Comment","target":["https:\/\/4tuneagencia.digital\/blog\/acordo-de-conciliacao-enfermagem-coren-sp\/#respond"]}]},{"@type":"WebPage","@id":"https:\/\/4tuneagencia.digital\/blog\/acordo-de-conciliacao-enfermagem-coren-sp\/","url":"https:\/\/4tuneagencia.digital\/blog\/acordo-de-conciliacao-enfermagem-coren-sp\/","name":"ACORDO DE CONCILIA\u00c7\u00c3O ENFERMAGEM - Coren-SP - 4tuneagencia.digital","isPartOf":{"@id":"https:\/\/4tuneagencia.digital\/blog\/#website"},"primaryImageOfPage":{"@id":"https:\/\/4tuneagencia.digital\/blog\/acordo-de-conciliacao-enfermagem-coren-sp\/#primaryimage"},"image":{"@id":"https:\/\/4tuneagencia.digital\/blog\/acordo-de-conciliacao-enfermagem-coren-sp\/#primaryimage"},"thumbnailUrl":"https:\/\/4tuneagencia.digital\/blog\/wp-content\/uploads\/2024\/05\/wp-header-logo-73.png","datePublished":"2024-05-12T01:22:28+00:00","dateModified":"2024-05-12T01:22:28+00:00","breadcrumb":{"@id":"https:\/\/4tuneagencia.digital\/blog\/acordo-de-conciliacao-enfermagem-coren-sp\/#breadcrumb"},"inLanguage":"pt-BR","potentialAction":[{"@type":"ReadAction","target":["https:\/\/4tuneagencia.digital\/blog\/acordo-de-conciliacao-enfermagem-coren-sp\/"]}]},{"@type":"ImageObject","inLanguage":"pt-BR","@id":"https:\/\/4tuneagencia.digital\/blog\/acordo-de-conciliacao-enfermagem-coren-sp\/#primaryimage","url":"https:\/\/4tuneagencia.digital\/blog\/wp-content\/uploads\/2024\/05\/wp-header-logo-73.png","contentUrl":"https:\/\/4tuneagencia.digital\/blog\/wp-content\/uploads\/2024\/05\/wp-header-logo-73.png","width":493,"height":242},{"@type":"BreadcrumbList","@id":"https:\/\/4tuneagencia.digital\/blog\/acordo-de-conciliacao-enfermagem-coren-sp\/#breadcrumb","itemListElement":[{"@type":"ListItem","position":1,"name":"In\u00edcio","item":"https:\/\/4tuneagencia.digital\/blog\/"},{"@type":"ListItem","position":2,"name":"ACORDO DE CONCILIA\u00c7\u00c3O ENFERMAGEM &#8211; Coren-SP"}]},{"@type":"WebSite","@id":"https:\/\/4tuneagencia.digital\/blog\/#website","url":"https:\/\/4tuneagencia.digital\/blog\/","name":"4tuneagencia.digital","description":"Marketing e Web Designer ","publisher":{"@id":"https:\/\/4tuneagencia.digital\/blog\/#organization"},"potentialAction":[{"@type":"SearchAction","target":{"@type":"EntryPoint","urlTemplate":"https:\/\/4tuneagencia.digital\/blog\/?s={search_term_string}"},"query-input":"required name=search_term_string"}],"inLanguage":"pt-BR"},{"@type":"Organization","@id":"https:\/\/4tuneagencia.digital\/blog\/#organization","name":"4tuneagencia.digital","url":"https:\/\/4tuneagencia.digital\/blog\/","logo":{"@type":"ImageObject","inLanguage":"pt-BR","@id":"https:\/\/4tuneagencia.digital\/blog\/#\/schema\/logo\/image\/","url":"https:\/\/4tuneagencia.digital\/blog\/wp-content\/uploads\/2023\/09\/novo-logo-e1694954525541.png","contentUrl":"https:\/\/4tuneagencia.digital\/blog\/wp-content\/uploads\/2023\/09\/novo-logo-e1694954525541.png","width":250,"height":250,"caption":"4tuneagencia.digital"},"image":{"@id":"https:\/\/4tuneagencia.digital\/blog\/#\/schema\/logo\/image\/"}},{"@type":"Person","@id":"https:\/\/4tuneagencia.digital\/blog\/#\/schema\/person\/7c40d2e8b9964c2390122613459c2100","name":"4tune","image":{"@type":"ImageObject","inLanguage":"pt-BR","@id":"https:\/\/4tuneagencia.digital\/blog\/#\/schema\/person\/image\/","url":"https:\/\/secure.gravatar.com\/avatar\/e81e8ea0176022ee4555117aee5e3092bff2a7aaa930134f8023c7d4bc2f1495?s=96&d=mm&r=g","contentUrl":"https:\/\/secure.gravatar.com\/avatar\/e81e8ea0176022ee4555117aee5e3092bff2a7aaa930134f8023c7d4bc2f1495?s=96&d=mm&r=g","caption":"4tune"},"sameAs":["http:\/\/4tuneagencia.digital"],"url":"https:\/\/4tuneagencia.digital\/blog\/author\/admin\/"}]}},"jetpack_featured_media_url":"https:\/\/4tuneagencia.digital\/blog\/wp-content\/uploads\/2024\/05\/wp-header-logo-73.png","_links":{"self":[{"href":"https:\/\/4tuneagencia.digital\/blog\/wp-json\/wp\/v2\/posts\/14629","targetHints":{"allow":["GET"]}}],"collection":[{"href":"https:\/\/4tuneagencia.digital\/blog\/wp-json\/wp\/v2\/posts"}],"about":[{"href":"https:\/\/4tuneagencia.digital\/blog\/wp-json\/wp\/v2\/types\/post"}],"author":[{"embeddable":true,"href":"https:\/\/4tuneagencia.digital\/blog\/wp-json\/wp\/v2\/users\/1"}],"replies":[{"embeddable":true,"href":"https:\/\/4tuneagencia.digital\/blog\/wp-json\/wp\/v2\/comments?post=14629"}],"version-history":[{"count":0,"href":"https:\/\/4tuneagencia.digital\/blog\/wp-json\/wp\/v2\/posts\/14629\/revisions"}],"wp:featuredmedia":[{"embeddable":true,"href":"https:\/\/4tuneagencia.digital\/blog\/wp-json\/wp\/v2\/media\/14630"}],"wp:attachment":[{"href":"https:\/\/4tuneagencia.digital\/blog\/wp-json\/wp\/v2\/media?parent=14629"}],"wp:term":[{"taxonomy":"category","embeddable":true,"href":"https:\/\/4tuneagencia.digital\/blog\/wp-json\/wp\/v2\/categories?post=14629"},{"taxonomy":"post_tag","embeddable":true,"href":"https:\/\/4tuneagencia.digital\/blog\/wp-json\/wp\/v2\/tags?post=14629"}],"curies":[{"name":"wp","href":"https:\/\/api.w.org\/{rel}","templated":true}]}}