{"id":5783,"date":"2023-10-04T15:47:50","date_gmt":"2023-10-04T18:47:50","guid":{"rendered":"https:\/\/4tuneagencia.digital\/blog\/sebrae-inova-2023-debate-tecnologia-negocios-e-marketing-digital-metropoles\/"},"modified":"2023-10-04T15:47:50","modified_gmt":"2023-10-04T18:47:50","slug":"sebrae-inova-2023-debate-tecnologia-negocios-e-marketing-digital-metropoles","status":"publish","type":"post","link":"https:\/\/4tuneagencia.digital\/blog\/sebrae-inova-2023-debate-tecnologia-negocios-e-marketing-digital-metropoles\/","title":{"rendered":"Sebrae Inova 2023 debate tecnologia, neg\u00f3cios e marketing digital &#8211; Metr\u00f3poles"},"content":{"rendered":"<p><span><\/span><span><\/span><span><\/span><br \/>Metrop\u00f3les<a target=\"_top\" class=\"mtech__logo\" title=\"Ir para p\u00e1gina inicial\" aria-label=\"Ir para p\u00e1gina inicial\" href=\"https:\/\/www.metropoles.com\" rel=\"noopener\"><svg xmlns=\"http:\/\/www.w3.org\/2000\/svg\" width=\"280px\" height=\"55px\" version=\"1.1\" viewbox=\"0 0 327 57\"><title>metropoles.com<\/title><path fill-rule=\"evenodd\" clip-rule=\"evenodd\" d=\"M1.32873 0.479004L60.47 0.481081V55.634H48.5495V12.1331H36.6289V55.2456H24.7083V12.1331H12.7878V55.2456H0.867188V0.481081L1.32873 0.479004Z\" fill=\"#CD2E2B\"\/><path fill-rule=\"evenodd\" clip-rule=\"evenodd\" d=\"M71.9966 55.6523C71.1968 55.6523 70.7969 55.2581 70.7969 54.4696V27.2681C70.7969 26.4797 71.1968 26.0854 71.9966 26.0854H87.193C87.9928 26.0854 88.3927 26.4797 88.3927 27.2681V30.8161C88.3927 31.6046 87.9928 31.9988 87.193 31.9988H77.9952V37.518H86.3932C87.193 37.518 87.5929 37.9122 87.5929 38.7006V41.8544C87.5929 42.6429 87.193 43.0371 86.3932 43.0371H77.9952V49.7389H87.5929C88.3927 49.7389 88.7926 50.1332 88.7926 50.9216V54.4696C88.7926 55.2581 88.3927 55.6523 87.5929 55.6523H71.9966Z\" fill=\"#111111\"\/><path fill-rule=\"evenodd\" clip-rule=\"evenodd\" d=\"M116.767 26.064C117.567 26.064 117.967 26.4582 117.967 27.2466V30.7947C117.967 31.5831 117.567 31.9773 116.767 31.9773H111.169V54.4482C111.169 55.2366 110.769 55.6308 109.969 55.6308H105.17C104.37 55.6308 103.97 55.2366 103.97 54.4482V31.9773H98.3716C97.5718 31.9773 97.1719 31.5831 97.1719 30.7947V27.2466C97.1719 26.4582 97.5718 26.064 98.3716 26.064H116.767Z\" fill=\"#111111\"\/><path fill-rule=\"evenodd\" clip-rule=\"evenodd\" d=\"M148.768 54.4482L144.369 43.8041C147.968 42.2272 149.168 39.8618 149.168 37.4965V33.5542C149.168 29.612 146.369 26.064 137.971 26.064H128.373C127.173 26.064 126.773 26.4582 127.173 27.2466V54.4482C127.173 55.2366 127.573 55.6308 128.373 55.6308H133.172C133.972 55.6308 134.372 55.2366 134.372 54.4482V44.5925H137.571L141.57 54.4482C141.57 54.8424 141.97 55.6308 142.77 55.6308H147.569C148.368 55.6308 149.168 55.2366 148.768 54.4482ZM134.375 39.0731V32.3713H137.974C139.974 32.3713 141.973 33.1597 141.973 35.1309V36.3135C141.973 38.2847 139.974 39.0731 137.974 39.0731H134.375Z\" fill=\"#111111\"\/><path fill-rule=\"evenodd\" clip-rule=\"evenodd\" d=\"M171.556 23.6987C172.356 23.6987 172.756 23.3045 173.155 22.9103L176.355 18.5738C176.755 17.7853 176.355 17.3911 175.555 17.3911H170.756C169.556 17.3911 169.156 17.7853 168.757 18.5738L167.157 22.516C166.757 23.3045 167.157 23.6987 167.957 23.6987H171.556ZM158.766 33.1607C158.766 29.2184 161.565 25.6704 169.963 25.6704C178.361 25.6704 181.16 29.2184 181.16 33.1607V48.5355C181.16 52.4777 177.961 56.0257 169.963 56.0257C161.965 56.0257 158.766 52.4777 158.766 48.5355V33.1607ZM174.365 34.3431C174.365 32.372 172.366 31.5835 170.366 31.5835C168.367 31.5835 166.367 32.372 166.367 34.3431V47.3525C166.367 49.3236 168.367 50.1121 170.366 50.1121C172.366 50.1121 174.365 49.3236 174.365 47.3525V34.3431Z\" fill=\"#111111\"\/><path fill-rule=\"evenodd\" clip-rule=\"evenodd\" d=\"M199.151 54.4472V45.7742H202.751C211.149 45.7742 213.948 42.2262 213.948 38.284V33.5533C213.948 29.611 211.149 26.063 202.751 26.063H193.153C192.353 26.063 191.953 26.4572 191.953 27.2457V54.4472C191.953 55.2356 192.353 55.6299 193.153 55.6299H197.952C198.752 55.6299 199.151 55.2356 199.151 54.4472ZM199.148 39.8606V32.3703H202.748C204.747 32.3703 206.747 33.1588 206.747 35.1299V37.101C206.747 39.0721 204.747 39.8606 202.748 39.8606H199.148Z\" fill=\"#111111\"\/><path fill-rule=\"evenodd\" clip-rule=\"evenodd\" d=\"M232.346 25.6704C223.948 25.6704 221.148 29.2184 221.148 33.1607V48.5355C221.148 52.4777 224.348 56.0257 232.346 56.0257C240.344 56.0257 243.543 52.4777 243.543 48.5355V33.1607C243.543 29.2184 240.744 25.6704 232.346 25.6704ZM232.351 31.5835C234.35 31.5835 236.35 32.3719 236.35 34.3431V47.3525C236.35 49.3236 234.35 50.1121 232.351 50.1121C230.351 50.1121 228.352 49.3236 228.352 47.3525V34.3431C228.352 32.3719 230.351 31.5835 232.351 31.5835Z\" fill=\"#111111\"\/><path fill-rule=\"evenodd\" clip-rule=\"evenodd\" d=\"M259.542 49.7175H268.34C269.14 49.7175 269.54 50.1117 269.54 50.9001V54.4482C269.54 55.2366 269.14 55.6308 268.34 55.6308H253.543C252.744 55.6308 252.344 55.2366 252.344 54.4482V27.2466C252.344 26.4582 252.744 26.064 253.543 26.064H258.342C259.142 26.064 259.542 26.4582 259.542 27.2466V49.7175Z\" fill=\"#111111\"\/><path fill-rule=\"evenodd\" clip-rule=\"evenodd\" d=\"M279.137 55.6308C278.337 55.6308 277.938 55.2366 277.938 54.4482V27.2466C277.938 26.4582 278.337 26.064 279.137 26.064H294.334C295.133 26.064 295.533 26.4582 295.533 27.2466V30.7947C295.533 31.5831 295.133 31.9773 294.334 31.9773H285.136V37.4965H293.534C294.334 37.4965 294.734 37.8907 294.734 38.6792V41.833C294.734 42.6214 294.334 43.0156 293.534 43.0156H285.136V49.7175H294.734C295.533 49.7175 295.933 50.1117 295.933 50.9001V54.4482C295.933 55.2366 295.533 55.6308 294.734 55.6308H279.137Z\" fill=\"#111111\"\/><path fill-rule=\"evenodd\" clip-rule=\"evenodd\" d=\"M318.718 33.9482C318.718 31.977 317.119 31.1886 315.119 31.1886C313.12 31.1886 311.52 31.977 311.52 33.9482V34.3424C311.52 35.5251 312.32 35.9193 313.12 36.3135L320.718 38.6789C323.917 39.8615 326.317 42.2269 326.317 45.3807V48.5345C326.317 52.4767 323.517 56.0247 315.119 56.0247C306.721 56.0247 303.922 52.4767 303.922 48.5345V45.7749C303.922 44.9865 304.322 44.5922 305.122 44.5922H309.92C310.72 44.5922 311.12 44.9865 311.12 45.7749V47.746C311.12 49.7172 312.72 50.5056 315.119 50.5056C317.119 50.5056 319.118 49.7172 319.118 47.746V46.9576C319.118 45.3807 317.119 44.5922 315.119 44.198L308.721 41.8327C306.321 41.0442 304.722 38.6789 304.722 35.9193V33.1597C304.722 29.2175 307.121 25.6694 315.119 25.6694C323.517 25.6694 325.917 29.2175 325.917 33.1597V34.7366C325.917 35.5251 325.517 35.9193 324.717 35.9193H319.918C319.118 35.9193 318.718 35.5251 318.718 34.7366V33.9482Z\" fill=\"#111111\"\/><\/svg><\/a><br \/><time datetime=\"2023-09-25 05:00\" class=\"HeaderNoticiaWrapper__DataPublicacao-sc-4exe2y-3 hWphBP\">25\/09\/2023 05:00<!-- -->,<\/time><span> atualizado <\/span><time datetime=\"2023-09-29 18:43\" class=\"HeaderNoticiaWrapper__DataPublicacao-sc-4exe2y-3 hWphBP\">29\/09\/2023 18:43<\/time><br \/><span style=\"font-weight: 400;\">Entre os dias 5 e 7 de outubro, no Centro de Conven\u00e7\u00f5es Ulysses Guimar\u00e3es, em Bras\u00edlia, ocorre o <a href=\"https:\/\/sebraeinova.com.br\/?utm_campaign=inova-2023&#038;utm_source=metropoles&#038;utm_medium=cpc&#038;utm_content=publieditorial\" target=\"_blank\" rel=\"noopener sponsored\">Sebrae Inova 2023<\/a>. Criado em 2019 pelo Sebrae no DF, o evento tem o prop\u00f3sito de promover uni\u00e3o do empreendedorismo, inova\u00e7\u00e3o e marketing digital, al\u00e9m de proporcionar ao empreendedor a experi\u00eancia de conhecer na pr\u00e1tica a aplicabilidade do mundo digital nos neg\u00f3cios.\u00a0<\/span><br \/><span style=\"font-weight: 400;\">O Sebrae Inova \u00e9 presencial e totalmente gratuito, destinado a microempreendedores individuais, microempresas, empresas de pequeno porte e produtores rurais.<\/span><br \/><span style=\"font-weight: 400;\">A principal abordagem deste ano \u00e9 convidar os participantes a repensar a cidade para pessoas, neg\u00f3cios e ambiente. Devido ao avan\u00e7o de tecnologias, novos termos surgiram, como Cidades Inteligentes. O objetivo \u00e9 proporcionar aos participantes uma experi\u00eancia de conhecimento pr\u00e1tico e aplic\u00e1vel.\u00a0<\/span><br \/><span style=\"font-weight: 400;\">De acordo com a gerente de Marketing e Desenvolvimento de Produtos do Sebrae no DF, Gabriella Rocha, a programa\u00e7\u00e3o foi pensada de forma a abranger a tem\u00e1tica de Cidades Inteligentes e em fazer com que o p\u00fablico repense a perspectiva do ambiente, dos neg\u00f3cios e das pessoas. Grandes nomes debater\u00e3o os temas em destaque.\u00a0<\/span><br \/>\u200b\u200bDentro da tem\u00e1tica de Cidades Inteligentes, podemos trabalhar os seguintes temas: intelig\u00eancia artificial e conectividade, economia, tecnologia, governan\u00e7a, educa\u00e7\u00e3o, planejamento urbano, pessoas, administra\u00e7\u00e3o p\u00fablica, conex\u00f5es internacionais e coes\u00e3o social<br \/> \t\t\t\t\t\tO Sebrae Inova \u00e9 presencial e totalmente gratuito, destinado a microempreendedores individuais, microempresas, empresas de pequeno porte e produtores rurais \t\t\t\t\t\t<span class=\"m-credits-carousel\">Divulga\u00e7\u00e3o<\/span> \t\t\t\t\t<br \/> \t\t\t\t\t\tA principal abordagem deste ano \u00e9 convidar os participantes a repensar a cidade para pessoas, neg\u00f3cios e ambiente \t\t\t\t\t\t<span class=\"m-credits-carousel\">Divulga\u00e7\u00e3o<\/span> \t\t\t\t\t<br \/> \t\t\t\t\t\tOs principais palestrantes s\u00e3o refer\u00eancia nos temas de inclus\u00e3o, cidades inteligentes, felicidade e influ\u00eancia \t\t\t\t\t\t<span class=\"m-credits-carousel\">Divulga\u00e7\u00e3o<\/span> \t\t\t\t\t<br \/> \t\t\t\t\t\tAl\u00e9m da participa\u00e7\u00e3o presencial, o espa\u00e7o Inova Play, disponibilizado no site para os inscritos no evento, possibilita o acompanhamento de diversos v\u00eddeos relacionados aos temas \t\t\t\t\t\t<span class=\"m-credits-carousel\">Divulga\u00e7\u00e3o<\/span> \t\t\t\t\t<br \/><span style=\"font-weight: 400;\">Na Ala Sul, a programa\u00e7\u00e3o foi dividida em tr\u00eas palcos:<\/span><br \/><span style=\"font-weight: 400;\">Al\u00e9m desses, haver\u00e1 programa\u00e7\u00f5es setoriais nos dois palcos localizados no Mezanino: Palco Cidades (I F\u00f3rum CHICS) e Palco Neg\u00f3cios (Semin\u00e1rios de Arquitetura, Intelig\u00eancia Artificial e Semin\u00e1rios Setoriais).\u00a0<\/span><br \/><span style=\"font-weight: 400;\">\u201cOs principais palestrantes s\u00e3o refer\u00eancia nos temas de inclus\u00e3o, Cidades Inteligentes, felicidade e influ\u00eancia\u201d, detalha Gabriella.<\/span><br \/><span style=\"font-weight: 400;\">Estar\u00e3o presentes nomes como Leandro Karnal, Luiz Felipe Pond\u00e9, Samer Agi, Hungria, Cec\u00edlia Tham, Thaynara OG e Celso Athayde. Al\u00e9m de Juliana Wallauer, Nobru, Andreza Delgado e mais de 70 especialistas que participar\u00e3o de palestras, debates e rodas de conversa durante os tr\u00eas dias de evento.\u00a0<\/span><br \/><span style=\"font-weight: 400;\">A programa\u00e7\u00e3o conta ainda com a participa\u00e7\u00e3o de convidados por meio de 200 conte\u00fados on-line j\u00e1 dispon\u00edveis no<\/span> <a href=\"https:\/\/sebraeinova.com.br\/?utm_campaign=inova-2023&#038;utm_source=metropoles&#038;utm_medium=cpc&#038;utm_content=publieditorial\" target=\"_blank\" rel=\"noopener sponsored\"><span style=\"font-weight: 400;\">www.sebraeinova.com.br<\/span><\/a><span style=\"font-weight: 400;\">.\u00a0<\/span><br \/><span style=\"font-weight: 400;\">O dia 5 de outubro, em que se comemora o Dia da Micro e Pequena Empresa, ser\u00e1 marcado pela tecnologia. A jornalista Juliana Wallauer, que produz o podcast Mamilos, conduzir\u00e1 a programa\u00e7\u00e3o.<\/span><br \/><span style=\"font-weight: 400;\">Durante a noite, haver\u00e1 uma palestra com Cecilia Tham, espanhola e especialista na \u00e1rea de inova\u00e7\u00e3o, e com Chico Saboya, presidente da Associa\u00e7\u00e3o Brasileira dos Parques Tecnol\u00f3gicos (Anprotec) e da Empresa Brasileira de Pesquisa e Inova\u00e7\u00e3o Industrial (Emprapii). O tema ser\u00e1 \u201cConversando Sobre Inova\u00e7\u00e3o e Cidades Inteligentes: Perspectivas e Desafios\u201d e abordar\u00e1 diversidade, intelig\u00eancia artificial e metaverso.<\/span><br \/><span style=\"font-weight: 400;\">O segundo dia de evento, 6 de outubro, ser\u00e1 marcado pelos temas Diversidade e Inclus\u00e3o. Thaynara OG, conhecida pelo trabalho feito no S\u00e3o Jo\u00e3o do Maranh\u00e3o; o rapper Hungria, talento do hip hop nacional; e Celso Athayde, fundador da \u00fanica favela holding do mundo, apresentam a palestra \u201cConex\u00f5es Inspiradoras: Cultura, Empreendedorismo e Transforma\u00e7\u00e3o Social na Era da Conectividade\u201d.\u00a0<\/span><br \/><span style=\"font-weight: 400;\">O \u00faltimo dia de programa\u00e7\u00e3o, 7 de outubro, ser\u00e1 marcado pela Arena Gamer, com a presen\u00e7a de Nobru, streamer de Free Fire e jogador do Corinthians, e com Andreza Salgado, diretora criativa e empreendedora.<\/span><br \/><span style=\"font-weight: 400;\">Os convidados apresentam a palestra \u201cUniverso Gamer: como se destacar e aproveitar as oportunidades neste mercado em expans\u00e3o\u201d. Nobru demonstrar\u00e1 toda a conex\u00e3o com a juventude, enquanto Andreza trar\u00e1 consigo experi\u00eancias e hist\u00f3rias sobre o acesso das informa\u00e7\u00f5es de tecnologia para geeks e nerds das grandes periferias de nossa cidade.\u00a0<\/span><br \/><span style=\"font-weight: 400;\">Com um tema curioso e especial, a felicidade, o evento principal do \u00faltimo dia de programa\u00e7\u00e3o contar\u00e1 com tr\u00eas grandes nomes para um bate-papo: Samer Agi, Leandro Karnal e Luiz Felipe Pond\u00e9. A roda de conversa, nomeada \u201cFelicidade: Um Direito, Dever ou Escolha\u201d, debater\u00e1 esse tema t\u00e3o abordado e desejado em muitos momentos da vida.\u00a0<\/span><br \/><span style=\"font-weight: 400;\">Gabriella finaliza e convida: \u201cPara quem n\u00e3o quiser perder tudo isso, ainda h\u00e1 como se inscrever. Basta acessar\u00a0<\/span><a href=\"https:\/\/sebraeinova.com.br\/?utm_campaign=inova-2023&#038;utm_source=metropoles&#038;utm_medium=cpc&#038;utm_content=publieditorial\" target=\"_blank\" rel=\"noopener sponsored\"><span style=\"font-weight: 400;\">www.sebraeinova.com.br<\/span><\/a><span style=\"font-weight: 400;\">\u201c.<\/span><span style=\"font-weight: 400;\"><br \/> <\/span><br \/><span style=\"font-weight: 400;\">Al\u00e9m da participa\u00e7\u00e3o presencial, o espa\u00e7o Inova Play, disponibilizado no site para os inscritos no evento, possibilita o acompanhamento de diversos v\u00eddeos relacionados aos temas de empreendedorismo, inova\u00e7\u00e3o e marketing digital, como \u201cErros de Comunica\u00e7\u00e3o\u201d, \u201cComo ser Digital Influencer\u201d e \u201cComo fazer aplica\u00e7\u00e3o da sua identidade visual\u201d, entre outros.<\/span><br \/><a href=\"https:\/\/sebraeinova.com.br\/?utm_campaign=inova-2023&#038;utm_source=metropoles&#038;utm_medium=cpc&#038;utm_content=publieditorial\" target=\"_blank\" rel=\"noopener sponsored\">Site<\/a>\u00a0|\u00a0<a href=\"https:\/\/www.instagram.com\/sebraeinova\" target=\"_blank\" rel=\"noopener\">Instagram<\/a><br \/><strong>Quando:<\/strong>\u00a0de 5 a 7 de outubro<br \/> <strong>Local:\u00a0<\/strong><a href=\"https:\/\/www.google.com.br\/maps\/place\/Centro+de+Conven%C3%A7%C3%B5es+Ulysses+Guimar%C3%A3es\/@-15.788224,-47.9031674,17z\/data=!3m1!4b1!4m6!3m5!1s0x935a3af497d1a31b:0x25333616a03d2777!8m2!3d-15.7882292!4d-47.9005925!16s%2Fg%2F1236yqrj?entry=ttu\" target=\"_blank\" rel=\"noopener sponsored\">Centro de Conven\u00e7\u00f5es Ulysses Guimar\u00e3es, em Bras\u00edlia (DF)<\/a><br \/><strong>Inscri\u00e7\u00f5es:\u00a0<\/strong><a href=\"https:\/\/sebraeinova.com.br\/?utm_campaign=inova-2023&#038;utm_source=metropoles&#038;utm_medium=cpc&#038;utm_content=publieditorial\" target=\"_blank\" rel=\"noopener sponsored\">www.sebraeinova.com.br<\/a><br \/><a href=\"https:\/\/www.instagram.com\/reel\/CxawbKMLJxZ\/?utm_source=ig_embed&#038;utm_campaign=loading\" style=\" color:#c9c8cd; font-family:Arial,sans-serif; font-size:14px; font-style:normal; font-weight:normal; line-height:17px; text-decoration:none;\" target=\"_blank\" rel=\"noopener\">Uma publica\u00e7\u00e3o compartilhada por Metro\u0301poles (@metropoles)<\/a><br \/>Todos os direitos reservados<br \/>Quais assuntos voc\u00ea deseja receber?<br \/>Parece que seu browser n\u00e3o est\u00e1 permitindo notifica\u00e7\u00f5es.<strong> Siga os passos a baixo para habilit\u00e1-las:<\/strong><br \/>1. <br \/>Mais op\u00e7\u00f5es no Google Chrome<br \/>2. <br \/>Configura\u00e7\u00f5es<br \/>3. <br \/>Configura\u00e7\u00f5es do site<br \/>4. <br \/>Notifica\u00e7\u00f5es<br \/>5. <br \/>Os sites podem pedir para enviar notifica\u00e7\u00f5es<br \/>Voc\u00ea quer ficar por dentro das not\u00edcias mais importantes e receber <b>notifica\u00e7\u00f5es em tempo real?<\/b><\/p>\n<p><a href=\"https:\/\/news.google.com\/rss\/articles\/CBMibWh0dHBzOi8vd3d3Lm1ldHJvcG9sZXMuY29tL2NvbnRldWRvLWVzcGVjaWFsL3NlYnJhZS1pbm92YS0yMDIzLWRlYmF0ZS10ZWNub2xvZ2lhLW5lZ29jaW9zLWUtbWFya2V0aW5nLWRpZ2l0YWzSAXFodHRwczovL3d3dy5tZXRyb3BvbGVzLmNvbS9jb250ZXVkby1lc3BlY2lhbC9zZWJyYWUtaW5vdmEtMjAyMy1kZWJhdGUtdGVjbm9sb2dpYS1uZWdvY2lvcy1lLW1hcmtldGluZy1kaWdpdGFsL2FtcA?oc=5\">source<\/a><\/p>\n","protected":false},"excerpt":{"rendered":"<p>Metrop\u00f3lesmetropoles.com25\/09\/2023 05:00, atualizado 29\/09\/2023 18:43Entre os dias 5 e 7 de outubro, no Centro de Conven\u00e7\u00f5es Ulysses Guimar\u00e3es, em Bras\u00edlia, ocorre o Sebrae Inova 2023. Criado em 2019 pelo Sebrae no DF, o evento tem o prop\u00f3sito de promover uni\u00e3o do empreendedorismo, inova\u00e7\u00e3o e marketing digital, al\u00e9m de proporcionar ao empreendedor a experi\u00eancia de conhecer&#8230;<\/p>\n","protected":false},"author":1,"featured_media":5784,"comment_status":"open","ping_status":"open","sticky":false,"template":"","format":"standard","meta":{"footnotes":""},"categories":[33],"tags":[35],"class_list":["post-5783","post","type-post","status-publish","format-standard","has-post-thumbnail","hentry","category-noticias","tag-digital"],"yoast_head":"<!-- This site is optimized with the Yoast SEO Premium plugin v21.1 (Yoast SEO v22.7) - https:\/\/yoast.com\/wordpress\/plugins\/seo\/ -->\n<title>Sebrae Inova 2023 debate tecnologia, neg\u00f3cios e marketing digital - Metr\u00f3poles - 4tuneagencia.digital<\/title>\n<meta name=\"robots\" content=\"index, follow, max-snippet:-1, max-image-preview:large, max-video-preview:-1\" \/>\n<link rel=\"canonical\" href=\"https:\/\/4tuneagencia.digital\/blog\/sebrae-inova-2023-debate-tecnologia-negocios-e-marketing-digital-metropoles\/\" \/>\n<meta property=\"og:locale\" content=\"pt_BR\" \/>\n<meta property=\"og:type\" content=\"article\" \/>\n<meta property=\"og:title\" content=\"Sebrae Inova 2023 debate tecnologia, neg\u00f3cios e marketing digital - Metr\u00f3poles\" \/>\n<meta property=\"og:description\" content=\"Metrop\u00f3lesmetropoles.com25\/09\/2023 05:00, atualizado 29\/09\/2023 18:43Entre os dias 5 e 7 de outubro, no Centro de Conven\u00e7\u00f5es Ulysses Guimar\u00e3es, em Bras\u00edlia, ocorre o Sebrae Inova 2023. Criado em 2019 pelo Sebrae no DF, o evento tem o prop\u00f3sito de promover uni\u00e3o do empreendedorismo, inova\u00e7\u00e3o e marketing digital, al\u00e9m de proporcionar ao empreendedor a experi\u00eancia de conhecer...\" \/>\n<meta property=\"og:url\" content=\"https:\/\/4tuneagencia.digital\/blog\/sebrae-inova-2023-debate-tecnologia-negocios-e-marketing-digital-metropoles\/\" \/>\n<meta property=\"og:site_name\" content=\"4tuneagencia.digital\" \/>\n<meta property=\"article:published_time\" content=\"2023-10-04T18:47:50+00:00\" \/>\n<meta name=\"author\" content=\"4tune\" \/>\n<meta name=\"twitter:card\" content=\"summary_large_image\" \/>\n<meta name=\"twitter:label1\" content=\"Escrito por\" \/>\n\t<meta name=\"twitter:data1\" content=\"4tune\" \/>\n\t<meta name=\"twitter:label2\" content=\"Est. tempo de leitura\" \/>\n\t<meta name=\"twitter:data2\" content=\"5 minutos\" \/>\n<script type=\"application\/ld+json\" class=\"yoast-schema-graph\">{\"@context\":\"https:\/\/schema.org\",\"@graph\":[{\"@type\":\"Article\",\"@id\":\"https:\/\/4tuneagencia.digital\/blog\/sebrae-inova-2023-debate-tecnologia-negocios-e-marketing-digital-metropoles\/#article\",\"isPartOf\":{\"@id\":\"https:\/\/4tuneagencia.digital\/blog\/sebrae-inova-2023-debate-tecnologia-negocios-e-marketing-digital-metropoles\/\"},\"author\":{\"name\":\"4tune\",\"@id\":\"https:\/\/4tuneagencia.digital\/blog\/#\/schema\/person\/7c40d2e8b9964c2390122613459c2100\"},\"headline\":\"Sebrae Inova 2023 debate tecnologia, neg\u00f3cios e marketing digital &#8211; Metr\u00f3poles\",\"datePublished\":\"2023-10-04T18:47:50+00:00\",\"dateModified\":\"2023-10-04T18:47:50+00:00\",\"mainEntityOfPage\":{\"@id\":\"https:\/\/4tuneagencia.digital\/blog\/sebrae-inova-2023-debate-tecnologia-negocios-e-marketing-digital-metropoles\/\"},\"wordCount\":959,\"commentCount\":0,\"publisher\":{\"@id\":\"https:\/\/4tuneagencia.digital\/blog\/#organization\"},\"image\":{\"@id\":\"https:\/\/4tuneagencia.digital\/blog\/sebrae-inova-2023-debate-tecnologia-negocios-e-marketing-digital-metropoles\/#primaryimage\"},\"thumbnailUrl\":\"https:\/\/4tuneagencia.digital\/blog\/wp-content\/uploads\/2023\/10\/wp-header-logo-180.png\",\"keywords\":[\"Digital\"],\"articleSection\":[\"Noticias\"],\"inLanguage\":\"pt-BR\",\"potentialAction\":[{\"@type\":\"CommentAction\",\"name\":\"Comment\",\"target\":[\"https:\/\/4tuneagencia.digital\/blog\/sebrae-inova-2023-debate-tecnologia-negocios-e-marketing-digital-metropoles\/#respond\"]}]},{\"@type\":\"WebPage\",\"@id\":\"https:\/\/4tuneagencia.digital\/blog\/sebrae-inova-2023-debate-tecnologia-negocios-e-marketing-digital-metropoles\/\",\"url\":\"https:\/\/4tuneagencia.digital\/blog\/sebrae-inova-2023-debate-tecnologia-negocios-e-marketing-digital-metropoles\/\",\"name\":\"Sebrae Inova 2023 debate tecnologia, neg\u00f3cios e marketing digital - Metr\u00f3poles - 4tuneagencia.digital\",\"isPartOf\":{\"@id\":\"https:\/\/4tuneagencia.digital\/blog\/#website\"},\"primaryImageOfPage\":{\"@id\":\"https:\/\/4tuneagencia.digital\/blog\/sebrae-inova-2023-debate-tecnologia-negocios-e-marketing-digital-metropoles\/#primaryimage\"},\"image\":{\"@id\":\"https:\/\/4tuneagencia.digital\/blog\/sebrae-inova-2023-debate-tecnologia-negocios-e-marketing-digital-metropoles\/#primaryimage\"},\"thumbnailUrl\":\"https:\/\/4tuneagencia.digital\/blog\/wp-content\/uploads\/2023\/10\/wp-header-logo-180.png\",\"datePublished\":\"2023-10-04T18:47:50+00:00\",\"dateModified\":\"2023-10-04T18:47:50+00:00\",\"breadcrumb\":{\"@id\":\"https:\/\/4tuneagencia.digital\/blog\/sebrae-inova-2023-debate-tecnologia-negocios-e-marketing-digital-metropoles\/#breadcrumb\"},\"inLanguage\":\"pt-BR\",\"potentialAction\":[{\"@type\":\"ReadAction\",\"target\":[\"https:\/\/4tuneagencia.digital\/blog\/sebrae-inova-2023-debate-tecnologia-negocios-e-marketing-digital-metropoles\/\"]}]},{\"@type\":\"ImageObject\",\"inLanguage\":\"pt-BR\",\"@id\":\"https:\/\/4tuneagencia.digital\/blog\/sebrae-inova-2023-debate-tecnologia-negocios-e-marketing-digital-metropoles\/#primaryimage\",\"url\":\"https:\/\/4tuneagencia.digital\/blog\/wp-content\/uploads\/2023\/10\/wp-header-logo-180.png\",\"contentUrl\":\"https:\/\/4tuneagencia.digital\/blog\/wp-content\/uploads\/2023\/10\/wp-header-logo-180.png\",\"width\":1200,\"height\":800},{\"@type\":\"BreadcrumbList\",\"@id\":\"https:\/\/4tuneagencia.digital\/blog\/sebrae-inova-2023-debate-tecnologia-negocios-e-marketing-digital-metropoles\/#breadcrumb\",\"itemListElement\":[{\"@type\":\"ListItem\",\"position\":1,\"name\":\"In\u00edcio\",\"item\":\"https:\/\/4tuneagencia.digital\/blog\/\"},{\"@type\":\"ListItem\",\"position\":2,\"name\":\"Sebrae Inova 2023 debate tecnologia, neg\u00f3cios e marketing digital &#8211; Metr\u00f3poles\"}]},{\"@type\":\"WebSite\",\"@id\":\"https:\/\/4tuneagencia.digital\/blog\/#website\",\"url\":\"https:\/\/4tuneagencia.digital\/blog\/\",\"name\":\"4tuneagencia.digital\",\"description\":\"Marketing e Web Designer \",\"publisher\":{\"@id\":\"https:\/\/4tuneagencia.digital\/blog\/#organization\"},\"potentialAction\":[{\"@type\":\"SearchAction\",\"target\":{\"@type\":\"EntryPoint\",\"urlTemplate\":\"https:\/\/4tuneagencia.digital\/blog\/?s={search_term_string}\"},\"query-input\":\"required name=search_term_string\"}],\"inLanguage\":\"pt-BR\"},{\"@type\":\"Organization\",\"@id\":\"https:\/\/4tuneagencia.digital\/blog\/#organization\",\"name\":\"4tuneagencia.digital\",\"url\":\"https:\/\/4tuneagencia.digital\/blog\/\",\"logo\":{\"@type\":\"ImageObject\",\"inLanguage\":\"pt-BR\",\"@id\":\"https:\/\/4tuneagencia.digital\/blog\/#\/schema\/logo\/image\/\",\"url\":\"https:\/\/4tuneagencia.digital\/blog\/wp-content\/uploads\/2023\/09\/novo-logo-e1694954525541.png\",\"contentUrl\":\"https:\/\/4tuneagencia.digital\/blog\/wp-content\/uploads\/2023\/09\/novo-logo-e1694954525541.png\",\"width\":250,\"height\":250,\"caption\":\"4tuneagencia.digital\"},\"image\":{\"@id\":\"https:\/\/4tuneagencia.digital\/blog\/#\/schema\/logo\/image\/\"}},{\"@type\":\"Person\",\"@id\":\"https:\/\/4tuneagencia.digital\/blog\/#\/schema\/person\/7c40d2e8b9964c2390122613459c2100\",\"name\":\"4tune\",\"image\":{\"@type\":\"ImageObject\",\"inLanguage\":\"pt-BR\",\"@id\":\"https:\/\/4tuneagencia.digital\/blog\/#\/schema\/person\/image\/\",\"url\":\"https:\/\/secure.gravatar.com\/avatar\/e81e8ea0176022ee4555117aee5e3092bff2a7aaa930134f8023c7d4bc2f1495?s=96&d=mm&r=g\",\"contentUrl\":\"https:\/\/secure.gravatar.com\/avatar\/e81e8ea0176022ee4555117aee5e3092bff2a7aaa930134f8023c7d4bc2f1495?s=96&d=mm&r=g\",\"caption\":\"4tune\"},\"sameAs\":[\"http:\/\/4tuneagencia.digital\"],\"url\":\"https:\/\/4tuneagencia.digital\/blog\/author\/admin\/\"}]}<\/script>\n<!-- \/ Yoast SEO Premium plugin. -->","yoast_head_json":{"title":"Sebrae Inova 2023 debate tecnologia, neg\u00f3cios e marketing digital - Metr\u00f3poles - 4tuneagencia.digital","robots":{"index":"index","follow":"follow","max-snippet":"max-snippet:-1","max-image-preview":"max-image-preview:large","max-video-preview":"max-video-preview:-1"},"canonical":"https:\/\/4tuneagencia.digital\/blog\/sebrae-inova-2023-debate-tecnologia-negocios-e-marketing-digital-metropoles\/","og_locale":"pt_BR","og_type":"article","og_title":"Sebrae Inova 2023 debate tecnologia, neg\u00f3cios e marketing digital - Metr\u00f3poles","og_description":"Metrop\u00f3lesmetropoles.com25\/09\/2023 05:00, atualizado 29\/09\/2023 18:43Entre os dias 5 e 7 de outubro, no Centro de Conven\u00e7\u00f5es Ulysses Guimar\u00e3es, em Bras\u00edlia, ocorre o Sebrae Inova 2023. Criado em 2019 pelo Sebrae no DF, o evento tem o prop\u00f3sito de promover uni\u00e3o do empreendedorismo, inova\u00e7\u00e3o e marketing digital, al\u00e9m de proporcionar ao empreendedor a experi\u00eancia de conhecer...","og_url":"https:\/\/4tuneagencia.digital\/blog\/sebrae-inova-2023-debate-tecnologia-negocios-e-marketing-digital-metropoles\/","og_site_name":"4tuneagencia.digital","article_published_time":"2023-10-04T18:47:50+00:00","author":"4tune","twitter_card":"summary_large_image","twitter_misc":{"Escrito por":"4tune","Est. tempo de leitura":"5 minutos"},"schema":{"@context":"https:\/\/schema.org","@graph":[{"@type":"Article","@id":"https:\/\/4tuneagencia.digital\/blog\/sebrae-inova-2023-debate-tecnologia-negocios-e-marketing-digital-metropoles\/#article","isPartOf":{"@id":"https:\/\/4tuneagencia.digital\/blog\/sebrae-inova-2023-debate-tecnologia-negocios-e-marketing-digital-metropoles\/"},"author":{"name":"4tune","@id":"https:\/\/4tuneagencia.digital\/blog\/#\/schema\/person\/7c40d2e8b9964c2390122613459c2100"},"headline":"Sebrae Inova 2023 debate tecnologia, neg\u00f3cios e marketing digital &#8211; Metr\u00f3poles","datePublished":"2023-10-04T18:47:50+00:00","dateModified":"2023-10-04T18:47:50+00:00","mainEntityOfPage":{"@id":"https:\/\/4tuneagencia.digital\/blog\/sebrae-inova-2023-debate-tecnologia-negocios-e-marketing-digital-metropoles\/"},"wordCount":959,"commentCount":0,"publisher":{"@id":"https:\/\/4tuneagencia.digital\/blog\/#organization"},"image":{"@id":"https:\/\/4tuneagencia.digital\/blog\/sebrae-inova-2023-debate-tecnologia-negocios-e-marketing-digital-metropoles\/#primaryimage"},"thumbnailUrl":"https:\/\/4tuneagencia.digital\/blog\/wp-content\/uploads\/2023\/10\/wp-header-logo-180.png","keywords":["Digital"],"articleSection":["Noticias"],"inLanguage":"pt-BR","potentialAction":[{"@type":"CommentAction","name":"Comment","target":["https:\/\/4tuneagencia.digital\/blog\/sebrae-inova-2023-debate-tecnologia-negocios-e-marketing-digital-metropoles\/#respond"]}]},{"@type":"WebPage","@id":"https:\/\/4tuneagencia.digital\/blog\/sebrae-inova-2023-debate-tecnologia-negocios-e-marketing-digital-metropoles\/","url":"https:\/\/4tuneagencia.digital\/blog\/sebrae-inova-2023-debate-tecnologia-negocios-e-marketing-digital-metropoles\/","name":"Sebrae Inova 2023 debate tecnologia, neg\u00f3cios e marketing digital - Metr\u00f3poles - 4tuneagencia.digital","isPartOf":{"@id":"https:\/\/4tuneagencia.digital\/blog\/#website"},"primaryImageOfPage":{"@id":"https:\/\/4tuneagencia.digital\/blog\/sebrae-inova-2023-debate-tecnologia-negocios-e-marketing-digital-metropoles\/#primaryimage"},"image":{"@id":"https:\/\/4tuneagencia.digital\/blog\/sebrae-inova-2023-debate-tecnologia-negocios-e-marketing-digital-metropoles\/#primaryimage"},"thumbnailUrl":"https:\/\/4tuneagencia.digital\/blog\/wp-content\/uploads\/2023\/10\/wp-header-logo-180.png","datePublished":"2023-10-04T18:47:50+00:00","dateModified":"2023-10-04T18:47:50+00:00","breadcrumb":{"@id":"https:\/\/4tuneagencia.digital\/blog\/sebrae-inova-2023-debate-tecnologia-negocios-e-marketing-digital-metropoles\/#breadcrumb"},"inLanguage":"pt-BR","potentialAction":[{"@type":"ReadAction","target":["https:\/\/4tuneagencia.digital\/blog\/sebrae-inova-2023-debate-tecnologia-negocios-e-marketing-digital-metropoles\/"]}]},{"@type":"ImageObject","inLanguage":"pt-BR","@id":"https:\/\/4tuneagencia.digital\/blog\/sebrae-inova-2023-debate-tecnologia-negocios-e-marketing-digital-metropoles\/#primaryimage","url":"https:\/\/4tuneagencia.digital\/blog\/wp-content\/uploads\/2023\/10\/wp-header-logo-180.png","contentUrl":"https:\/\/4tuneagencia.digital\/blog\/wp-content\/uploads\/2023\/10\/wp-header-logo-180.png","width":1200,"height":800},{"@type":"BreadcrumbList","@id":"https:\/\/4tuneagencia.digital\/blog\/sebrae-inova-2023-debate-tecnologia-negocios-e-marketing-digital-metropoles\/#breadcrumb","itemListElement":[{"@type":"ListItem","position":1,"name":"In\u00edcio","item":"https:\/\/4tuneagencia.digital\/blog\/"},{"@type":"ListItem","position":2,"name":"Sebrae Inova 2023 debate tecnologia, neg\u00f3cios e marketing digital &#8211; Metr\u00f3poles"}]},{"@type":"WebSite","@id":"https:\/\/4tuneagencia.digital\/blog\/#website","url":"https:\/\/4tuneagencia.digital\/blog\/","name":"4tuneagencia.digital","description":"Marketing e Web Designer ","publisher":{"@id":"https:\/\/4tuneagencia.digital\/blog\/#organization"},"potentialAction":[{"@type":"SearchAction","target":{"@type":"EntryPoint","urlTemplate":"https:\/\/4tuneagencia.digital\/blog\/?s={search_term_string}"},"query-input":"required name=search_term_string"}],"inLanguage":"pt-BR"},{"@type":"Organization","@id":"https:\/\/4tuneagencia.digital\/blog\/#organization","name":"4tuneagencia.digital","url":"https:\/\/4tuneagencia.digital\/blog\/","logo":{"@type":"ImageObject","inLanguage":"pt-BR","@id":"https:\/\/4tuneagencia.digital\/blog\/#\/schema\/logo\/image\/","url":"https:\/\/4tuneagencia.digital\/blog\/wp-content\/uploads\/2023\/09\/novo-logo-e1694954525541.png","contentUrl":"https:\/\/4tuneagencia.digital\/blog\/wp-content\/uploads\/2023\/09\/novo-logo-e1694954525541.png","width":250,"height":250,"caption":"4tuneagencia.digital"},"image":{"@id":"https:\/\/4tuneagencia.digital\/blog\/#\/schema\/logo\/image\/"}},{"@type":"Person","@id":"https:\/\/4tuneagencia.digital\/blog\/#\/schema\/person\/7c40d2e8b9964c2390122613459c2100","name":"4tune","image":{"@type":"ImageObject","inLanguage":"pt-BR","@id":"https:\/\/4tuneagencia.digital\/blog\/#\/schema\/person\/image\/","url":"https:\/\/secure.gravatar.com\/avatar\/e81e8ea0176022ee4555117aee5e3092bff2a7aaa930134f8023c7d4bc2f1495?s=96&d=mm&r=g","contentUrl":"https:\/\/secure.gravatar.com\/avatar\/e81e8ea0176022ee4555117aee5e3092bff2a7aaa930134f8023c7d4bc2f1495?s=96&d=mm&r=g","caption":"4tune"},"sameAs":["http:\/\/4tuneagencia.digital"],"url":"https:\/\/4tuneagencia.digital\/blog\/author\/admin\/"}]}},"jetpack_featured_media_url":"https:\/\/4tuneagencia.digital\/blog\/wp-content\/uploads\/2023\/10\/wp-header-logo-180.png","_links":{"self":[{"href":"https:\/\/4tuneagencia.digital\/blog\/wp-json\/wp\/v2\/posts\/5783","targetHints":{"allow":["GET"]}}],"collection":[{"href":"https:\/\/4tuneagencia.digital\/blog\/wp-json\/wp\/v2\/posts"}],"about":[{"href":"https:\/\/4tuneagencia.digital\/blog\/wp-json\/wp\/v2\/types\/post"}],"author":[{"embeddable":true,"href":"https:\/\/4tuneagencia.digital\/blog\/wp-json\/wp\/v2\/users\/1"}],"replies":[{"embeddable":true,"href":"https:\/\/4tuneagencia.digital\/blog\/wp-json\/wp\/v2\/comments?post=5783"}],"version-history":[{"count":0,"href":"https:\/\/4tuneagencia.digital\/blog\/wp-json\/wp\/v2\/posts\/5783\/revisions"}],"wp:featuredmedia":[{"embeddable":true,"href":"https:\/\/4tuneagencia.digital\/blog\/wp-json\/wp\/v2\/media\/5784"}],"wp:attachment":[{"href":"https:\/\/4tuneagencia.digital\/blog\/wp-json\/wp\/v2\/media?parent=5783"}],"wp:term":[{"taxonomy":"category","embeddable":true,"href":"https:\/\/4tuneagencia.digital\/blog\/wp-json\/wp\/v2\/categories?post=5783"},{"taxonomy":"post_tag","embeddable":true,"href":"https:\/\/4tuneagencia.digital\/blog\/wp-json\/wp\/v2\/tags?post=5783"}],"curies":[{"name":"wp","href":"https:\/\/api.w.org\/{rel}","templated":true}]}}