{"id":5835,"date":"2023-10-05T04:07:13","date_gmt":"2023-10-05T07:07:13","guid":{"rendered":"https:\/\/4tuneagencia.digital\/blog\/por-um-marketing-digital-mais-democratizado-panorama-mercantil\/"},"modified":"2023-10-05T04:07:13","modified_gmt":"2023-10-05T07:07:13","slug":"por-um-marketing-digital-mais-democratizado-panorama-mercantil","status":"publish","type":"post","link":"https:\/\/4tuneagencia.digital\/blog\/por-um-marketing-digital-mais-democratizado-panorama-mercantil\/","title":{"rendered":"Por um marketing digital mais democratizado &#8211; Panorama Mercantil"},"content":{"rendered":"<p><strong><span style=\"color: #333333;\">A entrevista exclusiva de Marcus Calixto, CEO da Beelieve, ao portal Panorama Mercantil revelou percep\u00e7\u00f5es valiosas sobre a vis\u00e3o e estrat\u00e9gia da empresa no mercado de marketing digital, especialmente focando nas Pequenas e M\u00e9dias Empresas (PMEs). A Beelieve Group busca preencher uma lacuna cr\u00edtica no mercado ao abordar as preocupa\u00e7\u00f5es recorrentes das PMEs em rela\u00e7\u00e3o ao marketing digital. Calixto destacou a abordagem da empresa, que visa eliminar a necessidade constante de trocar de ag\u00eancia de marketing digital, oferecendo transpar\u00eancia, seguran\u00e7a e clareza nas opera\u00e7\u00f5es.  O modelo de franquias da Beelieve Group \u00e9 \u00fanico, pois, diferencia a fun\u00e7\u00e3o comercial da execu\u00e7\u00e3o, permitindo que os franqueados se concentrem na constru\u00e7\u00e3o de relacionamentos com os clientes. Os squads operacionais da empresa fornecem servi\u00e7os de marketing digital de alta qualidade, mantendo um padr\u00e3o consistente na entrega. A estrutura de pilares da empresa colabora para democratizar o acesso ao marketing digital para as PMEs, proporcionando uma escala autossustent\u00e1vel, com franqueados que vendem, squads que entregam e um sistema educacional que capacita novos profissionais. A capacita\u00e7\u00e3o desses profissionais \u00e9 essencial para manter a qualidade e a cultura da Beelieve Group, garantindo que todos os servi\u00e7os sejam entregues com qualidade e desempenho consistentes.<\/span><\/strong><span id=\"more-413559\"><\/span><br \/><strong><span style=\"color: #000000;\">Marcus, que lacuna espec\u00edfica no mercado de marketing digital a Beelieve Group pretende preencher ao se concentrar nas PMEs?<\/span><\/strong><br \/><span style=\"color: #000000;\"> Estamos preenchendo a dor do <span style=\"color: #000000;\"><a href=\"https:\/\/pt.wikipedia.org\/wiki\/Pequena_e_m%C3%A9dia_empresa\" target=\"_blank\" rel=\"noopener noreferrer\">PME<\/a><\/span> de sempre estar trocando de ag\u00eancia de marketing digital, de n\u00e3o aguentar mais vendedores com solu\u00e7\u00f5es m\u00e1gicas, de n\u00e3o ter seguran\u00e7a na contrata\u00e7\u00e3o e passagem de informa\u00e7\u00e3o e principalmente de n\u00e3o ter clareza para onde vai o dinheiro investido. <\/span><br \/><span style=\"color: #000000;\"> Nossos sistemas d\u00e3o clareza para o cliente entender os analistas que trabalham em sua conta;<\/span><br \/><span style=\"color: #000000;\"> Nosso modelo de franquias comerciais faz com que a venda n\u00e3o seja algo for\u00e7ado, pois, o Franqueado quer manter o cliente na franqueadora;<\/span><br \/><span style=\"color: #000000;\"> Nossa \u00e1rea de <span style=\"color: #000000;\"><a href=\"https:\/\/pt.wikipedia.org\/wiki\/Tecnologia_da_informa%C3%A7%C3%A3o\" target=\"_blank\" rel=\"noopener noreferrer\">TI<\/a><\/span> interna, junto a \u00e1rea de processos e qualidade, traz mais seguran\u00e7a aos dados arquivados do cliente final;<\/span><br \/><span style=\"color: #000000;\"> Nosso modelo sem contratos leoninos, d\u00e1 tranquilidade para o cliente final de que o nosso foco \u00e9 na parceria cont\u00ednua. <\/span><br \/><strong><span style=\"color: #000000;\">Qual \u00e9 o papel central do modelo de franquias nas vendas da Beelieve Group e como esse modelo difere das abordagens tradicionais?<\/span><\/strong><br \/><span style=\"color: #000000;\"> Diferente do mercado, nossas franquias de marketing digital s\u00e3o o comercial do business. Onde o franqueado precisa se preocupar em prospectar, vender e se relacionar com os clientes, e n\u00e3o ter a dor de cabe\u00e7a da execu\u00e7\u00e3o.<\/span><br \/><span style=\"color: #000000;\"> Nossos squads operacionais atender\u00e3o e entregar\u00e3o com qualidade os servi\u00e7os de marketing digital, mantendo um padr\u00e3o de qualidade na entrega e alta escalabilidade do neg\u00f3cio, deixando o franqueado livre para fazer uma grande carteira comercial no <span style=\"color: #000000;\"><a href=\"https:\/\/pt.wikipedia.org\/wiki\/Marketing_digital\" target=\"_blank\" rel=\"noopener noreferrer\">marketing digital<\/a><\/span>. <\/span><br \/><strong><span style=\"color: #000000;\">Como a estrutura de pilares da Beelieve Group, com foco em franquias, suporte t\u00e9cnico e capacita\u00e7\u00e3o, colabora para a democratiza\u00e7\u00e3o do acesso ao marketing digital para as PMEs?<\/span><\/strong><br \/><span style=\"color: #000000;\"> Montamos um ecossistema onde conseguimos atender o PME em uma escala autossustent\u00e1vel, onde nosso franqueado vende, nossos squads entregam e o nosso sistema educacional educa os novos profissionais para que assim possamos manter a qualidade em escala.<\/span><br \/><strong><span style=\"color: #000000;\">Qual \u00e9 a abordagem da empresa para garantir que as equipes operacionais forne\u00e7am suporte t\u00e9cnico eficaz aos novos clientes provenientes das franquias?<\/span><\/strong><br \/><span style=\"color: #000000;\"> Os squads s\u00e3o treinados e capacitados para atender aos mais variados nichos do mercado nacional, tendo como apoio uma \u00e1rea de Processos e Qualidade, Gest\u00e3o de Pessoas, Produto e a Universidade Corporativa.<\/span><br \/><strong><span style=\"color: #000000;\">Por que a capacita\u00e7\u00e3o de novos profissionais de marketing digital \u00e9 t\u00e3o relevante para a miss\u00e3o da Beelieve Group e como essa forma\u00e7\u00e3o se traduz em valor para os clientes e o mercado?<\/span><\/strong><br \/><span style=\"color: #000000;\"><mark style=\"background-color:gainsboro;\"> Para aumentarmos a escala da venda das franquias e recebermos cada vez mais clientes vindo delas, precisamos montar um sistema onde nossa entrega seja sempre padronizada com qualidade e performance, e para isso a melhor solu\u00e7\u00e3o \u00e9 treinar os jovens que entrar\u00e3o nos squads, fazendo com que todos os profissionais tenham a cultura e qualidade da Beelieve Group.<\/mark><\/span><br \/><strong><span style=\"color: #000000;\">Quais s\u00e3o os principais desafios que a Beelieve Group encontrou ao lan\u00e7ar o modelo de franquias e como a empresa os superou?<\/span><\/strong><br \/><span style=\"color: #000000;\">O \u00fanico desafio, mas j\u00e1 sendo superado, e o medo do novo por quem quer fazer parte. Exemplos: ser\u00e1 que o Programa Profissionais do Futuro realmente emprega? Ser\u00e1 que essa franquia n\u00e3o \u00e9 mais uma furada?<\/span><\/strong><br \/><span style=\"color: #000000;\">Os s\u00f3cios do neg\u00f3cio j\u00e1 tem muitos erros e acertos em suas vidas empres\u00e1rias e executivas, \u00e9 um projeto pensado a m\u00e9dio e longo prazo, pensado ao longo da jornada para solucionar dores, n\u00e3o para gerar caixa r\u00e1pido. <\/span><br \/><strong><span style=\"color: #000000;\">Como a sua vasta experi\u00eancia no setor e o entusiasmo por tecnologia e empreendedorismo influenciaram a vis\u00e3o e a estrat\u00e9gia da Beelieve Group?<\/span><\/strong><br \/><span style=\"color: #000000;\">Tenho 13  anos no mercado de marketing digital, todas as dores que estamos corrigindo hoje na Beelieve Group, foram dores que senti ao longo da de jornadas como executivo, empreendedor e empres\u00e1rio.<\/span><br \/><strong><span style=\"color: #000000;\">Qual \u00e9 a expectativa da Beelieve Group em rela\u00e7\u00e3o \u00e0 integra\u00e7\u00e3o de profissionais capacitados nos squads de opera\u00e7\u00e3o e como essa colabora\u00e7\u00e3o impulsiona os resultados?<\/span><\/strong><br \/><span style=\"color: #000000;\">100%. Nossa \u00e1rea de processos foi cuidadosa na gest\u00e3o do dia a dia, para que as tarefas codependentes sejam realizadas com uma colabora\u00e7\u00e3o e comunica\u00e7\u00e3o, e n\u00e3o s\u00f3 com entregas robotizadas. <\/span><br \/><strong><span style=\"color: #000000;\">Por que voc\u00ea considera a combina\u00e7\u00e3o de tecnologia e empreendedorismo uma maneira transformadora de impactar positivamente a vida das pessoas, especialmente no contexto do marketing digital?<\/span><\/strong><br \/><span style=\"color: #000000;\">O ser humano necessita de relacionamento, isso \u00e9 empreender, buscar formas de fazer com que quem tem uma necessidade, encontre quem a criou, e gere valor, n\u00e3o s\u00f3 <span style=\"color: #000000;\"><a href=\"https:\/\/pt.wikipedia.org\/wiki\/Lucro\" target=\"_blank\" rel=\"noopener noreferrer\">lucro<\/a><\/span> e solu\u00e7\u00e3o resolvida. Pensando em um mundo com mais de 8.000.000.000 de pessoas, gerar valor em escala sem pensar em tecnologia \u00e9 imposs\u00edvel. Principalmente por esse motivo a tecnologia tem sempre que estar de m\u00e3os dadas com o empreendedorismo.<\/span><br \/><strong><span style=\"color: #000000;\">Qual \u00e9 o principal diferencial competitivo da abordagem da Beelieve Group em compara\u00e7\u00e3o com outras solu\u00e7\u00f5es de marketing digital dispon\u00edveis no mercado?<\/span><\/strong><br \/><span style=\"color: #000000;\"><mark style=\"background-color:gainsboro;\"> Nossa franquia \u00e9 um s\u00f3cio executivo, n\u00e3o quer s\u00f3 vender por comiss\u00e3o. Nosso squad tem um variado time que conta com a possibilidade de desenvolvimento cont\u00ednuo, para que sempre esteja entregando o melhor para o cliente final. Temos tecnologias que demonstram clareza nas a\u00e7\u00f5es e no investimento do cliente final.<\/mark> <\/span><br \/><strong><span style=\"color: #000000;\">Quais s\u00e3o os principais aspectos abordados no modelo de franquias da Beelieve Group que o tornam especialmente atrativo para as PMEs que buscam acesso ao marketing digital?<\/span><\/strong><br \/><span style=\"color: #000000;\">O nosso franqueado \u00e9 um s\u00f3cio executivo (comercial). Ele vender\u00e1 as solu\u00e7\u00f5es da Beelieve Digital, empresa da <span style=\"color: #000000;\"><a href=\"https:\/\/pt.wikipedia.org\/wiki\/Holding\" target=\"_blank\" rel=\"noopener noreferrer\">holding<\/a><\/span> que foca nas entregas operacionais. S\u00e3o solu\u00e7\u00f5es de at\u00e9 60 a\u00e7\u00f5es no marketing Digital com squads operacionais voltados para gerar resultado para o neg\u00f3cio do PMEs. Em um custo benef\u00edcio j\u00e1 mais visto nesse setor em compara\u00e7\u00e3o se ele fosse contratar em outra ag\u00eancia, ou montar seu pr\u00f3prio Squad.<\/span><br \/><i class=\"pvc-stats-icon small\" aria-hidden=\"true\"><svg aria-hidden=\"true\" focusable=\"false\" data-prefix=\"far\" data-icon=\"chart-bar\" role=\"img\" xmlns=\"http:\/\/www.w3.org\/2000\/svg\" viewbox=\"0 0 512 512\" class=\"svg-inline--fa fa-chart-bar fa-w-16 fa-2x\"><path fill=\"currentColor\" d=\"M396.8 352h22.4c6.4 0 12.8-6.4 12.8-12.8V108.8c0-6.4-6.4-12.8-12.8-12.8h-22.4c-6.4 0-12.8 6.4-12.8 12.8v230.4c0 6.4 6.4 12.8 12.8 12.8zm-192 0h22.4c6.4 0 12.8-6.4 12.8-12.8V140.8c0-6.4-6.4-12.8-12.8-12.8h-22.4c-6.4 0-12.8 6.4-12.8 12.8v198.4c0 6.4 6.4 12.8 12.8 12.8zm96 0h22.4c6.4 0 12.8-6.4 12.8-12.8V204.8c0-6.4-6.4-12.8-12.8-12.8h-22.4c-6.4 0-12.8 6.4-12.8 12.8v134.4c0 6.4 6.4 12.8 12.8 12.8zM496 400H48V80c0-8.84-7.16-16-16-16H16C7.16 64 0 71.16 0 80v336c0 17.67 14.33 32 32 32h464c8.84 0 16-7.16 16-16v-16c0-8.84-7.16-16-16-16zm-387.2-48h22.4c6.4 0 12.8-6.4 12.8-12.8v-70.4c0-6.4-6.4-12.8-12.8-12.8h-22.4c-6.4 0-12.8 6.4-12.8 12.8v70.4c0 6.4 6.4 12.8 12.8 12.8z\" class=\"\"><\/path><\/svg><\/i> &nbsp;2,661&nbsp;<br \/>Eder Fonseca \u00e9 idealizador e publisher do Panorama Mercantil. Com mudan\u00e7as no foco editorial ao longo do tempo, o portal se tornou aos poucos, um tradicional ve\u00edculo de entrevistas da internet brasileira, al\u00e9m de atuar tamb\u00e9m como um site de agrega\u00e7\u00e3o de not\u00edcias.<br \/>Ferramentas de Acessibilidade<\/p>\n<p><a href=\"https:\/\/news.google.com\/rss\/articles\/CBMiTWh0dHBzOi8vcGFub3JhbWFtZXJjYW50aWwuY29tLmJyL3Bvci11bS1tYXJrZXRpbmctZGlnaXRhbC1tYWlzLWRlbW9jcmF0aXphZG8v0gEA?oc=5\">source<\/a><\/p>\n","protected":false},"excerpt":{"rendered":"<p>A entrevista exclusiva de Marcus Calixto, CEO da Beelieve, ao portal Panorama Mercantil revelou percep\u00e7\u00f5es valiosas sobre a vis\u00e3o e estrat\u00e9gia da empresa no mercado de marketing digital, especialmente focando nas Pequenas e M\u00e9dias Empresas (PMEs). A Beelieve Group busca preencher uma lacuna cr\u00edtica no mercado ao abordar as preocupa\u00e7\u00f5es recorrentes das PMEs em rela\u00e7\u00e3o&#8230;<\/p>\n","protected":false},"author":1,"featured_media":5836,"comment_status":"open","ping_status":"open","sticky":false,"template":"","format":"standard","meta":{"footnotes":""},"categories":[33],"tags":[35],"class_list":["post-5835","post","type-post","status-publish","format-standard","has-post-thumbnail","hentry","category-noticias","tag-digital"],"yoast_head":"<!-- This site is optimized with the Yoast SEO Premium plugin v21.1 (Yoast SEO v22.7) - https:\/\/yoast.com\/wordpress\/plugins\/seo\/ -->\n<title>Por um marketing digital mais democratizado - Panorama Mercantil - 4tuneagencia.digital<\/title>\n<meta name=\"robots\" content=\"index, follow, max-snippet:-1, max-image-preview:large, max-video-preview:-1\" \/>\n<link rel=\"canonical\" href=\"https:\/\/4tuneagencia.digital\/blog\/por-um-marketing-digital-mais-democratizado-panorama-mercantil\/\" \/>\n<meta property=\"og:locale\" content=\"pt_BR\" \/>\n<meta property=\"og:type\" content=\"article\" \/>\n<meta property=\"og:title\" content=\"Por um marketing digital mais democratizado - Panorama Mercantil\" \/>\n<meta property=\"og:description\" content=\"A entrevista exclusiva de Marcus Calixto, CEO da Beelieve, ao portal Panorama Mercantil revelou percep\u00e7\u00f5es valiosas sobre a vis\u00e3o e estrat\u00e9gia da empresa no mercado de marketing digital, especialmente focando nas Pequenas e M\u00e9dias Empresas (PMEs). A Beelieve Group busca preencher uma lacuna cr\u00edtica no mercado ao abordar as preocupa\u00e7\u00f5es recorrentes das PMEs em rela\u00e7\u00e3o...\" \/>\n<meta property=\"og:url\" content=\"https:\/\/4tuneagencia.digital\/blog\/por-um-marketing-digital-mais-democratizado-panorama-mercantil\/\" \/>\n<meta property=\"og:site_name\" content=\"4tuneagencia.digital\" \/>\n<meta property=\"article:published_time\" content=\"2023-10-05T07:07:13+00:00\" \/>\n<meta name=\"author\" content=\"4tune\" \/>\n<meta name=\"twitter:card\" content=\"summary_large_image\" \/>\n<meta name=\"twitter:label1\" content=\"Escrito por\" \/>\n\t<meta name=\"twitter:data1\" content=\"4tune\" \/>\n\t<meta name=\"twitter:label2\" content=\"Est. tempo de leitura\" \/>\n\t<meta name=\"twitter:data2\" content=\"6 minutos\" \/>\n<script type=\"application\/ld+json\" class=\"yoast-schema-graph\">{\"@context\":\"https:\/\/schema.org\",\"@graph\":[{\"@type\":\"Article\",\"@id\":\"https:\/\/4tuneagencia.digital\/blog\/por-um-marketing-digital-mais-democratizado-panorama-mercantil\/#article\",\"isPartOf\":{\"@id\":\"https:\/\/4tuneagencia.digital\/blog\/por-um-marketing-digital-mais-democratizado-panorama-mercantil\/\"},\"author\":{\"name\":\"4tune\",\"@id\":\"https:\/\/4tuneagencia.digital\/blog\/#\/schema\/person\/7c40d2e8b9964c2390122613459c2100\"},\"headline\":\"Por um marketing digital mais democratizado &#8211; Panorama Mercantil\",\"datePublished\":\"2023-10-05T07:07:13+00:00\",\"dateModified\":\"2023-10-05T07:07:13+00:00\",\"mainEntityOfPage\":{\"@id\":\"https:\/\/4tuneagencia.digital\/blog\/por-um-marketing-digital-mais-democratizado-panorama-mercantil\/\"},\"wordCount\":1258,\"commentCount\":0,\"publisher\":{\"@id\":\"https:\/\/4tuneagencia.digital\/blog\/#organization\"},\"image\":{\"@id\":\"https:\/\/4tuneagencia.digital\/blog\/por-um-marketing-digital-mais-democratizado-panorama-mercantil\/#primaryimage\"},\"thumbnailUrl\":\"https:\/\/4tuneagencia.digital\/blog\/wp-content\/uploads\/2023\/10\/wp-header-logo-206.png\",\"keywords\":[\"Digital\"],\"articleSection\":[\"Noticias\"],\"inLanguage\":\"pt-BR\",\"potentialAction\":[{\"@type\":\"CommentAction\",\"name\":\"Comment\",\"target\":[\"https:\/\/4tuneagencia.digital\/blog\/por-um-marketing-digital-mais-democratizado-panorama-mercantil\/#respond\"]}]},{\"@type\":\"WebPage\",\"@id\":\"https:\/\/4tuneagencia.digital\/blog\/por-um-marketing-digital-mais-democratizado-panorama-mercantil\/\",\"url\":\"https:\/\/4tuneagencia.digital\/blog\/por-um-marketing-digital-mais-democratizado-panorama-mercantil\/\",\"name\":\"Por um marketing digital mais democratizado - Panorama Mercantil - 4tuneagencia.digital\",\"isPartOf\":{\"@id\":\"https:\/\/4tuneagencia.digital\/blog\/#website\"},\"primaryImageOfPage\":{\"@id\":\"https:\/\/4tuneagencia.digital\/blog\/por-um-marketing-digital-mais-democratizado-panorama-mercantil\/#primaryimage\"},\"image\":{\"@id\":\"https:\/\/4tuneagencia.digital\/blog\/por-um-marketing-digital-mais-democratizado-panorama-mercantil\/#primaryimage\"},\"thumbnailUrl\":\"https:\/\/4tuneagencia.digital\/blog\/wp-content\/uploads\/2023\/10\/wp-header-logo-206.png\",\"datePublished\":\"2023-10-05T07:07:13+00:00\",\"dateModified\":\"2023-10-05T07:07:13+00:00\",\"breadcrumb\":{\"@id\":\"https:\/\/4tuneagencia.digital\/blog\/por-um-marketing-digital-mais-democratizado-panorama-mercantil\/#breadcrumb\"},\"inLanguage\":\"pt-BR\",\"potentialAction\":[{\"@type\":\"ReadAction\",\"target\":[\"https:\/\/4tuneagencia.digital\/blog\/por-um-marketing-digital-mais-democratizado-panorama-mercantil\/\"]}]},{\"@type\":\"ImageObject\",\"inLanguage\":\"pt-BR\",\"@id\":\"https:\/\/4tuneagencia.digital\/blog\/por-um-marketing-digital-mais-democratizado-panorama-mercantil\/#primaryimage\",\"url\":\"https:\/\/4tuneagencia.digital\/blog\/wp-content\/uploads\/2023\/10\/wp-header-logo-206.png\",\"contentUrl\":\"https:\/\/4tuneagencia.digital\/blog\/wp-content\/uploads\/2023\/10\/wp-header-logo-206.png\",\"width\":270,\"height\":72},{\"@type\":\"BreadcrumbList\",\"@id\":\"https:\/\/4tuneagencia.digital\/blog\/por-um-marketing-digital-mais-democratizado-panorama-mercantil\/#breadcrumb\",\"itemListElement\":[{\"@type\":\"ListItem\",\"position\":1,\"name\":\"In\u00edcio\",\"item\":\"https:\/\/4tuneagencia.digital\/blog\/\"},{\"@type\":\"ListItem\",\"position\":2,\"name\":\"Por um marketing digital mais democratizado &#8211; Panorama Mercantil\"}]},{\"@type\":\"WebSite\",\"@id\":\"https:\/\/4tuneagencia.digital\/blog\/#website\",\"url\":\"https:\/\/4tuneagencia.digital\/blog\/\",\"name\":\"4tuneagencia.digital\",\"description\":\"Marketing e Web Designer \",\"publisher\":{\"@id\":\"https:\/\/4tuneagencia.digital\/blog\/#organization\"},\"potentialAction\":[{\"@type\":\"SearchAction\",\"target\":{\"@type\":\"EntryPoint\",\"urlTemplate\":\"https:\/\/4tuneagencia.digital\/blog\/?s={search_term_string}\"},\"query-input\":\"required name=search_term_string\"}],\"inLanguage\":\"pt-BR\"},{\"@type\":\"Organization\",\"@id\":\"https:\/\/4tuneagencia.digital\/blog\/#organization\",\"name\":\"4tuneagencia.digital\",\"url\":\"https:\/\/4tuneagencia.digital\/blog\/\",\"logo\":{\"@type\":\"ImageObject\",\"inLanguage\":\"pt-BR\",\"@id\":\"https:\/\/4tuneagencia.digital\/blog\/#\/schema\/logo\/image\/\",\"url\":\"https:\/\/4tuneagencia.digital\/blog\/wp-content\/uploads\/2023\/09\/novo-logo-e1694954525541.png\",\"contentUrl\":\"https:\/\/4tuneagencia.digital\/blog\/wp-content\/uploads\/2023\/09\/novo-logo-e1694954525541.png\",\"width\":250,\"height\":250,\"caption\":\"4tuneagencia.digital\"},\"image\":{\"@id\":\"https:\/\/4tuneagencia.digital\/blog\/#\/schema\/logo\/image\/\"}},{\"@type\":\"Person\",\"@id\":\"https:\/\/4tuneagencia.digital\/blog\/#\/schema\/person\/7c40d2e8b9964c2390122613459c2100\",\"name\":\"4tune\",\"image\":{\"@type\":\"ImageObject\",\"inLanguage\":\"pt-BR\",\"@id\":\"https:\/\/4tuneagencia.digital\/blog\/#\/schema\/person\/image\/\",\"url\":\"https:\/\/secure.gravatar.com\/avatar\/e81e8ea0176022ee4555117aee5e3092bff2a7aaa930134f8023c7d4bc2f1495?s=96&d=mm&r=g\",\"contentUrl\":\"https:\/\/secure.gravatar.com\/avatar\/e81e8ea0176022ee4555117aee5e3092bff2a7aaa930134f8023c7d4bc2f1495?s=96&d=mm&r=g\",\"caption\":\"4tune\"},\"sameAs\":[\"http:\/\/4tuneagencia.digital\"],\"url\":\"https:\/\/4tuneagencia.digital\/blog\/author\/admin\/\"}]}<\/script>\n<!-- \/ Yoast SEO Premium plugin. -->","yoast_head_json":{"title":"Por um marketing digital mais democratizado - Panorama Mercantil - 4tuneagencia.digital","robots":{"index":"index","follow":"follow","max-snippet":"max-snippet:-1","max-image-preview":"max-image-preview:large","max-video-preview":"max-video-preview:-1"},"canonical":"https:\/\/4tuneagencia.digital\/blog\/por-um-marketing-digital-mais-democratizado-panorama-mercantil\/","og_locale":"pt_BR","og_type":"article","og_title":"Por um marketing digital mais democratizado - Panorama Mercantil","og_description":"A entrevista exclusiva de Marcus Calixto, CEO da Beelieve, ao portal Panorama Mercantil revelou percep\u00e7\u00f5es valiosas sobre a vis\u00e3o e estrat\u00e9gia da empresa no mercado de marketing digital, especialmente focando nas Pequenas e M\u00e9dias Empresas (PMEs). A Beelieve Group busca preencher uma lacuna cr\u00edtica no mercado ao abordar as preocupa\u00e7\u00f5es recorrentes das PMEs em rela\u00e7\u00e3o...","og_url":"https:\/\/4tuneagencia.digital\/blog\/por-um-marketing-digital-mais-democratizado-panorama-mercantil\/","og_site_name":"4tuneagencia.digital","article_published_time":"2023-10-05T07:07:13+00:00","author":"4tune","twitter_card":"summary_large_image","twitter_misc":{"Escrito por":"4tune","Est. tempo de leitura":"6 minutos"},"schema":{"@context":"https:\/\/schema.org","@graph":[{"@type":"Article","@id":"https:\/\/4tuneagencia.digital\/blog\/por-um-marketing-digital-mais-democratizado-panorama-mercantil\/#article","isPartOf":{"@id":"https:\/\/4tuneagencia.digital\/blog\/por-um-marketing-digital-mais-democratizado-panorama-mercantil\/"},"author":{"name":"4tune","@id":"https:\/\/4tuneagencia.digital\/blog\/#\/schema\/person\/7c40d2e8b9964c2390122613459c2100"},"headline":"Por um marketing digital mais democratizado &#8211; Panorama Mercantil","datePublished":"2023-10-05T07:07:13+00:00","dateModified":"2023-10-05T07:07:13+00:00","mainEntityOfPage":{"@id":"https:\/\/4tuneagencia.digital\/blog\/por-um-marketing-digital-mais-democratizado-panorama-mercantil\/"},"wordCount":1258,"commentCount":0,"publisher":{"@id":"https:\/\/4tuneagencia.digital\/blog\/#organization"},"image":{"@id":"https:\/\/4tuneagencia.digital\/blog\/por-um-marketing-digital-mais-democratizado-panorama-mercantil\/#primaryimage"},"thumbnailUrl":"https:\/\/4tuneagencia.digital\/blog\/wp-content\/uploads\/2023\/10\/wp-header-logo-206.png","keywords":["Digital"],"articleSection":["Noticias"],"inLanguage":"pt-BR","potentialAction":[{"@type":"CommentAction","name":"Comment","target":["https:\/\/4tuneagencia.digital\/blog\/por-um-marketing-digital-mais-democratizado-panorama-mercantil\/#respond"]}]},{"@type":"WebPage","@id":"https:\/\/4tuneagencia.digital\/blog\/por-um-marketing-digital-mais-democratizado-panorama-mercantil\/","url":"https:\/\/4tuneagencia.digital\/blog\/por-um-marketing-digital-mais-democratizado-panorama-mercantil\/","name":"Por um marketing digital mais democratizado - Panorama Mercantil - 4tuneagencia.digital","isPartOf":{"@id":"https:\/\/4tuneagencia.digital\/blog\/#website"},"primaryImageOfPage":{"@id":"https:\/\/4tuneagencia.digital\/blog\/por-um-marketing-digital-mais-democratizado-panorama-mercantil\/#primaryimage"},"image":{"@id":"https:\/\/4tuneagencia.digital\/blog\/por-um-marketing-digital-mais-democratizado-panorama-mercantil\/#primaryimage"},"thumbnailUrl":"https:\/\/4tuneagencia.digital\/blog\/wp-content\/uploads\/2023\/10\/wp-header-logo-206.png","datePublished":"2023-10-05T07:07:13+00:00","dateModified":"2023-10-05T07:07:13+00:00","breadcrumb":{"@id":"https:\/\/4tuneagencia.digital\/blog\/por-um-marketing-digital-mais-democratizado-panorama-mercantil\/#breadcrumb"},"inLanguage":"pt-BR","potentialAction":[{"@type":"ReadAction","target":["https:\/\/4tuneagencia.digital\/blog\/por-um-marketing-digital-mais-democratizado-panorama-mercantil\/"]}]},{"@type":"ImageObject","inLanguage":"pt-BR","@id":"https:\/\/4tuneagencia.digital\/blog\/por-um-marketing-digital-mais-democratizado-panorama-mercantil\/#primaryimage","url":"https:\/\/4tuneagencia.digital\/blog\/wp-content\/uploads\/2023\/10\/wp-header-logo-206.png","contentUrl":"https:\/\/4tuneagencia.digital\/blog\/wp-content\/uploads\/2023\/10\/wp-header-logo-206.png","width":270,"height":72},{"@type":"BreadcrumbList","@id":"https:\/\/4tuneagencia.digital\/blog\/por-um-marketing-digital-mais-democratizado-panorama-mercantil\/#breadcrumb","itemListElement":[{"@type":"ListItem","position":1,"name":"In\u00edcio","item":"https:\/\/4tuneagencia.digital\/blog\/"},{"@type":"ListItem","position":2,"name":"Por um marketing digital mais democratizado &#8211; Panorama Mercantil"}]},{"@type":"WebSite","@id":"https:\/\/4tuneagencia.digital\/blog\/#website","url":"https:\/\/4tuneagencia.digital\/blog\/","name":"4tuneagencia.digital","description":"Marketing e Web Designer ","publisher":{"@id":"https:\/\/4tuneagencia.digital\/blog\/#organization"},"potentialAction":[{"@type":"SearchAction","target":{"@type":"EntryPoint","urlTemplate":"https:\/\/4tuneagencia.digital\/blog\/?s={search_term_string}"},"query-input":"required name=search_term_string"}],"inLanguage":"pt-BR"},{"@type":"Organization","@id":"https:\/\/4tuneagencia.digital\/blog\/#organization","name":"4tuneagencia.digital","url":"https:\/\/4tuneagencia.digital\/blog\/","logo":{"@type":"ImageObject","inLanguage":"pt-BR","@id":"https:\/\/4tuneagencia.digital\/blog\/#\/schema\/logo\/image\/","url":"https:\/\/4tuneagencia.digital\/blog\/wp-content\/uploads\/2023\/09\/novo-logo-e1694954525541.png","contentUrl":"https:\/\/4tuneagencia.digital\/blog\/wp-content\/uploads\/2023\/09\/novo-logo-e1694954525541.png","width":250,"height":250,"caption":"4tuneagencia.digital"},"image":{"@id":"https:\/\/4tuneagencia.digital\/blog\/#\/schema\/logo\/image\/"}},{"@type":"Person","@id":"https:\/\/4tuneagencia.digital\/blog\/#\/schema\/person\/7c40d2e8b9964c2390122613459c2100","name":"4tune","image":{"@type":"ImageObject","inLanguage":"pt-BR","@id":"https:\/\/4tuneagencia.digital\/blog\/#\/schema\/person\/image\/","url":"https:\/\/secure.gravatar.com\/avatar\/e81e8ea0176022ee4555117aee5e3092bff2a7aaa930134f8023c7d4bc2f1495?s=96&d=mm&r=g","contentUrl":"https:\/\/secure.gravatar.com\/avatar\/e81e8ea0176022ee4555117aee5e3092bff2a7aaa930134f8023c7d4bc2f1495?s=96&d=mm&r=g","caption":"4tune"},"sameAs":["http:\/\/4tuneagencia.digital"],"url":"https:\/\/4tuneagencia.digital\/blog\/author\/admin\/"}]}},"jetpack_featured_media_url":"https:\/\/4tuneagencia.digital\/blog\/wp-content\/uploads\/2023\/10\/wp-header-logo-206.png","_links":{"self":[{"href":"https:\/\/4tuneagencia.digital\/blog\/wp-json\/wp\/v2\/posts\/5835","targetHints":{"allow":["GET"]}}],"collection":[{"href":"https:\/\/4tuneagencia.digital\/blog\/wp-json\/wp\/v2\/posts"}],"about":[{"href":"https:\/\/4tuneagencia.digital\/blog\/wp-json\/wp\/v2\/types\/post"}],"author":[{"embeddable":true,"href":"https:\/\/4tuneagencia.digital\/blog\/wp-json\/wp\/v2\/users\/1"}],"replies":[{"embeddable":true,"href":"https:\/\/4tuneagencia.digital\/blog\/wp-json\/wp\/v2\/comments?post=5835"}],"version-history":[{"count":0,"href":"https:\/\/4tuneagencia.digital\/blog\/wp-json\/wp\/v2\/posts\/5835\/revisions"}],"wp:featuredmedia":[{"embeddable":true,"href":"https:\/\/4tuneagencia.digital\/blog\/wp-json\/wp\/v2\/media\/5836"}],"wp:attachment":[{"href":"https:\/\/4tuneagencia.digital\/blog\/wp-json\/wp\/v2\/media?parent=5835"}],"wp:term":[{"taxonomy":"category","embeddable":true,"href":"https:\/\/4tuneagencia.digital\/blog\/wp-json\/wp\/v2\/categories?post=5835"},{"taxonomy":"post_tag","embeddable":true,"href":"https:\/\/4tuneagencia.digital\/blog\/wp-json\/wp\/v2\/tags?post=5835"}],"curies":[{"name":"wp","href":"https:\/\/api.w.org\/{rel}","templated":true}]}}