{"id":5845,"date":"2023-10-05T07:40:14","date_gmt":"2023-10-05T10:40:14","guid":{"rendered":"https:\/\/4tuneagencia.digital\/blog\/ato-declaratorio-ambiental-ada-ibama-gov-br\/"},"modified":"2023-10-05T07:40:14","modified_gmt":"2023-10-05T10:40:14","slug":"ato-declaratorio-ambiental-ada-ibama-gov-br","status":"publish","type":"post","link":"https:\/\/4tuneagencia.digital\/blog\/ato-declaratorio-ambiental-ada-ibama-gov-br\/","title":{"rendered":"Ato Declarat\u00f3rio Ambiental (ADA) \u2014 Ibama &#8211; GOV.BR"},"content":{"rendered":"<p><strong><a class=\"plgBotao\" href=\"https:\/\/servicos.ibama.gov.br\/ctf\/sistema.php\" rel=\"noopener noreferrer\" target=\"_blank\">Acesse o ADAWEB<\/a><\/strong><br \/><strong><strong><a class=\"plgBotao\" href=\"https:\/\/servicos.ibama.gov.br\/ctf\/publico\/ada\/autenticidade_recibo.php\" rel=\"noopener noreferrer\" target=\"_blank\">Acesse a consulta de autenticidade dos recibos emitidos pelo\u00a0ADA<\/a><\/strong><\/strong><br \/>\u00a0<a id=\"iniciodapagina\"><\/a><br \/>O Ato Declarat\u00f3rio Ambiental (ADA) institu\u00eddo pela <a href=\"http:\/\/www.planalto.gov.br\/ccivil_03\/LEIS\/L6938.htm\" rel=\"alternate noopener noreferrer\" target=\"_blank\">Lei n\u00ba 6.938\/1981<\/a>\u00a0\u00e9 um instrumento legal que possibilita ao propriet\u00e1rio rural uma redu\u00e7\u00e3o do Imposto Territorial Rural (ITR) em at\u00e9 100% quando declarar no Documento de Informa\u00e7\u00e3o e Apura\u00e7\u00e3o (DIAT\/ITR):<br \/>O ADA \u00e9 documento de cadastro das \u00e1reas do im\u00f3vel rural junto ao Ibama e das \u00e1reas de interesse ambiental que o integram para fins de isen\u00e7\u00e3o do Imposto sobre a Propriedade Territorial Rural (ITR), sobre estas \u00faltimas.<br \/>Deve ser preenchido e apresentado pelos declarantes de im\u00f3veis rurais obrigados \u00e0 apresenta\u00e7\u00e3o do ITR.<br \/>O cadastramento das \u00e1reas de interesse ambiental declaradas permite a redu\u00e7\u00e3o do ITR\u00a0do im\u00f3vel rural. Com isso, procura-se estimular a preserva\u00e7\u00e3o e prote\u00e7\u00e3o da flora e das florestas e, consequentemente, contribuir para a conserva\u00e7\u00e3o da natureza e melhor qualidade de vida.<br \/>Para declarar o ADA, informe CPF\/CNPJ e sua senha na p\u00e1gina de acesso aos <a href=\"https:\/\/servicos.ibama.gov.br\/ctf\/sistema.php\" rel=\"alternate noopener noreferrer\" target=\"_blank\">Servi\u00e7os do Ibama<\/a>.<br \/><sub><a href=\"#iniciodapagina\">Voltar para o topo<\/a><\/sub><br \/>O ADA deve ser declarado <strong>anualmente de 1\u00ba de janeiro a 30 de setembro (extensivo at\u00e9 31 de dezembro para declara\u00e7\u00f5es retificadoras).\u00a0<\/strong><br \/>A\u00a0apresenta\u00e7\u00e3o anual vigora desde o exerc\u00edcio de 2007.<br \/><sub><a href=\"#iniciodapagina\">Voltar para o topo<\/a><\/sub><br \/>Os propriet\u00e1rios rurais que prestam informa\u00e7\u00f5es ao sistema do Ato Declarat\u00f3rio Ambiental (ADA) podem acessar o formul\u00e1rio eletr\u00f4nico para declara\u00e7\u00e3o sem que haja necessidade de inscri\u00e7\u00e3o no Cadastro T\u00e9cnico Federal (CTF).<br \/>O novo entendimento do Instituto, v\u00e1lido a partir do ciclo de 2020, \u00e9 de que as atividades de manuten\u00e7\u00e3o de \u00e1reas de interesse ambiental (dispostas na Instru\u00e7\u00e3o Normativa (IN) Ibama n\u00ba 05\/2009), que permitem o desconto na al\u00edquota do Imposto Territorial Rural (ITR), n\u00e3o s\u00e3o caracterizadas como potencialmente poluidoras e utilizadoras de recursos ambientais, logo, n\u00e3o precisam estar inseridas no CTF. A medida n\u00e3o afeta a exigibilidade de cadastro para as demais atividades.<br \/>Para preenchimento do formul\u00e1rio eletr\u00f4nico do ADA (<a class=\"external-link\" href=\"https:\/\/servicos.ibama.gov.br\/ctf\/sistema.php\" target=\"_blank\" title=\"\" data-tippreview-enabled=\"false\" data-tippreview-image=\"\" data-tippreview-title=\"\" rel=\"noopener\">ADAWeb<\/a>) \u00e9 necess\u00e1rio que o declarante seja um usu\u00e1rio dos\u00a0<a class=\"external-link\" href=\"https:\/\/servicos.ibama.gov.br\/ctf\/sistema.php\" target=\"_blank\" title=\"\" data-tippreview-enabled=\"false\" data-tippreview-image=\"\" data-tippreview-title=\"\" rel=\"noopener\">Servi\u00e7os do Ibama<\/a>, pessoa f\u00edsica ou jur\u00eddica, cujas informa\u00e7\u00f5es pessoais ou institucionais estejam devidamente atualizadas junto ao portal de Servi\u00e7os do Ibama.<br \/>O interessado dever\u00e1 criar seu cadastro para usu\u00e1rio para acesso ao Servi\u00e7os Ibama em <a class=\"external-link\" href=\"https:\/\/servicos.ibama.gov.br\/sso-externo\/solicitarAcesso\" target=\"_blank\" title=\"\" data-tippreview-enabled=\"false\" data-tippreview-image=\"\" data-tippreview-title=\"\" rel=\"noopener\">Acesso para cadastro de usu\u00e1rio ao Portal de Servi\u00e7os Ibama<\/a>. O registro no CTF n\u00e3o \u00e9 obrigat\u00f3rio para acessar o formul\u00e1rio ADAWeb disponibilizado no portal de servi\u00e7os do Ibama.<br \/>Os usu\u00e1rios que possu\u00edrem inscri\u00e7\u00e3o no CTF apenas para fins de presta\u00e7\u00e3o no ADA, poder\u00e3o cancel\u00e1-la ap\u00f3s a cria\u00e7\u00e3o do perfil de acesso.<br \/><sub><a href=\"#iniciodapagina\">Voltar para o topo<\/a><\/sub><br \/><sub><a href=\"#iniciodapagina\">Voltar para o topo<\/a><\/sub><br \/>O acesso ao ADAWeb\u00a0\u00e9 feito por meio de senha \u00fanica para CPF ou CNPJ, gerada e fornecida pelo CTF imediatamente ap\u00f3s o interessado criar seu cadastro aos servi\u00e7os Ibama em <a class=\"external-link\" href=\"https:\/\/servicos.ibama.gov.br\/sso-externo\/solicitarAcesso\" target=\"_blank\" title=\"\" data-tippreview-enabled=\"false\" data-tippreview-image=\"\" data-tippreview-title=\"\" rel=\"noopener\">Acesso para cadastro de usu\u00e1rio ao Portal de Servi\u00e7os Ibama<\/a>.<span style=\"text-decoration: line-through; \"><br \/><\/span><br \/><a class=\"plgBotao external-link\" href=\"https:\/\/servicos.ibama.gov.br\/ctf\/sistema.php\" target=\"_blank\" title=\"\" data-tippreview-enabled=\"false\" data-tippreview-image=\"\" data-tippreview-title=\"\" rel=\"noopener\">Acesse o ADAWeb<\/a>\u00a0<br \/><sub><a href=\"#iniciodapagina\">Voltar para o topo<\/a><\/sub><br \/><a class=\"plgBotao\" href=\"https:\/\/servicos.ibama.gov.br\/ctf\/publico\/ada\/autenticidade_recibo.php\" rel=\"noopener noreferrer\" target=\"_blank\">Acesse a consulta de autenticidade<\/a><br \/><sub><a href=\"#iniciodapagina\">Voltar para o topo<\/a><\/sub><br \/>O ADA possui os seguintes fundamentos legais:\u00a0<br \/><sub><a href=\"#iniciodapagina\">Voltar para o topo<\/a><\/sub><br \/>Para esclarecimentos espec\u00edficos sobre o ADA, enviar e-mail para <span id=\"cloak8477b2136a0077850fdb2b47496a3fe3\"><a href=\"mailto:ada.sede@ibama.gov.br\">ada.sede@ibama.gov.br<\/a><\/span><br \/><sub><a href=\"#iniciodapagina\">Voltar para o topo<\/a><\/sub><\/p>\n<p><a href=\"https:\/\/news.google.com\/rss\/articles\/CBMiNmh0dHBzOi8vd3d3Lmdvdi5ici9pYmFtYS9wdC1ici9zZXJ2aWNvcy9zaXN0ZW1hcy9hZGEtMdIBAA?oc=5\">source<\/a><\/p>\n","protected":false},"excerpt":{"rendered":"<p>Acesse o ADAWEBAcesse a consulta de autenticidade dos recibos emitidos pelo\u00a0ADA\u00a0O Ato Declarat\u00f3rio Ambiental (ADA) institu\u00eddo pela Lei n\u00ba 6.938\/1981\u00a0\u00e9 um instrumento legal que possibilita ao propriet\u00e1rio rural uma redu\u00e7\u00e3o do Imposto Territorial Rural (ITR) em at\u00e9 100% quando declarar no Documento de Informa\u00e7\u00e3o e Apura\u00e7\u00e3o (DIAT\/ITR):O ADA \u00e9 documento de cadastro das \u00e1reas do&#8230;<\/p>\n","protected":false},"author":1,"featured_media":5846,"comment_status":"open","ping_status":"open","sticky":false,"template":"","format":"standard","meta":{"footnotes":""},"categories":[1],"tags":[69],"class_list":["post-5845","post","type-post","status-publish","format-standard","has-post-thumbnail","hentry","category-tutoriais","tag-tutorial"],"yoast_head":"<!-- This site is optimized with the Yoast SEO Premium plugin v21.1 (Yoast SEO v22.7) - https:\/\/yoast.com\/wordpress\/plugins\/seo\/ -->\n<title>Ato Declarat\u00f3rio Ambiental (ADA) \u2014 Ibama - GOV.BR - 4tuneagencia.digital<\/title>\n<meta name=\"robots\" content=\"index, follow, max-snippet:-1, max-image-preview:large, max-video-preview:-1\" \/>\n<link rel=\"canonical\" href=\"https:\/\/4tuneagencia.digital\/blog\/ato-declaratorio-ambiental-ada-ibama-gov-br\/\" \/>\n<meta property=\"og:locale\" content=\"pt_BR\" \/>\n<meta property=\"og:type\" content=\"article\" \/>\n<meta property=\"og:title\" content=\"Ato Declarat\u00f3rio Ambiental (ADA) \u2014 Ibama - GOV.BR\" \/>\n<meta property=\"og:description\" content=\"Acesse o ADAWEBAcesse a consulta de autenticidade dos recibos emitidos pelo\u00a0ADA\u00a0O Ato Declarat\u00f3rio Ambiental (ADA) institu\u00eddo pela Lei n\u00ba 6.938\/1981\u00a0\u00e9 um instrumento legal que possibilita ao propriet\u00e1rio rural uma redu\u00e7\u00e3o do Imposto Territorial Rural (ITR) em at\u00e9 100% quando declarar no Documento de Informa\u00e7\u00e3o e Apura\u00e7\u00e3o (DIAT\/ITR):O ADA \u00e9 documento de cadastro das \u00e1reas do...\" \/>\n<meta property=\"og:url\" content=\"https:\/\/4tuneagencia.digital\/blog\/ato-declaratorio-ambiental-ada-ibama-gov-br\/\" \/>\n<meta property=\"og:site_name\" content=\"4tuneagencia.digital\" \/>\n<meta property=\"article:published_time\" content=\"2023-10-05T10:40:14+00:00\" \/>\n<meta name=\"author\" content=\"4tune\" \/>\n<meta name=\"twitter:card\" content=\"summary_large_image\" \/>\n<meta name=\"twitter:label1\" content=\"Escrito por\" \/>\n\t<meta name=\"twitter:data1\" content=\"4tune\" \/>\n\t<meta name=\"twitter:label2\" content=\"Est. tempo de leitura\" \/>\n\t<meta name=\"twitter:data2\" content=\"3 minutos\" \/>\n<script type=\"application\/ld+json\" class=\"yoast-schema-graph\">{\"@context\":\"https:\/\/schema.org\",\"@graph\":[{\"@type\":\"Article\",\"@id\":\"https:\/\/4tuneagencia.digital\/blog\/ato-declaratorio-ambiental-ada-ibama-gov-br\/#article\",\"isPartOf\":{\"@id\":\"https:\/\/4tuneagencia.digital\/blog\/ato-declaratorio-ambiental-ada-ibama-gov-br\/\"},\"author\":{\"name\":\"4tune\",\"@id\":\"https:\/\/4tuneagencia.digital\/blog\/#\/schema\/person\/7c40d2e8b9964c2390122613459c2100\"},\"headline\":\"Ato Declarat\u00f3rio Ambiental (ADA) \u2014 Ibama &#8211; GOV.BR\",\"datePublished\":\"2023-10-05T10:40:14+00:00\",\"dateModified\":\"2023-10-05T10:40:14+00:00\",\"mainEntityOfPage\":{\"@id\":\"https:\/\/4tuneagencia.digital\/blog\/ato-declaratorio-ambiental-ada-ibama-gov-br\/\"},\"wordCount\":568,\"commentCount\":0,\"publisher\":{\"@id\":\"https:\/\/4tuneagencia.digital\/blog\/#organization\"},\"image\":{\"@id\":\"https:\/\/4tuneagencia.digital\/blog\/ato-declaratorio-ambiental-ada-ibama-gov-br\/#primaryimage\"},\"thumbnailUrl\":\"https:\/\/4tuneagencia.digital\/blog\/wp-content\/uploads\/2023\/10\/wp-header-logo-211.png\",\"keywords\":[\"Tutorial\"],\"articleSection\":[\"Tutoriais\"],\"inLanguage\":\"pt-BR\",\"potentialAction\":[{\"@type\":\"CommentAction\",\"name\":\"Comment\",\"target\":[\"https:\/\/4tuneagencia.digital\/blog\/ato-declaratorio-ambiental-ada-ibama-gov-br\/#respond\"]}]},{\"@type\":\"WebPage\",\"@id\":\"https:\/\/4tuneagencia.digital\/blog\/ato-declaratorio-ambiental-ada-ibama-gov-br\/\",\"url\":\"https:\/\/4tuneagencia.digital\/blog\/ato-declaratorio-ambiental-ada-ibama-gov-br\/\",\"name\":\"Ato Declarat\u00f3rio Ambiental (ADA) \u2014 Ibama - GOV.BR - 4tuneagencia.digital\",\"isPartOf\":{\"@id\":\"https:\/\/4tuneagencia.digital\/blog\/#website\"},\"primaryImageOfPage\":{\"@id\":\"https:\/\/4tuneagencia.digital\/blog\/ato-declaratorio-ambiental-ada-ibama-gov-br\/#primaryimage\"},\"image\":{\"@id\":\"https:\/\/4tuneagencia.digital\/blog\/ato-declaratorio-ambiental-ada-ibama-gov-br\/#primaryimage\"},\"thumbnailUrl\":\"https:\/\/4tuneagencia.digital\/blog\/wp-content\/uploads\/2023\/10\/wp-header-logo-211.png\",\"datePublished\":\"2023-10-05T10:40:14+00:00\",\"dateModified\":\"2023-10-05T10:40:14+00:00\",\"breadcrumb\":{\"@id\":\"https:\/\/4tuneagencia.digital\/blog\/ato-declaratorio-ambiental-ada-ibama-gov-br\/#breadcrumb\"},\"inLanguage\":\"pt-BR\",\"potentialAction\":[{\"@type\":\"ReadAction\",\"target\":[\"https:\/\/4tuneagencia.digital\/blog\/ato-declaratorio-ambiental-ada-ibama-gov-br\/\"]}]},{\"@type\":\"ImageObject\",\"inLanguage\":\"pt-BR\",\"@id\":\"https:\/\/4tuneagencia.digital\/blog\/ato-declaratorio-ambiental-ada-ibama-gov-br\/#primaryimage\",\"url\":\"https:\/\/4tuneagencia.digital\/blog\/wp-content\/uploads\/2023\/10\/wp-header-logo-211.png\",\"contentUrl\":\"https:\/\/4tuneagencia.digital\/blog\/wp-content\/uploads\/2023\/10\/wp-header-logo-211.png\",\"width\":600,\"height\":600},{\"@type\":\"BreadcrumbList\",\"@id\":\"https:\/\/4tuneagencia.digital\/blog\/ato-declaratorio-ambiental-ada-ibama-gov-br\/#breadcrumb\",\"itemListElement\":[{\"@type\":\"ListItem\",\"position\":1,\"name\":\"In\u00edcio\",\"item\":\"https:\/\/4tuneagencia.digital\/blog\/\"},{\"@type\":\"ListItem\",\"position\":2,\"name\":\"Ato Declarat\u00f3rio Ambiental (ADA) \u2014 Ibama &#8211; GOV.BR\"}]},{\"@type\":\"WebSite\",\"@id\":\"https:\/\/4tuneagencia.digital\/blog\/#website\",\"url\":\"https:\/\/4tuneagencia.digital\/blog\/\",\"name\":\"4tuneagencia.digital\",\"description\":\"Marketing e Web Designer \",\"publisher\":{\"@id\":\"https:\/\/4tuneagencia.digital\/blog\/#organization\"},\"potentialAction\":[{\"@type\":\"SearchAction\",\"target\":{\"@type\":\"EntryPoint\",\"urlTemplate\":\"https:\/\/4tuneagencia.digital\/blog\/?s={search_term_string}\"},\"query-input\":\"required name=search_term_string\"}],\"inLanguage\":\"pt-BR\"},{\"@type\":\"Organization\",\"@id\":\"https:\/\/4tuneagencia.digital\/blog\/#organization\",\"name\":\"4tuneagencia.digital\",\"url\":\"https:\/\/4tuneagencia.digital\/blog\/\",\"logo\":{\"@type\":\"ImageObject\",\"inLanguage\":\"pt-BR\",\"@id\":\"https:\/\/4tuneagencia.digital\/blog\/#\/schema\/logo\/image\/\",\"url\":\"https:\/\/4tuneagencia.digital\/blog\/wp-content\/uploads\/2023\/09\/novo-logo-e1694954525541.png\",\"contentUrl\":\"https:\/\/4tuneagencia.digital\/blog\/wp-content\/uploads\/2023\/09\/novo-logo-e1694954525541.png\",\"width\":250,\"height\":250,\"caption\":\"4tuneagencia.digital\"},\"image\":{\"@id\":\"https:\/\/4tuneagencia.digital\/blog\/#\/schema\/logo\/image\/\"}},{\"@type\":\"Person\",\"@id\":\"https:\/\/4tuneagencia.digital\/blog\/#\/schema\/person\/7c40d2e8b9964c2390122613459c2100\",\"name\":\"4tune\",\"image\":{\"@type\":\"ImageObject\",\"inLanguage\":\"pt-BR\",\"@id\":\"https:\/\/4tuneagencia.digital\/blog\/#\/schema\/person\/image\/\",\"url\":\"https:\/\/secure.gravatar.com\/avatar\/e81e8ea0176022ee4555117aee5e3092bff2a7aaa930134f8023c7d4bc2f1495?s=96&d=mm&r=g\",\"contentUrl\":\"https:\/\/secure.gravatar.com\/avatar\/e81e8ea0176022ee4555117aee5e3092bff2a7aaa930134f8023c7d4bc2f1495?s=96&d=mm&r=g\",\"caption\":\"4tune\"},\"sameAs\":[\"http:\/\/4tuneagencia.digital\"],\"url\":\"https:\/\/4tuneagencia.digital\/blog\/author\/admin\/\"}]}<\/script>\n<!-- \/ Yoast SEO Premium plugin. -->","yoast_head_json":{"title":"Ato Declarat\u00f3rio Ambiental (ADA) \u2014 Ibama - GOV.BR - 4tuneagencia.digital","robots":{"index":"index","follow":"follow","max-snippet":"max-snippet:-1","max-image-preview":"max-image-preview:large","max-video-preview":"max-video-preview:-1"},"canonical":"https:\/\/4tuneagencia.digital\/blog\/ato-declaratorio-ambiental-ada-ibama-gov-br\/","og_locale":"pt_BR","og_type":"article","og_title":"Ato Declarat\u00f3rio Ambiental (ADA) \u2014 Ibama - GOV.BR","og_description":"Acesse o ADAWEBAcesse a consulta de autenticidade dos recibos emitidos pelo\u00a0ADA\u00a0O Ato Declarat\u00f3rio Ambiental (ADA) institu\u00eddo pela Lei n\u00ba 6.938\/1981\u00a0\u00e9 um instrumento legal que possibilita ao propriet\u00e1rio rural uma redu\u00e7\u00e3o do Imposto Territorial Rural (ITR) em at\u00e9 100% quando declarar no Documento de Informa\u00e7\u00e3o e Apura\u00e7\u00e3o (DIAT\/ITR):O ADA \u00e9 documento de cadastro das \u00e1reas do...","og_url":"https:\/\/4tuneagencia.digital\/blog\/ato-declaratorio-ambiental-ada-ibama-gov-br\/","og_site_name":"4tuneagencia.digital","article_published_time":"2023-10-05T10:40:14+00:00","author":"4tune","twitter_card":"summary_large_image","twitter_misc":{"Escrito por":"4tune","Est. tempo de leitura":"3 minutos"},"schema":{"@context":"https:\/\/schema.org","@graph":[{"@type":"Article","@id":"https:\/\/4tuneagencia.digital\/blog\/ato-declaratorio-ambiental-ada-ibama-gov-br\/#article","isPartOf":{"@id":"https:\/\/4tuneagencia.digital\/blog\/ato-declaratorio-ambiental-ada-ibama-gov-br\/"},"author":{"name":"4tune","@id":"https:\/\/4tuneagencia.digital\/blog\/#\/schema\/person\/7c40d2e8b9964c2390122613459c2100"},"headline":"Ato Declarat\u00f3rio Ambiental (ADA) \u2014 Ibama &#8211; GOV.BR","datePublished":"2023-10-05T10:40:14+00:00","dateModified":"2023-10-05T10:40:14+00:00","mainEntityOfPage":{"@id":"https:\/\/4tuneagencia.digital\/blog\/ato-declaratorio-ambiental-ada-ibama-gov-br\/"},"wordCount":568,"commentCount":0,"publisher":{"@id":"https:\/\/4tuneagencia.digital\/blog\/#organization"},"image":{"@id":"https:\/\/4tuneagencia.digital\/blog\/ato-declaratorio-ambiental-ada-ibama-gov-br\/#primaryimage"},"thumbnailUrl":"https:\/\/4tuneagencia.digital\/blog\/wp-content\/uploads\/2023\/10\/wp-header-logo-211.png","keywords":["Tutorial"],"articleSection":["Tutoriais"],"inLanguage":"pt-BR","potentialAction":[{"@type":"CommentAction","name":"Comment","target":["https:\/\/4tuneagencia.digital\/blog\/ato-declaratorio-ambiental-ada-ibama-gov-br\/#respond"]}]},{"@type":"WebPage","@id":"https:\/\/4tuneagencia.digital\/blog\/ato-declaratorio-ambiental-ada-ibama-gov-br\/","url":"https:\/\/4tuneagencia.digital\/blog\/ato-declaratorio-ambiental-ada-ibama-gov-br\/","name":"Ato Declarat\u00f3rio Ambiental (ADA) \u2014 Ibama - GOV.BR - 4tuneagencia.digital","isPartOf":{"@id":"https:\/\/4tuneagencia.digital\/blog\/#website"},"primaryImageOfPage":{"@id":"https:\/\/4tuneagencia.digital\/blog\/ato-declaratorio-ambiental-ada-ibama-gov-br\/#primaryimage"},"image":{"@id":"https:\/\/4tuneagencia.digital\/blog\/ato-declaratorio-ambiental-ada-ibama-gov-br\/#primaryimage"},"thumbnailUrl":"https:\/\/4tuneagencia.digital\/blog\/wp-content\/uploads\/2023\/10\/wp-header-logo-211.png","datePublished":"2023-10-05T10:40:14+00:00","dateModified":"2023-10-05T10:40:14+00:00","breadcrumb":{"@id":"https:\/\/4tuneagencia.digital\/blog\/ato-declaratorio-ambiental-ada-ibama-gov-br\/#breadcrumb"},"inLanguage":"pt-BR","potentialAction":[{"@type":"ReadAction","target":["https:\/\/4tuneagencia.digital\/blog\/ato-declaratorio-ambiental-ada-ibama-gov-br\/"]}]},{"@type":"ImageObject","inLanguage":"pt-BR","@id":"https:\/\/4tuneagencia.digital\/blog\/ato-declaratorio-ambiental-ada-ibama-gov-br\/#primaryimage","url":"https:\/\/4tuneagencia.digital\/blog\/wp-content\/uploads\/2023\/10\/wp-header-logo-211.png","contentUrl":"https:\/\/4tuneagencia.digital\/blog\/wp-content\/uploads\/2023\/10\/wp-header-logo-211.png","width":600,"height":600},{"@type":"BreadcrumbList","@id":"https:\/\/4tuneagencia.digital\/blog\/ato-declaratorio-ambiental-ada-ibama-gov-br\/#breadcrumb","itemListElement":[{"@type":"ListItem","position":1,"name":"In\u00edcio","item":"https:\/\/4tuneagencia.digital\/blog\/"},{"@type":"ListItem","position":2,"name":"Ato Declarat\u00f3rio Ambiental (ADA) \u2014 Ibama &#8211; GOV.BR"}]},{"@type":"WebSite","@id":"https:\/\/4tuneagencia.digital\/blog\/#website","url":"https:\/\/4tuneagencia.digital\/blog\/","name":"4tuneagencia.digital","description":"Marketing e Web Designer ","publisher":{"@id":"https:\/\/4tuneagencia.digital\/blog\/#organization"},"potentialAction":[{"@type":"SearchAction","target":{"@type":"EntryPoint","urlTemplate":"https:\/\/4tuneagencia.digital\/blog\/?s={search_term_string}"},"query-input":"required name=search_term_string"}],"inLanguage":"pt-BR"},{"@type":"Organization","@id":"https:\/\/4tuneagencia.digital\/blog\/#organization","name":"4tuneagencia.digital","url":"https:\/\/4tuneagencia.digital\/blog\/","logo":{"@type":"ImageObject","inLanguage":"pt-BR","@id":"https:\/\/4tuneagencia.digital\/blog\/#\/schema\/logo\/image\/","url":"https:\/\/4tuneagencia.digital\/blog\/wp-content\/uploads\/2023\/09\/novo-logo-e1694954525541.png","contentUrl":"https:\/\/4tuneagencia.digital\/blog\/wp-content\/uploads\/2023\/09\/novo-logo-e1694954525541.png","width":250,"height":250,"caption":"4tuneagencia.digital"},"image":{"@id":"https:\/\/4tuneagencia.digital\/blog\/#\/schema\/logo\/image\/"}},{"@type":"Person","@id":"https:\/\/4tuneagencia.digital\/blog\/#\/schema\/person\/7c40d2e8b9964c2390122613459c2100","name":"4tune","image":{"@type":"ImageObject","inLanguage":"pt-BR","@id":"https:\/\/4tuneagencia.digital\/blog\/#\/schema\/person\/image\/","url":"https:\/\/secure.gravatar.com\/avatar\/e81e8ea0176022ee4555117aee5e3092bff2a7aaa930134f8023c7d4bc2f1495?s=96&d=mm&r=g","contentUrl":"https:\/\/secure.gravatar.com\/avatar\/e81e8ea0176022ee4555117aee5e3092bff2a7aaa930134f8023c7d4bc2f1495?s=96&d=mm&r=g","caption":"4tune"},"sameAs":["http:\/\/4tuneagencia.digital"],"url":"https:\/\/4tuneagencia.digital\/blog\/author\/admin\/"}]}},"jetpack_featured_media_url":"https:\/\/4tuneagencia.digital\/blog\/wp-content\/uploads\/2023\/10\/wp-header-logo-211.png","_links":{"self":[{"href":"https:\/\/4tuneagencia.digital\/blog\/wp-json\/wp\/v2\/posts\/5845","targetHints":{"allow":["GET"]}}],"collection":[{"href":"https:\/\/4tuneagencia.digital\/blog\/wp-json\/wp\/v2\/posts"}],"about":[{"href":"https:\/\/4tuneagencia.digital\/blog\/wp-json\/wp\/v2\/types\/post"}],"author":[{"embeddable":true,"href":"https:\/\/4tuneagencia.digital\/blog\/wp-json\/wp\/v2\/users\/1"}],"replies":[{"embeddable":true,"href":"https:\/\/4tuneagencia.digital\/blog\/wp-json\/wp\/v2\/comments?post=5845"}],"version-history":[{"count":0,"href":"https:\/\/4tuneagencia.digital\/blog\/wp-json\/wp\/v2\/posts\/5845\/revisions"}],"wp:featuredmedia":[{"embeddable":true,"href":"https:\/\/4tuneagencia.digital\/blog\/wp-json\/wp\/v2\/media\/5846"}],"wp:attachment":[{"href":"https:\/\/4tuneagencia.digital\/blog\/wp-json\/wp\/v2\/media?parent=5845"}],"wp:term":[{"taxonomy":"category","embeddable":true,"href":"https:\/\/4tuneagencia.digital\/blog\/wp-json\/wp\/v2\/categories?post=5845"},{"taxonomy":"post_tag","embeddable":true,"href":"https:\/\/4tuneagencia.digital\/blog\/wp-json\/wp\/v2\/tags?post=5845"}],"curies":[{"name":"wp","href":"https:\/\/api.w.org\/{rel}","templated":true}]}}