{"id":5977,"date":"2023-10-07T08:30:40","date_gmt":"2023-10-07T11:30:40","guid":{"rendered":"https:\/\/4tuneagencia.digital\/blog\/f4-italiana-2019-mas-pode-chamar-de-f4-sul-americana-world-of-motorsport\/"},"modified":"2023-10-07T08:30:40","modified_gmt":"2023-10-07T11:30:40","slug":"f4-italiana-2019-mas-pode-chamar-de-f4-sul-americana-world-of-motorsport","status":"publish","type":"post","link":"https:\/\/4tuneagencia.digital\/blog\/f4-italiana-2019-mas-pode-chamar-de-f4-sul-americana-world-of-motorsport\/","title":{"rendered":"F4 Italiana 2019, mas pode chamar de F4 Sul-americana &#8211; World of Motorsport"},"content":{"rendered":"<p><a href=\"https:\/\/womotor.wordpress.com\/category\/formula-4\/\" rel=\"category tag\">F\u00f3rmula 4<\/a><br \/><span class=\"fa fw fa-camera\"><\/span>Gianluca Petecof vem dando sustos, mas lidera a F4 Italiana 2019 &#8211; foto: aci sport\/divulga\u00e7\u00e3o<br \/>O brasileiro Gianluca Petecof e o paraguaio Joshua D\u00fcrksen s\u00e3o os dois primeiros colocados da temporada 2019 da F4 Italiana, ap\u00f3s a etapa de abertura, em Vallelunga.<br \/>Com o dom\u00ednio deles, at\u00e9 d\u00e1 para dizer que algu\u00e9m mais desatento, ao ver a tabela de pontos, pode pensar que se trata da F4 Sul-americana, n\u00e3o da Italiana.<br \/>Enquanto Petecof integra a Academia da Ferrari e \u00e9 bem mais conhecido no automobilismo internacional, o paraguaio \u00e9 a revela\u00e7\u00e3o, fazendo seu primeiro ano fora da Am\u00e9rica do Sul. Ao mesmo tempo, \u00e9 tratado como algu\u00e9m com potencial de se tornar o maior piloto da hist\u00f3ria do seu pa\u00eds. E os brasileiros j\u00e1 puderam conferir de perto o potencial dele.<br \/>Antes de fazer carreira pelo mundo, D\u00fcrksen passou as duas \u00faltimas temporadas testando em pistas do pa\u00eds.<br \/>Come\u00e7ou quando a F4 Sudamericana fechou as portas. Como a categoria n\u00e3o tinha confirmado oficialmente o encerramento das atividades, no in\u00edcio de 2017, ela costumava oferecer seus carros para pilotos interessados testarem. J\u00e1 que n\u00e3o havia corridas, vez ou outra surgia alguma reportagem sobre esses treinos. E adivinha quem estava na maior parte deles? D\u00fcrksen.<br \/>O paraguaio voltou a dar as caras em um campeonato por aqui, no fim do ano passado, quando a organiza\u00e7\u00e3o da F3 Brasil publicou uma lista de pilotos que participaram de uma seletiva antes de a temporada come\u00e7ar. A meta era a primeira rodada do certame acontecer como preliminar da F1 no GP do Brasil, em novembro, mas, devido ao baixo n\u00famero de interessados, o torneio foi cancelado.<br \/>Assim, sem jamais ter disputado uma \u00fanica corrida, D\u00fcrksen fez carreira em dois dos campeonatos de monopostos mais importantes da Am\u00e9rica do Sul antes de se mudar para a Europa.<br \/>J\u00e1 Petecof, desde o kartismo, n\u00e3o compete em uma corrida no Brasil. Com o patroc\u00ednio da Shell, ele correu na Europa em seus \u00faltimos anos de kart e, assim que <a href=\"https:\/\/womotor.wordpress.com\/2017\/12\/24\/o-que-esperar-de-gianluca-petecof-na-academia-da-ferrari\/\" target=\"_blank\" rel=\"noopener\">ingressou na Academia da Ferrari<\/a>, fez a transi\u00e7\u00e3o para os monopostos.<br \/>O ano de 2019 est\u00e1 sendo o seu segundo na F4, e ele \u00e9 considerado o favorito para ficar com o t\u00edtulo tanto da vers\u00e3o alem\u00e3 quanto da italiana do certame.<br \/>Ali\u00e1s, as duas vit\u00f3rias obtidas em Vallelunga serviram para o brasileiro dar a volta por cima do que aconteceu em Oschersleben, na Alemanha, h\u00e1 sete dias.<br \/>L\u00e1, <a href=\"https:\/\/womotor.wordpress.com\/2019\/04\/27\/gianluca-petecof-2019-f4-formula-4-alema-vitoria\/\" target=\"_blank\" rel=\"noopener\">apesar de ter chegado na primeira coloca\u00e7\u00e3o na corrida que abriu a temporada, Petecof<\/a> causou acidentes nas outras duas baterias. Ap\u00f3s um deles, ao parar seu carro danificado nos boxes, recebeu uma bronca de um dos chefes da equipe Prema bem em frente \u00e0s c\u00e2meras.<br \/>N\u00e3o foi exagero. O brasileiro tinha batido em um companheiro de escuderia e jogado fora um p\u00f3dio certo. \u00c9 que ele era praticamente o \u00fanico com pneus para pista seca em um asfalto que j\u00e1 n\u00e3o estava mais t\u00e3o molhado. Era cerca de 5s mais r\u00e1pido por volta que os demais competidores.<br \/>No outro, for\u00e7ou a ultrapassagem em cima de <a href=\"https:\/\/womotor.wordpress.com\/2019\/02\/21\/red-bull-junior-team-2019-f1-formula-1-dan-ticktum-liam-lawson-juri-vips-jack-doohan-lucas-auer\/\" target=\"_blank\" rel=\"noopener\">Dennis Hauger<\/a>, causando o abandono do rival noruegu\u00eas.<br \/>Voltando, a Vallelunga o brasileiro tamb\u00e9m teve um susto. Na \u00faltima bateria da etapa, ele tomou a lideran\u00e7a ao ultrapassar Lucas Alecco Roy nas curvas finais. Mas, alguns instantes antes, tinha sido tocado por Mikhael Belov quando disputavam a segunda coloca\u00e7\u00e3o. Dessa vez, no entanto, a culpa foi do russo, que abandonou no local. J\u00e1 Petecof seguiu rumo ao seu segundo triunfo na rodada e em busca de deixar para tr\u00e1s as provas tumultuadas de seu come\u00e7o de ano.<br \/>Voc\u00ea pode <a href=\"https:\/\/womotor.wordpress.com\/2019\/05\/03\/horarios-resultados-programacao-w-series-imsa-dtm-hockenheim-wec-motogp-jerez\/\" target=\"_blank\" rel=\"noopener\">clicar aqui para ver os resultados completos da rodada de abertura da temporada 2019 da F4 Italiana<\/a>, assim como os das principais categorias do automobilismo mundial no fim de semana.<br \/> \t\t\tJornalista de automobilismo. Especialista em F3, F4, F-Renault, Adac e nesses campeonatos que mais ningu\u00e9m v\u00ea.\t\t\t<a class=\"author-link\" href=\"https:\/\/womotor.wordpress.com\/author\/daewlz\/\" rel=\"author\"> \t\t\t\tVer todos os posts por Felipe Giacomelli\t\t\t<\/a> \t\t<br \/>  \t\t\t\t\t<a href=\"#respond\">Adicionar coment\u00e1rio<\/a>  \t\t\t\t<br \/>Oschersleben&#8230;<br \/><a href=\"https:\/\/womotor.wordpress.com\/2019\/05\/05\/formula-4-f4-italiana-2019-gianluca-petecof-joshua-durksen\/?like_comment=11483&#038;_wpnonce=929511b74a\" class=\"comment-like-link needs-login\" rel=\"nofollow\" data-blog=\"11114497\"><span>Curtir<\/span><\/a><span id=\"comment-like-count-11483\" class=\"comment-like-feedback\">Curtir<\/span><br \/>corrigido, obrigado!<br \/><a href=\"https:\/\/womotor.wordpress.com\/2019\/05\/05\/formula-4-f4-italiana-2019-gianluca-petecof-joshua-durksen\/?like_comment=11484&#038;_wpnonce=cbc8736edc\" class=\"comment-like-link needs-login\" rel=\"nofollow\" data-blog=\"11114497\"><span>Curtir<\/span><\/a><span id=\"comment-like-count-11484\" class=\"comment-like-feedback\">Curtir<\/span><br \/><input type=\"hidden\" id=\"akismet_comment_nonce\" name=\"akismet_comment_nonce\" value=\"9c45e547f4\" \/><br \/><label>&#916;<textarea name=\"ak_hp_textarea\" cols=\"45\" rows=\"8\" maxlength=\"100\"><\/textarea><\/label><input type=\"hidden\" id=\"ak_js_1\" name=\"ak_js\" value=\"214\"\/><script>document.getElementById( \"ak_js_1\" ).setAttribute( \"value\", ( new Date() ).getTime() );<\/script><br \/>&copy; 2023 <a href=\"https:\/\/womotor.wordpress.com\/\" title=\"World of Motorsport &mdash; F\u00f3rmula 1 e muito mais automobilismo\" rel=\"home\">World of Motorsport<\/a><br \/><a href=\"https:\/\/wordpress.com\/?ref=footer_custom_acom\" rel=\"nofollow\">Um site WordPress.com<\/a>. <\/p>\n<p><a href=\"https:\/\/news.google.com\/rss\/articles\/CBMiZGh0dHBzOi8vd29tb3Rvci53b3JkcHJlc3MuY29tLzIwMTkvMDUvMDUvZm9ybXVsYS00LWY0LWl0YWxpYW5hLTIwMTktZ2lhbmx1Y2EtcGV0ZWNvZi1qb3NodWEtZHVya3Nlbi_SAQA?oc=5\">source<\/a><\/p>\n","protected":false},"excerpt":{"rendered":"<p>F\u00f3rmula 4Gianluca Petecof vem dando sustos, mas lidera a F4 Italiana 2019 &#8211; foto: aci sport\/divulga\u00e7\u00e3oO brasileiro Gianluca Petecof e o paraguaio Joshua D\u00fcrksen s\u00e3o os dois primeiros colocados da temporada 2019 da F4 Italiana, ap\u00f3s a etapa de abertura, em Vallelunga.Com o dom\u00ednio deles, at\u00e9 d\u00e1 para dizer que algu\u00e9m mais desatento, ao ver&#8230;<\/p>\n","protected":false},"author":1,"featured_media":5978,"comment_status":"open","ping_status":"open","sticky":false,"template":"","format":"standard","meta":{"footnotes":""},"categories":[1],"tags":[69],"class_list":["post-5977","post","type-post","status-publish","format-standard","has-post-thumbnail","hentry","category-tutoriais","tag-tutorial"],"yoast_head":"<!-- This site is optimized with the Yoast SEO Premium plugin v21.1 (Yoast SEO v22.7) - https:\/\/yoast.com\/wordpress\/plugins\/seo\/ -->\n<title>F4 Italiana 2019, mas pode chamar de F4 Sul-americana - World of Motorsport - 4tuneagencia.digital<\/title>\n<meta name=\"robots\" content=\"index, follow, max-snippet:-1, max-image-preview:large, max-video-preview:-1\" \/>\n<link rel=\"canonical\" href=\"https:\/\/4tuneagencia.digital\/blog\/f4-italiana-2019-mas-pode-chamar-de-f4-sul-americana-world-of-motorsport\/\" \/>\n<meta property=\"og:locale\" content=\"pt_BR\" \/>\n<meta property=\"og:type\" content=\"article\" \/>\n<meta property=\"og:title\" content=\"F4 Italiana 2019, mas pode chamar de F4 Sul-americana - World of Motorsport\" \/>\n<meta property=\"og:description\" content=\"F\u00f3rmula 4Gianluca Petecof vem dando sustos, mas lidera a F4 Italiana 2019 &#8211; foto: aci sport\/divulga\u00e7\u00e3oO brasileiro Gianluca Petecof e o paraguaio Joshua D\u00fcrksen s\u00e3o os dois primeiros colocados da temporada 2019 da F4 Italiana, ap\u00f3s a etapa de abertura, em Vallelunga.Com o dom\u00ednio deles, at\u00e9 d\u00e1 para dizer que algu\u00e9m mais desatento, ao ver...\" \/>\n<meta property=\"og:url\" content=\"https:\/\/4tuneagencia.digital\/blog\/f4-italiana-2019-mas-pode-chamar-de-f4-sul-americana-world-of-motorsport\/\" \/>\n<meta property=\"og:site_name\" content=\"4tuneagencia.digital\" \/>\n<meta property=\"article:published_time\" content=\"2023-10-07T11:30:40+00:00\" \/>\n<meta name=\"author\" content=\"4tune\" \/>\n<meta name=\"twitter:card\" content=\"summary_large_image\" \/>\n<meta name=\"twitter:label1\" content=\"Escrito por\" \/>\n\t<meta name=\"twitter:data1\" content=\"4tune\" \/>\n\t<meta name=\"twitter:label2\" content=\"Est. tempo de leitura\" \/>\n\t<meta name=\"twitter:data2\" content=\"4 minutos\" \/>\n<script type=\"application\/ld+json\" class=\"yoast-schema-graph\">{\"@context\":\"https:\/\/schema.org\",\"@graph\":[{\"@type\":\"Article\",\"@id\":\"https:\/\/4tuneagencia.digital\/blog\/f4-italiana-2019-mas-pode-chamar-de-f4-sul-americana-world-of-motorsport\/#article\",\"isPartOf\":{\"@id\":\"https:\/\/4tuneagencia.digital\/blog\/f4-italiana-2019-mas-pode-chamar-de-f4-sul-americana-world-of-motorsport\/\"},\"author\":{\"name\":\"4tune\",\"@id\":\"https:\/\/4tuneagencia.digital\/blog\/#\/schema\/person\/7c40d2e8b9964c2390122613459c2100\"},\"headline\":\"F4 Italiana 2019, mas pode chamar de F4 Sul-americana &#8211; World of Motorsport\",\"datePublished\":\"2023-10-07T11:30:40+00:00\",\"dateModified\":\"2023-10-07T11:30:40+00:00\",\"mainEntityOfPage\":{\"@id\":\"https:\/\/4tuneagencia.digital\/blog\/f4-italiana-2019-mas-pode-chamar-de-f4-sul-americana-world-of-motorsport\/\"},\"wordCount\":717,\"commentCount\":0,\"publisher\":{\"@id\":\"https:\/\/4tuneagencia.digital\/blog\/#organization\"},\"image\":{\"@id\":\"https:\/\/4tuneagencia.digital\/blog\/f4-italiana-2019-mas-pode-chamar-de-f4-sul-americana-world-of-motorsport\/#primaryimage\"},\"thumbnailUrl\":\"https:\/\/4tuneagencia.digital\/blog\/wp-content\/uploads\/2023\/10\/wp-header-logo-275.png\",\"keywords\":[\"Tutorial\"],\"articleSection\":[\"Tutoriais\"],\"inLanguage\":\"pt-BR\",\"potentialAction\":[{\"@type\":\"CommentAction\",\"name\":\"Comment\",\"target\":[\"https:\/\/4tuneagencia.digital\/blog\/f4-italiana-2019-mas-pode-chamar-de-f4-sul-americana-world-of-motorsport\/#respond\"]}]},{\"@type\":\"WebPage\",\"@id\":\"https:\/\/4tuneagencia.digital\/blog\/f4-italiana-2019-mas-pode-chamar-de-f4-sul-americana-world-of-motorsport\/\",\"url\":\"https:\/\/4tuneagencia.digital\/blog\/f4-italiana-2019-mas-pode-chamar-de-f4-sul-americana-world-of-motorsport\/\",\"name\":\"F4 Italiana 2019, mas pode chamar de F4 Sul-americana - World of Motorsport - 4tuneagencia.digital\",\"isPartOf\":{\"@id\":\"https:\/\/4tuneagencia.digital\/blog\/#website\"},\"primaryImageOfPage\":{\"@id\":\"https:\/\/4tuneagencia.digital\/blog\/f4-italiana-2019-mas-pode-chamar-de-f4-sul-americana-world-of-motorsport\/#primaryimage\"},\"image\":{\"@id\":\"https:\/\/4tuneagencia.digital\/blog\/f4-italiana-2019-mas-pode-chamar-de-f4-sul-americana-world-of-motorsport\/#primaryimage\"},\"thumbnailUrl\":\"https:\/\/4tuneagencia.digital\/blog\/wp-content\/uploads\/2023\/10\/wp-header-logo-275.png\",\"datePublished\":\"2023-10-07T11:30:40+00:00\",\"dateModified\":\"2023-10-07T11:30:40+00:00\",\"breadcrumb\":{\"@id\":\"https:\/\/4tuneagencia.digital\/blog\/f4-italiana-2019-mas-pode-chamar-de-f4-sul-americana-world-of-motorsport\/#breadcrumb\"},\"inLanguage\":\"pt-BR\",\"potentialAction\":[{\"@type\":\"ReadAction\",\"target\":[\"https:\/\/4tuneagencia.digital\/blog\/f4-italiana-2019-mas-pode-chamar-de-f4-sul-americana-world-of-motorsport\/\"]}]},{\"@type\":\"ImageObject\",\"inLanguage\":\"pt-BR\",\"@id\":\"https:\/\/4tuneagencia.digital\/blog\/f4-italiana-2019-mas-pode-chamar-de-f4-sul-americana-world-of-motorsport\/#primaryimage\",\"url\":\"https:\/\/4tuneagencia.digital\/blog\/wp-content\/uploads\/2023\/10\/wp-header-logo-275.png\",\"contentUrl\":\"https:\/\/4tuneagencia.digital\/blog\/wp-content\/uploads\/2023\/10\/wp-header-logo-275.png\",\"width\":1200,\"height\":800},{\"@type\":\"BreadcrumbList\",\"@id\":\"https:\/\/4tuneagencia.digital\/blog\/f4-italiana-2019-mas-pode-chamar-de-f4-sul-americana-world-of-motorsport\/#breadcrumb\",\"itemListElement\":[{\"@type\":\"ListItem\",\"position\":1,\"name\":\"In\u00edcio\",\"item\":\"https:\/\/4tuneagencia.digital\/blog\/\"},{\"@type\":\"ListItem\",\"position\":2,\"name\":\"F4 Italiana 2019, mas pode chamar de F4 Sul-americana &#8211; World of Motorsport\"}]},{\"@type\":\"WebSite\",\"@id\":\"https:\/\/4tuneagencia.digital\/blog\/#website\",\"url\":\"https:\/\/4tuneagencia.digital\/blog\/\",\"name\":\"4tuneagencia.digital\",\"description\":\"Marketing e Web Designer \",\"publisher\":{\"@id\":\"https:\/\/4tuneagencia.digital\/blog\/#organization\"},\"potentialAction\":[{\"@type\":\"SearchAction\",\"target\":{\"@type\":\"EntryPoint\",\"urlTemplate\":\"https:\/\/4tuneagencia.digital\/blog\/?s={search_term_string}\"},\"query-input\":\"required name=search_term_string\"}],\"inLanguage\":\"pt-BR\"},{\"@type\":\"Organization\",\"@id\":\"https:\/\/4tuneagencia.digital\/blog\/#organization\",\"name\":\"4tuneagencia.digital\",\"url\":\"https:\/\/4tuneagencia.digital\/blog\/\",\"logo\":{\"@type\":\"ImageObject\",\"inLanguage\":\"pt-BR\",\"@id\":\"https:\/\/4tuneagencia.digital\/blog\/#\/schema\/logo\/image\/\",\"url\":\"https:\/\/4tuneagencia.digital\/blog\/wp-content\/uploads\/2023\/09\/novo-logo-e1694954525541.png\",\"contentUrl\":\"https:\/\/4tuneagencia.digital\/blog\/wp-content\/uploads\/2023\/09\/novo-logo-e1694954525541.png\",\"width\":250,\"height\":250,\"caption\":\"4tuneagencia.digital\"},\"image\":{\"@id\":\"https:\/\/4tuneagencia.digital\/blog\/#\/schema\/logo\/image\/\"}},{\"@type\":\"Person\",\"@id\":\"https:\/\/4tuneagencia.digital\/blog\/#\/schema\/person\/7c40d2e8b9964c2390122613459c2100\",\"name\":\"4tune\",\"image\":{\"@type\":\"ImageObject\",\"inLanguage\":\"pt-BR\",\"@id\":\"https:\/\/4tuneagencia.digital\/blog\/#\/schema\/person\/image\/\",\"url\":\"https:\/\/secure.gravatar.com\/avatar\/e81e8ea0176022ee4555117aee5e3092bff2a7aaa930134f8023c7d4bc2f1495?s=96&d=mm&r=g\",\"contentUrl\":\"https:\/\/secure.gravatar.com\/avatar\/e81e8ea0176022ee4555117aee5e3092bff2a7aaa930134f8023c7d4bc2f1495?s=96&d=mm&r=g\",\"caption\":\"4tune\"},\"sameAs\":[\"http:\/\/4tuneagencia.digital\"],\"url\":\"https:\/\/4tuneagencia.digital\/blog\/author\/admin\/\"}]}<\/script>\n<!-- \/ Yoast SEO Premium plugin. -->","yoast_head_json":{"title":"F4 Italiana 2019, mas pode chamar de F4 Sul-americana - World of Motorsport - 4tuneagencia.digital","robots":{"index":"index","follow":"follow","max-snippet":"max-snippet:-1","max-image-preview":"max-image-preview:large","max-video-preview":"max-video-preview:-1"},"canonical":"https:\/\/4tuneagencia.digital\/blog\/f4-italiana-2019-mas-pode-chamar-de-f4-sul-americana-world-of-motorsport\/","og_locale":"pt_BR","og_type":"article","og_title":"F4 Italiana 2019, mas pode chamar de F4 Sul-americana - World of Motorsport","og_description":"F\u00f3rmula 4Gianluca Petecof vem dando sustos, mas lidera a F4 Italiana 2019 &#8211; foto: aci sport\/divulga\u00e7\u00e3oO brasileiro Gianluca Petecof e o paraguaio Joshua D\u00fcrksen s\u00e3o os dois primeiros colocados da temporada 2019 da F4 Italiana, ap\u00f3s a etapa de abertura, em Vallelunga.Com o dom\u00ednio deles, at\u00e9 d\u00e1 para dizer que algu\u00e9m mais desatento, ao ver...","og_url":"https:\/\/4tuneagencia.digital\/blog\/f4-italiana-2019-mas-pode-chamar-de-f4-sul-americana-world-of-motorsport\/","og_site_name":"4tuneagencia.digital","article_published_time":"2023-10-07T11:30:40+00:00","author":"4tune","twitter_card":"summary_large_image","twitter_misc":{"Escrito por":"4tune","Est. tempo de leitura":"4 minutos"},"schema":{"@context":"https:\/\/schema.org","@graph":[{"@type":"Article","@id":"https:\/\/4tuneagencia.digital\/blog\/f4-italiana-2019-mas-pode-chamar-de-f4-sul-americana-world-of-motorsport\/#article","isPartOf":{"@id":"https:\/\/4tuneagencia.digital\/blog\/f4-italiana-2019-mas-pode-chamar-de-f4-sul-americana-world-of-motorsport\/"},"author":{"name":"4tune","@id":"https:\/\/4tuneagencia.digital\/blog\/#\/schema\/person\/7c40d2e8b9964c2390122613459c2100"},"headline":"F4 Italiana 2019, mas pode chamar de F4 Sul-americana &#8211; World of Motorsport","datePublished":"2023-10-07T11:30:40+00:00","dateModified":"2023-10-07T11:30:40+00:00","mainEntityOfPage":{"@id":"https:\/\/4tuneagencia.digital\/blog\/f4-italiana-2019-mas-pode-chamar-de-f4-sul-americana-world-of-motorsport\/"},"wordCount":717,"commentCount":0,"publisher":{"@id":"https:\/\/4tuneagencia.digital\/blog\/#organization"},"image":{"@id":"https:\/\/4tuneagencia.digital\/blog\/f4-italiana-2019-mas-pode-chamar-de-f4-sul-americana-world-of-motorsport\/#primaryimage"},"thumbnailUrl":"https:\/\/4tuneagencia.digital\/blog\/wp-content\/uploads\/2023\/10\/wp-header-logo-275.png","keywords":["Tutorial"],"articleSection":["Tutoriais"],"inLanguage":"pt-BR","potentialAction":[{"@type":"CommentAction","name":"Comment","target":["https:\/\/4tuneagencia.digital\/blog\/f4-italiana-2019-mas-pode-chamar-de-f4-sul-americana-world-of-motorsport\/#respond"]}]},{"@type":"WebPage","@id":"https:\/\/4tuneagencia.digital\/blog\/f4-italiana-2019-mas-pode-chamar-de-f4-sul-americana-world-of-motorsport\/","url":"https:\/\/4tuneagencia.digital\/blog\/f4-italiana-2019-mas-pode-chamar-de-f4-sul-americana-world-of-motorsport\/","name":"F4 Italiana 2019, mas pode chamar de F4 Sul-americana - World of Motorsport - 4tuneagencia.digital","isPartOf":{"@id":"https:\/\/4tuneagencia.digital\/blog\/#website"},"primaryImageOfPage":{"@id":"https:\/\/4tuneagencia.digital\/blog\/f4-italiana-2019-mas-pode-chamar-de-f4-sul-americana-world-of-motorsport\/#primaryimage"},"image":{"@id":"https:\/\/4tuneagencia.digital\/blog\/f4-italiana-2019-mas-pode-chamar-de-f4-sul-americana-world-of-motorsport\/#primaryimage"},"thumbnailUrl":"https:\/\/4tuneagencia.digital\/blog\/wp-content\/uploads\/2023\/10\/wp-header-logo-275.png","datePublished":"2023-10-07T11:30:40+00:00","dateModified":"2023-10-07T11:30:40+00:00","breadcrumb":{"@id":"https:\/\/4tuneagencia.digital\/blog\/f4-italiana-2019-mas-pode-chamar-de-f4-sul-americana-world-of-motorsport\/#breadcrumb"},"inLanguage":"pt-BR","potentialAction":[{"@type":"ReadAction","target":["https:\/\/4tuneagencia.digital\/blog\/f4-italiana-2019-mas-pode-chamar-de-f4-sul-americana-world-of-motorsport\/"]}]},{"@type":"ImageObject","inLanguage":"pt-BR","@id":"https:\/\/4tuneagencia.digital\/blog\/f4-italiana-2019-mas-pode-chamar-de-f4-sul-americana-world-of-motorsport\/#primaryimage","url":"https:\/\/4tuneagencia.digital\/blog\/wp-content\/uploads\/2023\/10\/wp-header-logo-275.png","contentUrl":"https:\/\/4tuneagencia.digital\/blog\/wp-content\/uploads\/2023\/10\/wp-header-logo-275.png","width":1200,"height":800},{"@type":"BreadcrumbList","@id":"https:\/\/4tuneagencia.digital\/blog\/f4-italiana-2019-mas-pode-chamar-de-f4-sul-americana-world-of-motorsport\/#breadcrumb","itemListElement":[{"@type":"ListItem","position":1,"name":"In\u00edcio","item":"https:\/\/4tuneagencia.digital\/blog\/"},{"@type":"ListItem","position":2,"name":"F4 Italiana 2019, mas pode chamar de F4 Sul-americana &#8211; World of Motorsport"}]},{"@type":"WebSite","@id":"https:\/\/4tuneagencia.digital\/blog\/#website","url":"https:\/\/4tuneagencia.digital\/blog\/","name":"4tuneagencia.digital","description":"Marketing e Web Designer ","publisher":{"@id":"https:\/\/4tuneagencia.digital\/blog\/#organization"},"potentialAction":[{"@type":"SearchAction","target":{"@type":"EntryPoint","urlTemplate":"https:\/\/4tuneagencia.digital\/blog\/?s={search_term_string}"},"query-input":"required name=search_term_string"}],"inLanguage":"pt-BR"},{"@type":"Organization","@id":"https:\/\/4tuneagencia.digital\/blog\/#organization","name":"4tuneagencia.digital","url":"https:\/\/4tuneagencia.digital\/blog\/","logo":{"@type":"ImageObject","inLanguage":"pt-BR","@id":"https:\/\/4tuneagencia.digital\/blog\/#\/schema\/logo\/image\/","url":"https:\/\/4tuneagencia.digital\/blog\/wp-content\/uploads\/2023\/09\/novo-logo-e1694954525541.png","contentUrl":"https:\/\/4tuneagencia.digital\/blog\/wp-content\/uploads\/2023\/09\/novo-logo-e1694954525541.png","width":250,"height":250,"caption":"4tuneagencia.digital"},"image":{"@id":"https:\/\/4tuneagencia.digital\/blog\/#\/schema\/logo\/image\/"}},{"@type":"Person","@id":"https:\/\/4tuneagencia.digital\/blog\/#\/schema\/person\/7c40d2e8b9964c2390122613459c2100","name":"4tune","image":{"@type":"ImageObject","inLanguage":"pt-BR","@id":"https:\/\/4tuneagencia.digital\/blog\/#\/schema\/person\/image\/","url":"https:\/\/secure.gravatar.com\/avatar\/e81e8ea0176022ee4555117aee5e3092bff2a7aaa930134f8023c7d4bc2f1495?s=96&d=mm&r=g","contentUrl":"https:\/\/secure.gravatar.com\/avatar\/e81e8ea0176022ee4555117aee5e3092bff2a7aaa930134f8023c7d4bc2f1495?s=96&d=mm&r=g","caption":"4tune"},"sameAs":["http:\/\/4tuneagencia.digital"],"url":"https:\/\/4tuneagencia.digital\/blog\/author\/admin\/"}]}},"jetpack_featured_media_url":"https:\/\/4tuneagencia.digital\/blog\/wp-content\/uploads\/2023\/10\/wp-header-logo-275.png","_links":{"self":[{"href":"https:\/\/4tuneagencia.digital\/blog\/wp-json\/wp\/v2\/posts\/5977","targetHints":{"allow":["GET"]}}],"collection":[{"href":"https:\/\/4tuneagencia.digital\/blog\/wp-json\/wp\/v2\/posts"}],"about":[{"href":"https:\/\/4tuneagencia.digital\/blog\/wp-json\/wp\/v2\/types\/post"}],"author":[{"embeddable":true,"href":"https:\/\/4tuneagencia.digital\/blog\/wp-json\/wp\/v2\/users\/1"}],"replies":[{"embeddable":true,"href":"https:\/\/4tuneagencia.digital\/blog\/wp-json\/wp\/v2\/comments?post=5977"}],"version-history":[{"count":0,"href":"https:\/\/4tuneagencia.digital\/blog\/wp-json\/wp\/v2\/posts\/5977\/revisions"}],"wp:featuredmedia":[{"embeddable":true,"href":"https:\/\/4tuneagencia.digital\/blog\/wp-json\/wp\/v2\/media\/5978"}],"wp:attachment":[{"href":"https:\/\/4tuneagencia.digital\/blog\/wp-json\/wp\/v2\/media?parent=5977"}],"wp:term":[{"taxonomy":"category","embeddable":true,"href":"https:\/\/4tuneagencia.digital\/blog\/wp-json\/wp\/v2\/categories?post=5977"},{"taxonomy":"post_tag","embeddable":true,"href":"https:\/\/4tuneagencia.digital\/blog\/wp-json\/wp\/v2\/tags?post=5977"}],"curies":[{"name":"wp","href":"https:\/\/api.w.org\/{rel}","templated":true}]}}