{"id":6016,"date":"2023-10-08T00:19:06","date_gmt":"2023-10-08T03:19:06","guid":{"rendered":"https:\/\/4tuneagencia.digital\/blog\/facebook-permitia-anuncios-nos-grupos-supremacistas-brancos-olhar-digital\/"},"modified":"2023-10-08T00:19:06","modified_gmt":"2023-10-08T03:19:06","slug":"facebook-permitia-anuncios-nos-grupos-supremacistas-brancos-olhar-digital","status":"publish","type":"post","link":"https:\/\/4tuneagencia.digital\/blog\/facebook-permitia-anuncios-nos-grupos-supremacistas-brancos-olhar-digital\/","title":{"rendered":"Facebook permitia an\u00fancios nos grupos supremacistas brancos &#8211; Olhar Digital"},"content":{"rendered":"<p>O Facebook vinculou an\u00fancios nas barras de busca de alguns usu\u00e1rios que estavam relacionados com grupos <a href=\"https:\/\/olhardigital.com.br\/tag\/supremacia-branca\/\" target=\"_blank\" rel=\"noreferrer noopener\">supremacistas brancos<\/a>, por mais que esse tipo de conte\u00fado tenha sido proibido dentro da <a href=\"https:\/\/olhardigital.com.br\/tag\/plataforma\/\" target=\"_blank\" rel=\"noreferrer noopener\">plataforma<\/a>, de acordo com o relat\u00f3rio de Projeto de Transpar\u00eancia Tecnol\u00f3gica.<br \/>Esse relat\u00f3rio foi <a href=\"https:\/\/olhardigital.com.br\/tag\/divulgacao\/\" target=\"_blank\" rel=\"noreferrer noopener\">divulgado<\/a> primeiramente pelo <a href=\"https:\/\/www.washingtonpost.com\/technology\/2022\/08\/10\/facebook-white-supremacy-ads\/\" target=\"_blank\" rel=\"noreferrer noopener\">The Washington Post<\/a>. Foram identificados 119 p\u00e1ginas e 20 grupos do Facebook associados com as organiza\u00e7\u00f5es de supremacia branca dentro da plataforma.<br \/><strong>Leia mais:<\/strong><br \/>Os pesquisadores, que realizaram essa coleta de dados, pesquisaram dentro do Facebook 226 grupos de \u00f3dio e organiza\u00e7\u00f5es perigosas, usando como fonte o Southern Poverty Law Center, a Liga Anti-Difama\u00e7\u00e3o e at\u00e9 mesmo o pr\u00f3prio Facebook. Com isso, descobriram que mais de um ter\u00e7o desses 226 tinham presen\u00e7a ativa no aplicativo.<br \/>Mesmo que a empresa dona da plataforma insista em dizer que o Facebook n\u00e3o monetiza os grupos de \u00f3dio, o estudo descobriu que os an\u00fancios aparecem em 40% desses grupos.<br \/>Dessas p\u00e1ginas de supremacistas brancos, 24 foram autogeradas pelo pr\u00f3prio Facebook. A plataforma cria essas p\u00e1ginas automaticamente quando os usu\u00e1rios listam seus interesses, locais onde trabalharam ou neg\u00f3cios que n\u00e3o tenham uma p\u00e1gina existente.<br \/>A porta-voz da Meta, Dani Lever, explicou que 270 grupos caracterizados pela empresa, como sendo organiza\u00e7\u00f5es supremacistas brancas, s\u00e3o banidos do Facebook. Diz tamb\u00e9m que investem em tecnologia pessoal e em pesquisa para garantir que a plataforma seja segura.<br \/>Dani diz: \u201cResolvemos imediatamente o problema onde os an\u00fancios apareciam em buscas por termos relacionados a organiza\u00e7\u00f5es proibidas e tamb\u00e9m estamos trabalhando para corrigir um problema de gera\u00e7\u00e3o autom\u00e1tica, que incorretamente impactou um pequeno n\u00famero de p\u00e1ginas\u201d.<br \/>\u201cContinuaremos a trabalhar com especialistas e organiza\u00e7\u00f5es externas em um esfor\u00e7o para ficar \u00e0 frente de conte\u00fados violentos, odiosos e relacionados ao terrorismo e remover esses conte\u00fados de nossas plataformas\u201d, finalizou.<br \/>Nesta ter\u00e7a-feira (9), foi divulgado que a\u00a0<a href=\"https:\/\/olhardigital.com.br\/tag\/meta\/\">dona do<\/a>\u00a0<a href=\"https:\/\/olhardigital.com.br\/tag\/facebook\/\">Facebook<\/a>\u00a0e de diversas outras\u00a0<a href=\"https:\/\/olhardigital.com.br\/tag\/redes-sociais\/\">redes sociais<\/a>, a Meta Platforms, levantou US$ 10 bilh\u00f5es em sua primeira oferta de\u00a0<a href=\"https:\/\/olhardigital.com.br\/tag\/acoes\/\">t\u00edtulos<\/a>, ao mesmo tempo que procura financiar recompras de a\u00e7\u00f5es e investimentos para renovar seus neg\u00f3cios.<br \/>Essa oferta pode promover a Meta, a \u00fanica no meio de grandes empresas de tecnologia sem d\u00edvidas em seu hist\u00f3rico, a criar um balan\u00e7o mais tradicional e financiar algumas iniciativas caras, como por exemplo, sua realidade virtual metaverso.<br \/>Para saber mais, <a href=\"https:\/\/olhardigital.com.br\/2022\/08\/10\/pro\/meta-aumenta-us-10-bilhoes-em-sua-primeira-oferta-de-titulos\/\" target=\"_blank\" rel=\"noreferrer noopener\">acesse a reportagem do Olhar Digital<\/a>.<br \/><strong>J\u00e1 assistiu aos nossos novos v\u00eddeos no\u00a0<\/strong><a href=\"https:\/\/www.youtube.com\/channel\/UCGV72aVJuWP0QPNGH4YgIww?sub_confirmation=1\" target=\"_blank\" rel=\"noreferrer noopener\"><strong>YouTube<\/strong><\/a><strong>? Inscreva-se no nosso canal!<\/strong><br \/>Estagi\u00e1ria de reda\u00e7\u00e3o do site Olhar Digital<br \/>Lyncon Pradella \u00e9 jornalista formado pela Universidade Nove de Julho. Foi estagi\u00e1rio da RedeTV! e rep\u00f3rter freelancer do UOL antes de se tornar Editor do Olhar Digital.<\/p>\n<p><a href=\"https:\/\/news.google.com\/rss\/articles\/CBMifGh0dHBzOi8vb2xoYXJkaWdpdGFsLmNvbS5ici8yMDIyLzA4LzEwL2ludGVybmV0LWUtcmVkZXMtc29jaWFpcy9mYWNlYm9vay1wZXJtaXRpYS1hbnVuY2lvcy1ub3MtZ3J1cG9zLXN1cHJlbWFjaXN0YXMtYnJhbmNvcy_SAYABaHR0cHM6Ly9vbGhhcmRpZ2l0YWwuY29tLmJyLzIwMjIvMDgvMTAvaW50ZXJuZXQtZS1yZWRlcy1zb2NpYWlzL2ZhY2Vib29rLXBlcm1pdGlhLWFudW5jaW9zLW5vcy1ncnVwb3Mtc3VwcmVtYWNpc3Rhcy1icmFuY29zL2FtcC8?oc=5\">source<\/a><\/p>\n","protected":false},"excerpt":{"rendered":"<p>O Facebook vinculou an\u00fancios nas barras de busca de alguns usu\u00e1rios que estavam relacionados com grupos supremacistas brancos, por mais que esse tipo de conte\u00fado tenha sido proibido dentro da plataforma, de acordo com o relat\u00f3rio de Projeto de Transpar\u00eancia Tecnol\u00f3gica.Esse relat\u00f3rio foi divulgado primeiramente pelo The Washington Post. Foram identificados 119 p\u00e1ginas e 20&#8230;<\/p>\n","protected":false},"author":1,"featured_media":6017,"comment_status":"open","ping_status":"open","sticky":false,"template":"","format":"standard","meta":{"footnotes":""},"categories":[32],"tags":[36],"class_list":["post-6016","post","type-post","status-publish","format-standard","has-post-thumbnail","hentry","category-marketing","tag-marketing"],"yoast_head":"<!-- This site is optimized with the Yoast SEO Premium plugin v21.1 (Yoast SEO v22.7) - https:\/\/yoast.com\/wordpress\/plugins\/seo\/ -->\n<title>Facebook permitia an\u00fancios nos grupos supremacistas brancos - Olhar Digital - 4tuneagencia.digital<\/title>\n<meta name=\"robots\" content=\"index, follow, max-snippet:-1, max-image-preview:large, max-video-preview:-1\" \/>\n<link rel=\"canonical\" href=\"https:\/\/4tuneagencia.digital\/blog\/facebook-permitia-anuncios-nos-grupos-supremacistas-brancos-olhar-digital\/\" \/>\n<meta property=\"og:locale\" content=\"pt_BR\" \/>\n<meta property=\"og:type\" content=\"article\" \/>\n<meta property=\"og:title\" content=\"Facebook permitia an\u00fancios nos grupos supremacistas brancos - Olhar Digital\" \/>\n<meta property=\"og:description\" content=\"O Facebook vinculou an\u00fancios nas barras de busca de alguns usu\u00e1rios que estavam relacionados com grupos supremacistas brancos, por mais que esse tipo de conte\u00fado tenha sido proibido dentro da plataforma, de acordo com o relat\u00f3rio de Projeto de Transpar\u00eancia Tecnol\u00f3gica.Esse relat\u00f3rio foi divulgado primeiramente pelo The Washington Post. Foram identificados 119 p\u00e1ginas e 20...\" \/>\n<meta property=\"og:url\" content=\"https:\/\/4tuneagencia.digital\/blog\/facebook-permitia-anuncios-nos-grupos-supremacistas-brancos-olhar-digital\/\" \/>\n<meta property=\"og:site_name\" content=\"4tuneagencia.digital\" \/>\n<meta property=\"article:published_time\" content=\"2023-10-08T03:19:06+00:00\" \/>\n<meta name=\"author\" content=\"4tune\" \/>\n<meta name=\"twitter:card\" content=\"summary_large_image\" \/>\n<meta name=\"twitter:label1\" content=\"Escrito por\" \/>\n\t<meta name=\"twitter:data1\" content=\"4tune\" \/>\n\t<meta name=\"twitter:label2\" content=\"Est. tempo de leitura\" \/>\n\t<meta name=\"twitter:data2\" content=\"2 minutos\" \/>\n<script type=\"application\/ld+json\" class=\"yoast-schema-graph\">{\"@context\":\"https:\/\/schema.org\",\"@graph\":[{\"@type\":\"Article\",\"@id\":\"https:\/\/4tuneagencia.digital\/blog\/facebook-permitia-anuncios-nos-grupos-supremacistas-brancos-olhar-digital\/#article\",\"isPartOf\":{\"@id\":\"https:\/\/4tuneagencia.digital\/blog\/facebook-permitia-anuncios-nos-grupos-supremacistas-brancos-olhar-digital\/\"},\"author\":{\"name\":\"4tune\",\"@id\":\"https:\/\/4tuneagencia.digital\/blog\/#\/schema\/person\/7c40d2e8b9964c2390122613459c2100\"},\"headline\":\"Facebook permitia an\u00fancios nos grupos supremacistas brancos &#8211; Olhar Digital\",\"datePublished\":\"2023-10-08T03:19:06+00:00\",\"dateModified\":\"2023-10-08T03:19:06+00:00\",\"mainEntityOfPage\":{\"@id\":\"https:\/\/4tuneagencia.digital\/blog\/facebook-permitia-anuncios-nos-grupos-supremacistas-brancos-olhar-digital\/\"},\"wordCount\":480,\"commentCount\":0,\"publisher\":{\"@id\":\"https:\/\/4tuneagencia.digital\/blog\/#organization\"},\"image\":{\"@id\":\"https:\/\/4tuneagencia.digital\/blog\/facebook-permitia-anuncios-nos-grupos-supremacistas-brancos-olhar-digital\/#primaryimage\"},\"thumbnailUrl\":\"https:\/\/4tuneagencia.digital\/blog\/wp-content\/uploads\/2023\/10\/wp-header-logo-294.png\",\"keywords\":[\"Marketing\"],\"articleSection\":[\"Marketing\"],\"inLanguage\":\"pt-BR\",\"potentialAction\":[{\"@type\":\"CommentAction\",\"name\":\"Comment\",\"target\":[\"https:\/\/4tuneagencia.digital\/blog\/facebook-permitia-anuncios-nos-grupos-supremacistas-brancos-olhar-digital\/#respond\"]}]},{\"@type\":\"WebPage\",\"@id\":\"https:\/\/4tuneagencia.digital\/blog\/facebook-permitia-anuncios-nos-grupos-supremacistas-brancos-olhar-digital\/\",\"url\":\"https:\/\/4tuneagencia.digital\/blog\/facebook-permitia-anuncios-nos-grupos-supremacistas-brancos-olhar-digital\/\",\"name\":\"Facebook permitia an\u00fancios nos grupos supremacistas brancos - Olhar Digital - 4tuneagencia.digital\",\"isPartOf\":{\"@id\":\"https:\/\/4tuneagencia.digital\/blog\/#website\"},\"primaryImageOfPage\":{\"@id\":\"https:\/\/4tuneagencia.digital\/blog\/facebook-permitia-anuncios-nos-grupos-supremacistas-brancos-olhar-digital\/#primaryimage\"},\"image\":{\"@id\":\"https:\/\/4tuneagencia.digital\/blog\/facebook-permitia-anuncios-nos-grupos-supremacistas-brancos-olhar-digital\/#primaryimage\"},\"thumbnailUrl\":\"https:\/\/4tuneagencia.digital\/blog\/wp-content\/uploads\/2023\/10\/wp-header-logo-294.png\",\"datePublished\":\"2023-10-08T03:19:06+00:00\",\"dateModified\":\"2023-10-08T03:19:06+00:00\",\"breadcrumb\":{\"@id\":\"https:\/\/4tuneagencia.digital\/blog\/facebook-permitia-anuncios-nos-grupos-supremacistas-brancos-olhar-digital\/#breadcrumb\"},\"inLanguage\":\"pt-BR\",\"potentialAction\":[{\"@type\":\"ReadAction\",\"target\":[\"https:\/\/4tuneagencia.digital\/blog\/facebook-permitia-anuncios-nos-grupos-supremacistas-brancos-olhar-digital\/\"]}]},{\"@type\":\"ImageObject\",\"inLanguage\":\"pt-BR\",\"@id\":\"https:\/\/4tuneagencia.digital\/blog\/facebook-permitia-anuncios-nos-grupos-supremacistas-brancos-olhar-digital\/#primaryimage\",\"url\":\"https:\/\/4tuneagencia.digital\/blog\/wp-content\/uploads\/2023\/10\/wp-header-logo-294.png\",\"contentUrl\":\"https:\/\/4tuneagencia.digital\/blog\/wp-content\/uploads\/2023\/10\/wp-header-logo-294.png\",\"width\":1254,\"height\":836},{\"@type\":\"BreadcrumbList\",\"@id\":\"https:\/\/4tuneagencia.digital\/blog\/facebook-permitia-anuncios-nos-grupos-supremacistas-brancos-olhar-digital\/#breadcrumb\",\"itemListElement\":[{\"@type\":\"ListItem\",\"position\":1,\"name\":\"In\u00edcio\",\"item\":\"https:\/\/4tuneagencia.digital\/blog\/\"},{\"@type\":\"ListItem\",\"position\":2,\"name\":\"Facebook permitia an\u00fancios nos grupos supremacistas brancos &#8211; Olhar Digital\"}]},{\"@type\":\"WebSite\",\"@id\":\"https:\/\/4tuneagencia.digital\/blog\/#website\",\"url\":\"https:\/\/4tuneagencia.digital\/blog\/\",\"name\":\"4tuneagencia.digital\",\"description\":\"Marketing e Web Designer \",\"publisher\":{\"@id\":\"https:\/\/4tuneagencia.digital\/blog\/#organization\"},\"potentialAction\":[{\"@type\":\"SearchAction\",\"target\":{\"@type\":\"EntryPoint\",\"urlTemplate\":\"https:\/\/4tuneagencia.digital\/blog\/?s={search_term_string}\"},\"query-input\":\"required name=search_term_string\"}],\"inLanguage\":\"pt-BR\"},{\"@type\":\"Organization\",\"@id\":\"https:\/\/4tuneagencia.digital\/blog\/#organization\",\"name\":\"4tuneagencia.digital\",\"url\":\"https:\/\/4tuneagencia.digital\/blog\/\",\"logo\":{\"@type\":\"ImageObject\",\"inLanguage\":\"pt-BR\",\"@id\":\"https:\/\/4tuneagencia.digital\/blog\/#\/schema\/logo\/image\/\",\"url\":\"https:\/\/4tuneagencia.digital\/blog\/wp-content\/uploads\/2023\/09\/novo-logo-e1694954525541.png\",\"contentUrl\":\"https:\/\/4tuneagencia.digital\/blog\/wp-content\/uploads\/2023\/09\/novo-logo-e1694954525541.png\",\"width\":250,\"height\":250,\"caption\":\"4tuneagencia.digital\"},\"image\":{\"@id\":\"https:\/\/4tuneagencia.digital\/blog\/#\/schema\/logo\/image\/\"}},{\"@type\":\"Person\",\"@id\":\"https:\/\/4tuneagencia.digital\/blog\/#\/schema\/person\/7c40d2e8b9964c2390122613459c2100\",\"name\":\"4tune\",\"image\":{\"@type\":\"ImageObject\",\"inLanguage\":\"pt-BR\",\"@id\":\"https:\/\/4tuneagencia.digital\/blog\/#\/schema\/person\/image\/\",\"url\":\"https:\/\/secure.gravatar.com\/avatar\/e81e8ea0176022ee4555117aee5e3092bff2a7aaa930134f8023c7d4bc2f1495?s=96&d=mm&r=g\",\"contentUrl\":\"https:\/\/secure.gravatar.com\/avatar\/e81e8ea0176022ee4555117aee5e3092bff2a7aaa930134f8023c7d4bc2f1495?s=96&d=mm&r=g\",\"caption\":\"4tune\"},\"sameAs\":[\"http:\/\/4tuneagencia.digital\"],\"url\":\"https:\/\/4tuneagencia.digital\/blog\/author\/admin\/\"}]}<\/script>\n<!-- \/ Yoast SEO Premium plugin. -->","yoast_head_json":{"title":"Facebook permitia an\u00fancios nos grupos supremacistas brancos - Olhar Digital - 4tuneagencia.digital","robots":{"index":"index","follow":"follow","max-snippet":"max-snippet:-1","max-image-preview":"max-image-preview:large","max-video-preview":"max-video-preview:-1"},"canonical":"https:\/\/4tuneagencia.digital\/blog\/facebook-permitia-anuncios-nos-grupos-supremacistas-brancos-olhar-digital\/","og_locale":"pt_BR","og_type":"article","og_title":"Facebook permitia an\u00fancios nos grupos supremacistas brancos - Olhar Digital","og_description":"O Facebook vinculou an\u00fancios nas barras de busca de alguns usu\u00e1rios que estavam relacionados com grupos supremacistas brancos, por mais que esse tipo de conte\u00fado tenha sido proibido dentro da plataforma, de acordo com o relat\u00f3rio de Projeto de Transpar\u00eancia Tecnol\u00f3gica.Esse relat\u00f3rio foi divulgado primeiramente pelo The Washington Post. Foram identificados 119 p\u00e1ginas e 20...","og_url":"https:\/\/4tuneagencia.digital\/blog\/facebook-permitia-anuncios-nos-grupos-supremacistas-brancos-olhar-digital\/","og_site_name":"4tuneagencia.digital","article_published_time":"2023-10-08T03:19:06+00:00","author":"4tune","twitter_card":"summary_large_image","twitter_misc":{"Escrito por":"4tune","Est. tempo de leitura":"2 minutos"},"schema":{"@context":"https:\/\/schema.org","@graph":[{"@type":"Article","@id":"https:\/\/4tuneagencia.digital\/blog\/facebook-permitia-anuncios-nos-grupos-supremacistas-brancos-olhar-digital\/#article","isPartOf":{"@id":"https:\/\/4tuneagencia.digital\/blog\/facebook-permitia-anuncios-nos-grupos-supremacistas-brancos-olhar-digital\/"},"author":{"name":"4tune","@id":"https:\/\/4tuneagencia.digital\/blog\/#\/schema\/person\/7c40d2e8b9964c2390122613459c2100"},"headline":"Facebook permitia an\u00fancios nos grupos supremacistas brancos &#8211; Olhar Digital","datePublished":"2023-10-08T03:19:06+00:00","dateModified":"2023-10-08T03:19:06+00:00","mainEntityOfPage":{"@id":"https:\/\/4tuneagencia.digital\/blog\/facebook-permitia-anuncios-nos-grupos-supremacistas-brancos-olhar-digital\/"},"wordCount":480,"commentCount":0,"publisher":{"@id":"https:\/\/4tuneagencia.digital\/blog\/#organization"},"image":{"@id":"https:\/\/4tuneagencia.digital\/blog\/facebook-permitia-anuncios-nos-grupos-supremacistas-brancos-olhar-digital\/#primaryimage"},"thumbnailUrl":"https:\/\/4tuneagencia.digital\/blog\/wp-content\/uploads\/2023\/10\/wp-header-logo-294.png","keywords":["Marketing"],"articleSection":["Marketing"],"inLanguage":"pt-BR","potentialAction":[{"@type":"CommentAction","name":"Comment","target":["https:\/\/4tuneagencia.digital\/blog\/facebook-permitia-anuncios-nos-grupos-supremacistas-brancos-olhar-digital\/#respond"]}]},{"@type":"WebPage","@id":"https:\/\/4tuneagencia.digital\/blog\/facebook-permitia-anuncios-nos-grupos-supremacistas-brancos-olhar-digital\/","url":"https:\/\/4tuneagencia.digital\/blog\/facebook-permitia-anuncios-nos-grupos-supremacistas-brancos-olhar-digital\/","name":"Facebook permitia an\u00fancios nos grupos supremacistas brancos - Olhar Digital - 4tuneagencia.digital","isPartOf":{"@id":"https:\/\/4tuneagencia.digital\/blog\/#website"},"primaryImageOfPage":{"@id":"https:\/\/4tuneagencia.digital\/blog\/facebook-permitia-anuncios-nos-grupos-supremacistas-brancos-olhar-digital\/#primaryimage"},"image":{"@id":"https:\/\/4tuneagencia.digital\/blog\/facebook-permitia-anuncios-nos-grupos-supremacistas-brancos-olhar-digital\/#primaryimage"},"thumbnailUrl":"https:\/\/4tuneagencia.digital\/blog\/wp-content\/uploads\/2023\/10\/wp-header-logo-294.png","datePublished":"2023-10-08T03:19:06+00:00","dateModified":"2023-10-08T03:19:06+00:00","breadcrumb":{"@id":"https:\/\/4tuneagencia.digital\/blog\/facebook-permitia-anuncios-nos-grupos-supremacistas-brancos-olhar-digital\/#breadcrumb"},"inLanguage":"pt-BR","potentialAction":[{"@type":"ReadAction","target":["https:\/\/4tuneagencia.digital\/blog\/facebook-permitia-anuncios-nos-grupos-supremacistas-brancos-olhar-digital\/"]}]},{"@type":"ImageObject","inLanguage":"pt-BR","@id":"https:\/\/4tuneagencia.digital\/blog\/facebook-permitia-anuncios-nos-grupos-supremacistas-brancos-olhar-digital\/#primaryimage","url":"https:\/\/4tuneagencia.digital\/blog\/wp-content\/uploads\/2023\/10\/wp-header-logo-294.png","contentUrl":"https:\/\/4tuneagencia.digital\/blog\/wp-content\/uploads\/2023\/10\/wp-header-logo-294.png","width":1254,"height":836},{"@type":"BreadcrumbList","@id":"https:\/\/4tuneagencia.digital\/blog\/facebook-permitia-anuncios-nos-grupos-supremacistas-brancos-olhar-digital\/#breadcrumb","itemListElement":[{"@type":"ListItem","position":1,"name":"In\u00edcio","item":"https:\/\/4tuneagencia.digital\/blog\/"},{"@type":"ListItem","position":2,"name":"Facebook permitia an\u00fancios nos grupos supremacistas brancos &#8211; Olhar Digital"}]},{"@type":"WebSite","@id":"https:\/\/4tuneagencia.digital\/blog\/#website","url":"https:\/\/4tuneagencia.digital\/blog\/","name":"4tuneagencia.digital","description":"Marketing e Web Designer ","publisher":{"@id":"https:\/\/4tuneagencia.digital\/blog\/#organization"},"potentialAction":[{"@type":"SearchAction","target":{"@type":"EntryPoint","urlTemplate":"https:\/\/4tuneagencia.digital\/blog\/?s={search_term_string}"},"query-input":"required name=search_term_string"}],"inLanguage":"pt-BR"},{"@type":"Organization","@id":"https:\/\/4tuneagencia.digital\/blog\/#organization","name":"4tuneagencia.digital","url":"https:\/\/4tuneagencia.digital\/blog\/","logo":{"@type":"ImageObject","inLanguage":"pt-BR","@id":"https:\/\/4tuneagencia.digital\/blog\/#\/schema\/logo\/image\/","url":"https:\/\/4tuneagencia.digital\/blog\/wp-content\/uploads\/2023\/09\/novo-logo-e1694954525541.png","contentUrl":"https:\/\/4tuneagencia.digital\/blog\/wp-content\/uploads\/2023\/09\/novo-logo-e1694954525541.png","width":250,"height":250,"caption":"4tuneagencia.digital"},"image":{"@id":"https:\/\/4tuneagencia.digital\/blog\/#\/schema\/logo\/image\/"}},{"@type":"Person","@id":"https:\/\/4tuneagencia.digital\/blog\/#\/schema\/person\/7c40d2e8b9964c2390122613459c2100","name":"4tune","image":{"@type":"ImageObject","inLanguage":"pt-BR","@id":"https:\/\/4tuneagencia.digital\/blog\/#\/schema\/person\/image\/","url":"https:\/\/secure.gravatar.com\/avatar\/e81e8ea0176022ee4555117aee5e3092bff2a7aaa930134f8023c7d4bc2f1495?s=96&d=mm&r=g","contentUrl":"https:\/\/secure.gravatar.com\/avatar\/e81e8ea0176022ee4555117aee5e3092bff2a7aaa930134f8023c7d4bc2f1495?s=96&d=mm&r=g","caption":"4tune"},"sameAs":["http:\/\/4tuneagencia.digital"],"url":"https:\/\/4tuneagencia.digital\/blog\/author\/admin\/"}]}},"jetpack_featured_media_url":"https:\/\/4tuneagencia.digital\/blog\/wp-content\/uploads\/2023\/10\/wp-header-logo-294.png","_links":{"self":[{"href":"https:\/\/4tuneagencia.digital\/blog\/wp-json\/wp\/v2\/posts\/6016","targetHints":{"allow":["GET"]}}],"collection":[{"href":"https:\/\/4tuneagencia.digital\/blog\/wp-json\/wp\/v2\/posts"}],"about":[{"href":"https:\/\/4tuneagencia.digital\/blog\/wp-json\/wp\/v2\/types\/post"}],"author":[{"embeddable":true,"href":"https:\/\/4tuneagencia.digital\/blog\/wp-json\/wp\/v2\/users\/1"}],"replies":[{"embeddable":true,"href":"https:\/\/4tuneagencia.digital\/blog\/wp-json\/wp\/v2\/comments?post=6016"}],"version-history":[{"count":0,"href":"https:\/\/4tuneagencia.digital\/blog\/wp-json\/wp\/v2\/posts\/6016\/revisions"}],"wp:featuredmedia":[{"embeddable":true,"href":"https:\/\/4tuneagencia.digital\/blog\/wp-json\/wp\/v2\/media\/6017"}],"wp:attachment":[{"href":"https:\/\/4tuneagencia.digital\/blog\/wp-json\/wp\/v2\/media?parent=6016"}],"wp:term":[{"taxonomy":"category","embeddable":true,"href":"https:\/\/4tuneagencia.digital\/blog\/wp-json\/wp\/v2\/categories?post=6016"},{"taxonomy":"post_tag","embeddable":true,"href":"https:\/\/4tuneagencia.digital\/blog\/wp-json\/wp\/v2\/tags?post=6016"}],"curies":[{"name":"wp","href":"https:\/\/api.w.org\/{rel}","templated":true}]}}