{"id":6326,"date":"2023-10-13T13:49:13","date_gmt":"2023-10-13T16:49:13","guid":{"rendered":"https:\/\/4tuneagencia.digital\/blog\/cessao-e-requisicao-instituto-federal-do-rio-grande-do-sul-instituto-federal-do-rio-grande-do-sul\/"},"modified":"2023-10-13T13:49:13","modified_gmt":"2023-10-13T16:49:13","slug":"cessao-e-requisicao-instituto-federal-do-rio-grande-do-sul-instituto-federal-do-rio-grande-do-sul","status":"publish","type":"post","link":"https:\/\/4tuneagencia.digital\/blog\/cessao-e-requisicao-instituto-federal-do-rio-grande-do-sul-instituto-federal-do-rio-grande-do-sul\/","title":{"rendered":"Cess\u00e3o e Requisi\u00e7\u00e3o &#8211; Instituto Federal do Rio Grande do Sul &#8211; Instituto Federal do Rio Grande do Sul"},"content":{"rendered":"<p><strong>CONCEITOS<\/strong><br \/><strong>Cess&atilde;o: <\/strong>ato autorizativo pelo qual o agente p&uacute;blico passa a ter exerc&iacute;cio fora de sua unidade de lota&ccedil;&atilde;o, sem suspens&atilde;o ou interrup&ccedil;&atilde;o do v&iacute;nculo funcional com a origem, para ocupar cargo em comiss&atilde;o ou fun&ccedil;&atilde;o de confian&ccedil;a em outro &oacute;rg&atilde;o ou entidade dos Poderes da Uni&atilde;o, Estados, Distrito Federal ou Munic&iacute;pios,&nbsp; inclu&iacute;das as empresas p&uacute;blicas e as sociedades de economia mista, com fundamento no art. 93, inciso I, da Lei n&ordm; 8.112\/90, art. 3&ordm; do Decreto n&ordm; 10.835\/2021 e Portaria n&ordm; 357\/2019, do Minist&eacute;rio da Economia.<br \/><strong>Requisi&ccedil;&atilde;o:<\/strong> ato irrecus&aacute;vel, previsto em leis espec&iacute;ficas, que implica a altera&ccedil;&atilde;o do exerc&iacute;cio<br \/> do servidor ou empregado p&uacute;blico, sem altera&ccedil;&atilde;o da lota&ccedil;&atilde;o no &oacute;rg&atilde;o de origem e sem preju&iacute;zo da remunera&ccedil;&atilde;o, para desempenhar suas atividades junto ao &oacute;rg&atilde;o requisitante, com fundamento no art. 93, inciso II, da Lei n&ordm; 8.112\/90 e art. 2&ordm; do Decreto n&ordm; 9.144\/2017, regulamentado pela Portaria n&ordm; 357\/2019.<br \/><strong>Cedente:<\/strong> &oacute;rg&atilde;o ou entidade de origem do servidor cedido;<br \/><strong>Cession&aacute;rio<\/strong>: &oacute;rg&atilde;o ou entidade onde o servidor exercer&aacute; suas atividades;<br \/><strong>Reembolso<\/strong>: &eacute; a restitui&ccedil;&atilde;o das parcelas despendidas pelo cedente com o servidor cedido;<br \/><strong>Requisitado<\/strong>: &oacute;rg&atilde;o ou entidade de origem do servidor requisitado;<br \/><strong>Requisitante<\/strong>: &oacute;rg&atilde;o ou entidade dotado de poder legal de requisi&ccedil;&atilde;o, no qual o servidor exercer&aacute; suas atividades.<br \/>&nbsp;<br \/><strong>INFORMA&Ccedil;&Otilde;ES GERAIS SOBRE A CESS&Atilde;O<\/strong><br \/>1. A cess&atilde;o &eacute; um ato discricion&aacute;rio, cabendo &agrave; administra&ccedil;&atilde;o analisar a conveni&ecirc;ncia de autorizar o afastamento de servidores p&uacute;blicos federais para o exerc&iacute;cio em outro &oacute;rg&atilde;o ou entidade.<br \/>2. Os efeitos da cess&atilde;o ter&atilde;o in&iacute;cio somente a partir da data de publica&ccedil;&atilde;o do ato junto ao meio oficial, sendo vedada a previs&atilde;o de efeitos retroativos nas portarias; assim, o servidor somente estar&aacute; autorizado a apresentar-se e entrar em exerc&iacute;cio no &oacute;rg&atilde;o cession&aacute;rio ap&oacute;s a publica&ccedil;&atilde;o da respectiva portaria junto ao Di&aacute;rio Oficial da Uni&atilde;o.<br \/>3. A nomea&ccedil;&atilde;o para o cargo em comiss&atilde;o ou a designa&ccedil;&atilde;o para a fun&ccedil;&atilde;o de confian&ccedil;a independem da publica&ccedil;&atilde;o da portaria de cess&atilde;o, ficando o efetivo exerc&iacute;cio condicionado &agrave; publica&ccedil;&atilde;o da portaria de cess&atilde;o.<br \/>4. O servidor que, em raz&atilde;o da cess&atilde;o, deva ter exerc&iacute;cio em outro munic&iacute;pio, ter&aacute; no m&iacute;nimo dez e no m&aacute;ximo trinta dias de prazo para a retomada do efetivo desempenho das atribui&ccedil;&otilde;es do cargo, contados da publica&ccedil;&atilde;o do ato, inclu&iacute;do nesse prazo o tempo necess&aacute;rio para o deslocamento para a nova sede.<br \/>5. O cession&aacute;rio dever&aacute; informar ao cedente a data da efetiva entrada em exerc&iacute;cio do agente p&uacute;blico cedido, em at&eacute; dez dias, contados do efetivo exerc&iacute;cio, para fins da determina&ccedil;&atilde;o do in&iacute;cio do reembolso, quando for o caso.<br \/>6. Tornar-se-&aacute; sem efeito o ato de cess&atilde;o na hip&oacute;tese de o servidor n&atilde;o se apresentar ao &oacute;rg&atilde;o cession&aacute;rio no prazo m&aacute;ximo de 30 (trinta) dias, contados da publica&ccedil;&atilde;o da portaria junto ao meio oficial.<br \/>7. Quando a exonera&ccedil;&atilde;o do cargo em comiss&atilde;o ou a dispensa da fun&ccedil;&atilde;o de confian&ccedil;a implicar o deslocamento de sede, o agente p&uacute;blico ter&aacute; prazo de 10 (dez) dias, a contar da publica&ccedil;&atilde;o do referido ato, para o deslocamento e a retomada do efetivo desempenho das atribui&ccedil;&otilde;es do cargo ou emprego no &oacute;rg&atilde;o ou entidade de origem; excepcionalmente, a crit&eacute;rio do &oacute;rg&atilde;o cedente e mediante justificativa do servidor, tal prazo poder&aacute; ser de at&eacute; 15 (quinze) dias.<br \/>8. O prazo fixado no item anterior <strong>n&atilde;o se aplica<\/strong> ao deslocamento dentro da mesma regi&atilde;o metropolitana, aglomera&ccedil;&atilde;o urbana ou microrregi&atilde;o, constitu&iacute;das por munic&iacute;pios lim&iacute;trofes e regularmente institu&iacute;das.<br \/>9. Compete ao &oacute;rg&atilde;o ou &agrave; entidade cession&aacute;ria acompanhar a frequ&ecirc;ncia do agente p&uacute;blico durante o per&iacute;odo da cess&atilde;o e informar ao &oacute;rg&atilde;o cedente qualquer ocorr&ecirc;ncia, inclusive faltas n&atilde;o justificadas ou em desacordo com a legisla&ccedil;&atilde;o vigente.<br \/>10. Haver&aacute; reembolso nas cess&otilde;es de agentes p&uacute;blicos federais:<br \/>I &ndash; para &oacute;rg&atilde;os ou entidades de outros entes federativos; e<br \/>II &ndash; de ou para empresas p&uacute;blicas ou sociedades de economia mista que n&atilde;o recebam recursos do Tesouro Nacional para o custeio total ou parcial de despesas de pessoal ou para o custeio em geral.<br \/>11. Na hip&oacute;tese de cess&atilde;o de outro ente federativo, de outro Poder ou de &oacute;rg&atilde;o constitucionalmente aut&ocirc;nomo para a administra&ccedil;&atilde;o p&uacute;blica federal, o reembolso seguir&aacute; as regras do &oacute;rg&atilde;o ou da entidade de origem, respeitadas as limita&ccedil;&otilde;es estabelecidas pelo Decreto 10.835\/2021.<br \/>12. Na hip&oacute;tese de servidor cedido para Empresa P&uacute;blica ou Sociedade de Economia Mista que n&atilde;o recebam recursos do Tesouro Nacional optar pela remunera&ccedil;&atilde;o do cargo efetivo, a entidade cession&aacute;ria dever&aacute; efetuar o reembolso das despesas realizadas pelo &oacute;rg&atilde;o cedente.<br \/>13. O valor a ser reembolsado ser&aacute; apresentado mensalmente ao &oacute;rg&atilde;o ou &agrave; entidade de destino do agente p&uacute;blico pelo &oacute;rg&atilde;o ou pela entidade de origem, discriminado por parcela e por agente p&uacute;blico.<br \/>14. A cess&atilde;o para outros Poderes ou entes federativos somente ocorrer&aacute; para o exerc&iacute;cio de<em><strong> cargo em comiss&atilde;o ou fun&ccedil;&atilde;o de confian&ccedil;a com gradua&ccedil;&atilde;o m&iacute;nima igual ou equivalente ao n&iacute;vel 4 do Grupo-DAS.<\/strong><\/em><br \/>15. N&atilde;o haver&aacute; reembolso pela administra&ccedil;&atilde;o p&uacute;blica federal, direta e indireta, nas cess&otilde;es no &acirc;mbito da Uni&atilde;o e de suas autarquias, funda&ccedil;&otilde;es p&uacute;blicas e empresas estatais dependentes de recursos do Tesouro Nacional para o custeio de despesas de pessoal ou para o custeio em geral.<br \/>16. As cess&otilde;es que impliquem reembolso pela administra&ccedil;&atilde;o p&uacute;blica federal, direta ou indireta, somente ocorrer&atilde;o para o exerc&iacute;cio de cargo em comiss&atilde;o ou fun&ccedil;&atilde;o de confian&ccedil;a com gradua&ccedil;&atilde;o m&iacute;nima igual ou equivalente ao n&iacute;vel 4 do Grupo-Dire&ccedil;&atilde;o e Assessoramento Superiores &ndash; DAS.<br \/>17. A compet&ecirc;ncia para autorizar a cess&atilde;o &eacute; do Ministro de Estado ou da autoridade m&aacute;xima da entidade a que pertencer o agente p&uacute;blico (Reitor), ressalvada a hip&oacute;tese prevista no &sect;4&ordm; do art. 93 da Lei 8.112\/90.<br \/>18.&nbsp; A cess&atilde;o ser&aacute; concedida por <strong>prazo indeterminado<\/strong>.<br \/>19. A cess&atilde;o poder&aacute; ser encerrada a qualquer momento por ato unilateral do cedente, do cession&aacute;rio, ou do servidor cedido.<br \/>20. O retorno do agente p&uacute;blico ao &oacute;rg&atilde;o ou &agrave; entidade de origem, quando requerido pelo cedente, ser&aacute; realizado por meio de notifica&ccedil;&atilde;o ao cession&aacute;rio.<br \/>21.&nbsp; O servidor em est&aacute;gio probat&oacute;rio somente poder&aacute; ser cedido para outro &oacute;rg&atilde;o ou entidade para ocupar cargos de Natureza Especial, cargos de provimento em comiss&atilde;o do Grupo-Dire&ccedil;&atilde;o e Assessoramento Superiores &ndash; DAS, de n&iacute;veis 6, 5 e 4 ou equivalentes.<br \/>22. &Eacute; vedada a previs&atilde;o de efeitos retroativos nas portarias de cess&atilde;o, bem como a convalida&ccedil;&atilde;o de ato cujos efeitos j&aacute; se exauriram.<br \/>&nbsp;<br \/><strong>CESS&Atilde;O DE DOCENTES (Lei 11.526\/2007, regulamentada pelo Decreto 8.239\/2014):<\/strong><br \/><em><strong>a) NO &Acirc;MBITO DA UNI&Atilde;O:<\/strong><\/em><br \/>a.1) a cess&atilde;o de docentes poder&aacute; ocorrer para &oacute;rg&atilde;os e entidades da Uni&atilde;o, para o exerc&iacute;cio de cargo em comiss&atilde;o de Natureza Especial ou do Grupo-Dire&ccedil;&atilde;o e Assessoramento Superiores, de n&iacute;veis DAS 4, DAS 5 ou DAS 6, ou equivalentes, quando optante pela remunera&ccedil;&atilde;o do cargo efetivo, acrescido da vantagem relativa ao regime de dedica&ccedil;&atilde;o exclusiva;<br \/>a.2) o acr&eacute;scimo relativo &agrave; Dedica&ccedil;&atilde;o Exclusiva poder&aacute; ser percebido no caso de docente cedido para o Minist&eacute;rio da Educa&ccedil;&atilde;o para o exerc&iacute;cio de cargo em comiss&atilde;o do Grupo-Dire&ccedil;&atilde;o e Assessoramento Superiores, de n&iacute;vel DAS 3.<br \/><em><strong>b) NO &Acirc;MBITO DE ESTADOS, DF E MUNIC&Iacute;PIOS:<\/strong><\/em><br \/>b.1) A cess&atilde;o de docente integrante do Plano de Carreiras e Cargos de Magist&eacute;rio Federal, a que se refere a Lei n&ordm; 12.772\/2012, para &oacute;rg&atilde;os e entidades dos Estados, Distrito Federal e Munic&iacute;pios, na hip&oacute;tese em que o servidor optar pela remunera&ccedil;&atilde;o do cargo efetivo, acrescida da vantagem relativa ao regime de dedica&ccedil;&atilde;o exclusiva, somente poder&aacute; ocorrer:<br \/>I &ndash; para o exerc&iacute;cio de cargo em comiss&atilde;o ou de natureza especial equivalente a cargo de Natureza<br \/> Especial ou do Grupo Dire&ccedil;&atilde;o e Assessoramento Superiores de n&iacute;veis DAS 5 ou 6 do Poder Executivo Federal (Art. 2&ordm;, inciso I, do Decreto n&ordm; 8.239\/2014);<br \/>II &ndash; para o exerc&iacute;cio de cargo de secret&aacute;rio estadual, distrital ou municipal. (Art. 2&ordm;, inciso II, do Decreto n&ordm; 8.239\/2014)<br \/>Ser&aacute; considerado efetivo exerc&iacute;cio, para todos os fins, o per&iacute;odo em que o servidor estiver afastado, exceto para os fins de aposentadoria especial como professor, cujos requisitos foram alterados pela Emenda Constitucional n&ordm; 20, de 15 de dezembro de 1998, publicada no DOU de 16\/12\/98.<br \/>S&uacute;mula 726 &ndash; STF: &ldquo;Para efeito de aposentadoria especial de professores, n&atilde;o se computa o tempo de servi&ccedil;o prestado fora da sala de aula.&rdquo;<br \/>&nbsp;<br \/><strong>INFORMA&Ccedil;&Otilde;ES GERAIS SOBRE A REQUISI&Ccedil;&Atilde;O<\/strong><br \/>1. A requisi&ccedil;&atilde;o &eacute; o ato irrecus&aacute;vel, em que o agente p&uacute;blico requisitado passa a ter exerc&iacute;cio no &oacute;rg&atilde;o ou na entidade requisitante, sem altera&ccedil;&atilde;o da lota&ccedil;&atilde;o no &oacute;rg&atilde;o ou na entidade de origem.<br \/>2. &nbsp;&nbsp; A requisi&ccedil;&atilde;o somente ser&aacute; realizada por &oacute;rg&atilde;o ou entidades que possuam prerrogativa expressa de requisitar agentes p&uacute;blicos (Ex.: Advocacia-Geral da Uni&atilde;o &ndash; AGU, Tribunal Regional Eleitoral &ndash; TRE, Defensoria P&uacute;blica da Uni&atilde;o &ndash; DPU, Presid&ecirc;ncia da Rep&uacute;blica, dentre outros).<br \/>3. Conforme estabelece o &sect;2&ordm; do art. 9&ordm; do Decreto 10.835\/2021, a requisi&ccedil;&atilde;o n&atilde;o ser&aacute; nominal e o &oacute;rg&atilde;o ou a entidade requisitada poder&aacute; indicar o agente p&uacute;blico de acordo com as atribui&ccedil;&otilde;es a serem exercidas no &oacute;rg&atilde;o ou na entidade requisitante. Portanto, na hip&oacute;tese de recebimento de uma solicita&ccedil;&atilde;o de requisi&ccedil;&atilde;o nominal de servidor, a Institui&ccedil;&atilde;o poder&aacute; indicar ao requisitante outro servidor que possua as qualidades t&eacute;cnicas necess&aacute;rias para desempenhar as atividades caso n&atilde;o concorde com a libera&ccedil;&atilde;o do servidor nominalmente indicado.<br \/>4. Segundo o art. 105 da Lei 13.328\/2016, a requisi&ccedil;&atilde;o de servidor ou empregado p&uacute;blico da administra&ccedil;&atilde;o p&uacute;blica federal direta, aut&aacute;rquica e fundacional ser&aacute; realizada pelo prazo de at&eacute; 3 (tr&ecirc;s) anos para a:<br \/>I &ndash; Justi&ccedil;a Eleitoral;<br \/> II &ndash; Procuradoria-Geral Eleitoral;<br \/> III &ndash; Defensoria P&uacute;blica da Uni&atilde;o<br \/>5. Conforme o art. 2&ordm; da Resolu&ccedil;&atilde;o TRE n&ordm; 23.523\/2017, &eacute; vedada a requisi&ccedil;&atilde;o, pelo Tribunal Regional Eleitoral, de servidores nas seguintes condi&ccedil;&otilde;es:<br \/>I&nbsp;&ndash;&nbsp;ocupantes de cargos isolados, de cargos ou empregos t&eacute;cnicos ou cient&iacute;ficos e de quaisquer cargos ou empregos do magist&eacute;rio federal, estadual ou municipal, salvo na hip&oacute;tese de nomea&ccedil;&atilde;o para cargo em comiss&atilde;o;<br \/>II&nbsp;&ndash;&nbsp;submetidos a sindic&acirc;ncia, processo administrativo disciplinar ou em est&aacute;gio probat&oacute;rio;<br \/>III&nbsp;&ndash;&nbsp;contratados temporariamente.<br \/>6. A compet&ecirc;ncia para efetivar a requisi&ccedil;&atilde;o &eacute; do Ministro de Estado <strong>ou da autoridade m&aacute;xima da entidade a que pertencer o agente p&uacute;blico (Reitor)<\/strong>, ressalvada a hip&oacute;tese prevista no &sect;4&ordm; do art. 93 da Lei 8.112\/90.<br \/>7. A requisi&ccedil;&atilde;o independe de exerc&iacute;cio de cargo em comiss&atilde;o ou de fun&ccedil;&atilde;o de confian&ccedil;a.<br \/>8. Compete ao &oacute;rg&atilde;o ou &agrave; entidade requisitante acompanhar a frequ&ecirc;ncia do agente p&uacute;blico durante o per&iacute;odo da requisi&ccedil;&atilde;o e informar ao &oacute;rg&atilde;o requisitado qualquer ocorr&ecirc;ncia, inclusive faltas n&atilde;o justificadas ou em desacordo com a legisla&ccedil;&atilde;o vigente.<br \/>9. A requisi&ccedil;&atilde;o n&atilde;o poder&aacute; ser encerrada por ato unilateral do &oacute;rg&atilde;o ou da entidade requisitada.<br \/>10. Na requisi&ccedil;&atilde;o, n&atilde;o haver&aacute; preju&iacute;zo da remunera&ccedil;&atilde;o ou do sal&aacute;rio permanente do agente p&uacute;blico, inclu&iacute;dos encargos sociais, abono pecuni&aacute;rio, gratifica&ccedil;&atilde;o natalina, f&eacute;rias e adicional de um ter&ccedil;o.<br \/>&nbsp;<br \/><strong>DOCUMENTA&Ccedil;&Atilde;O E FLUXO<\/strong><br \/><strong><em>CESS&Atilde;O DE SERVIDOR DO IFRS PARA OUTRO &Oacute;RG&Atilde;O DA ADMINISTRA&Ccedil;&Atilde;O P&Uacute;BLICA FEDERAL, OUTRO PODER (LEGISLATIVO\/JUDICI&Aacute;RIO) OU ENTE FEDERATIVO (ESTADOS\/MUNIC&Iacute;PIOS\/DF):<\/em><\/strong><br \/><strong>Passo 1 &ndash;<\/strong> A autoridade m&aacute;xima da institui&ccedil;&atilde;o interessada na cess&atilde;o encaminhar&aacute; of&iacute;cio dirigido ao Reitor do IFRS, o qual dever&aacute; conter a motiva&ccedil;&atilde;o da cess&atilde;o, nome e cargo efetivo do servidor e indica&ccedil;&atilde;o do nome e n&iacute;vel hier&aacute;rquico do cargo\/fun&ccedil;&atilde;o que o mesmo ocupar&aacute; na institui&ccedil;&atilde;o.<br \/><strong>Passo 2 &ndash;<\/strong> A chefia imediata e Dire&ccedil;&atilde;o-geral dever&atilde;o se manifestar sobre a solicita&ccedil;&atilde;o, informando se a cess&atilde;o prejudicar&aacute; ou n&atilde;o as atividades final&iacute;sticas do Departamento\/Setor.<br \/><strong>Passo 3 &ndash;<\/strong>&nbsp;O Reitor do IFRS emitir&aacute; manifesta&ccedil;&atilde;o final, e, em caso de concord&acirc;ncia com a solicita&ccedil;&atilde;o, dever&aacute; ser formalizado processo administrativo e publicada a portaria de autoriza&ccedil;&atilde;o da cess&atilde;o junto ao DOU pelo Departamento de normas e legisla&ccedil;&atilde;o de pessoal,<br \/>Observa&ccedil;&atilde;o: lembrando que no caso de<em> cess&atilde;o para cargo\/fun&ccedil;&atilde;o em outro Poder ou ente federativo, somente poder&aacute; ocorrer para o exerc&iacute;cio de cargo em comiss&atilde;o ou fun&ccedil;&atilde;o de confian&ccedil;a com gradua&ccedil;&atilde;o m&iacute;nima equivalente a DAS-4 (CD-3).<\/em><br \/><strong>Passo 4 &ndash;<\/strong> Ap&oacute;s publicada, a portaria ser&aacute; encaminhada &agrave; Coordenadoria de Cadastro &ndash; DGP, que adotar&aacute; as provid&ecirc;ncias necess&aacute;rias ao registro do afastamento do servidor junto ao sistema.<br \/>&nbsp;<br \/><strong><em>CESS&Atilde;O DE SERVIDOR LOTADO EM OUTROS &Oacute;RG&Atilde;OS PARA O IFRS:<\/em><\/strong><br \/><strong>Passo 1 &ndash;<\/strong>&nbsp; A chefia do Departamento\/Setor do IFRS interessado na cess&atilde;o encaminhar&aacute; of&iacute;cio dirigido ao Reitor do IFRS, informando nome, &oacute;rg&atilde;o de lota&ccedil;&atilde;o e cargo efetivo do servidor, bem como a justificativa para a cess&atilde;o, atividades a serem desempenhadas e a indica&ccedil;&atilde;o do nome e c&oacute;digo do cargo\/fun&ccedil;&atilde;o a ser disponibilizado ao mesmo.<br \/><strong>Passo 2 &ndash; <\/strong>O Reitor decidir&aacute; acerca da viabilidade ou n&atilde;o do pedido de cess&atilde;o, mediante o seguinte tr&acirc;mite:<br \/>a) em caso de concord&acirc;ncia, encaminhar&aacute; of&iacute;cio &agrave; autoridade m&aacute;xima do &oacute;rg&atilde;o de lota&ccedil;&atilde;o do servidor, consultando acerca da viabilidade de autoriza&ccedil;&atilde;o da cess&atilde;o, informando o nome e o c&oacute;digo do cargo\/fun&ccedil;&atilde;o a ser disponibilizado; (Observa&ccedil;&atilde;o: em caso de &oacute;rg&atilde;o pertencente a outro poder ou ente, o reembolso por parte da Administra&ccedil;&atilde;o somente se dar&aacute; no caso de cess&atilde;o para cargos com gradua&ccedil;&atilde;o m&iacute;nima equivalente a DAS-4 (CD-3)<br \/>b) em caso de discord&acirc;ncia, cientificar&aacute; a chefia do Departamento\/ Setor do IFRS interessado na cess&atilde;o.<br \/><strong>Passo 3 &ndash;&nbsp;<\/strong> Ap&oacute;s publicada, a portaria ser&aacute; encaminhada &agrave; Coordenadoria de Cadastro &ndash; DGP, para ado&ccedil;&atilde;o das provid&ecirc;ncias cab&iacute;veis &nbsp;junto ao sistema.<br \/>&nbsp;<br \/><em><strong>REQUISI&Ccedil;&Atilde;O POR &Oacute;RG&Atilde;OS DE OUTROS PODERES (TRE)<\/strong><\/em><br \/><strong>Passo 1<\/strong> &ndash; A autoridade m&aacute;xima do &oacute;rg&atilde;o ou entidade solicitante encaminhar&aacute; of&iacute;cio dirigido ao Reitor, especificando a motiva&ccedil;&atilde;o e o fundamento legal da requisi&ccedil;&atilde;o.<br \/><strong>Passo 2 &ndash;<\/strong> A chefia imediata e a Dire&ccedil;&atilde;o-geral dever&atilde;o se manifestar quanto &agrave; solicita&ccedil;&atilde;o, concordando ou indicando o nome de outro servidor com qualifica&ccedil;&atilde;o t&eacute;cnica para o atendimento do pedido, no caso de requisi&ccedil;&atilde;o nominal.<br \/><strong>Passo 3 &ndash;<\/strong> Dever&aacute; ser formalizado processo administrativo e publicada a portaria de autoriza&ccedil;&atilde;o da requisi&ccedil;&atilde;o junto ao DOU, pelo Departamento de Normas e Legisla&ccedil;&atilde;o da Reitoria.<br \/><strong>Passo 4 &ndash;<\/strong> Ap&oacute;s publicada, a portaria ser&aacute; encaminhada &agrave; Coordenadoria de Cadastro &ndash; DGP, para ado&ccedil;&atilde;o das provid&ecirc;ncias cab&iacute;veis &nbsp;junto ao sistema.<br \/>&nbsp;<br \/><em><strong>REQUISI&Ccedil;&Atilde;O POR &Oacute;RG&Atilde;OS INTEGRANTES DA ADMINISTRA&Ccedil;&Atilde;O P&Uacute;BLICA FEDERAL (AGU)<\/strong><\/em><br \/><strong>Passo 1 &ndash;&nbsp;<\/strong> A autoridade m&aacute;xima do &oacute;rg&atilde;o ou entidade solicitante encaminhar&aacute; of&iacute;cio dirigido ao Reitor, especificando a motiva&ccedil;&atilde;o e o fundamento legal da requisi&ccedil;&atilde;o.<br \/><strong>Passo 2<\/strong> &ndash;&nbsp; A chefia imediata do servidor e a Dire&ccedil;&atilde;o-geral dever&atilde;o se manifestar &nbsp;quanto &agrave; solicita&ccedil;&atilde;o, concordando ou indicando o nome de outro servidor com qualifica&ccedil;&atilde;o t&eacute;cnica para o atendimento do pedido, no caso de requisi&ccedil;&atilde;o nominal.<br \/><strong>Passo 3 &ndash;<\/strong> Ap&oacute;s a manifesta&ccedil;&atilde;o favor&aacute;vel do Reitor, o Departamento de Normas e Legisla&ccedil;&atilde;o providenciar&aacute; a publica&ccedil;&atilde;o da portaria de requisi&ccedil;&atilde;o do servidor junto ao Di&aacute;rio Oficial da Uni&atilde;o<br \/><strong>Passo 4 &ndash;&nbsp;<\/strong> Ap&oacute;s publicada, a portaria ser&aacute; encaminhada &agrave; Coordenadoria de Cadastro &ndash; DGP, para ado&ccedil;&atilde;o das provid&ecirc;ncias cab&iacute;veis &nbsp;junto ao sistema.<br \/>&nbsp;<br \/><strong>REGRAS DE COMPET&Ecirc;NCIA E REEMBOLSO NAS CESS&Otilde;ES<\/strong><br \/><strong>Conceito de reembolso<\/strong><br \/>Art. 17. &nbsp;O reembolso &eacute; a restitui&ccedil;&atilde;o das parcelas despendidas por &oacute;rg&atilde;os e entidades com o agente p&uacute;blico movimentado, respeitadas as limita&ccedil;&otilde;es estabelecidas por este Decreto e por normas espec&iacute;ficas, inclusive quanto ao disposto no inciso XI do&nbsp;caput&nbsp;do art. 37 da Constitui&ccedil;&atilde;o.<br \/><strong>Obriga&ccedil;&atilde;o de reembolso<\/strong><br \/>Art. 18. &nbsp;&Eacute; obrigat&oacute;rio o reembolso nas movimenta&ccedil;&otilde;es de agentes p&uacute;blicos federais de que trata o art. 2&ordm;:<br \/>I &ndash; para &oacute;rg&atilde;os ou entidades de outros entes federativos; e<br \/>II &ndash; de ou para empresas p&uacute;blicas ou sociedades de economia mista n&atilde;o dependentes de recursos do Tesouro Nacional para o custeio total ou parcial de despesas de pessoal ou para o custeio em geral.<br \/><strong>Inexist&ecirc;ncia de reembolso<\/strong><br \/>Art. 19. &nbsp;N&atilde;o haver&aacute; reembolso pela administra&ccedil;&atilde;o p&uacute;blica federal, direta e indireta, nas movimenta&ccedil;&otilde;es no &acirc;mbito dos Poderes da Uni&atilde;o e de suas autarquias, funda&ccedil;&otilde;es p&uacute;blicas e empresas estatais dependentes de recursos do Tesouro Nacional para o pagamento de despesas de pessoal ou para o custeio em geral.<br \/><strong>Regras de outros entes federativos ou Poderes<\/strong><br \/>Art. 20.&nbsp;&nbsp;Na hip&oacute;tese de movimenta&ccedil;&atilde;o de agente p&uacute;blico de outro ente federativo, de outro Poder ou de &oacute;rg&atilde;o constitucionalmente aut&ocirc;nomo para a administra&ccedil;&atilde;o p&uacute;blica federal, o reembolso seguir&aacute; as regras do &oacute;rg&atilde;o ou da entidade de origem, respeitadas as limita&ccedil;&otilde;es estabelecidas por este Decreto.<br \/><strong>Responsabilidade<\/strong><br \/>Art. 21.&nbsp; &Eacute; do &oacute;rg&atilde;o ou da entidade de destino do agente p&uacute;blico o &ocirc;nus pela remunera&ccedil;&atilde;o ou pelo sal&aacute;rio vinculado ao cargo ou ao emprego permanente do agente p&uacute;blico movimentado dos Poderes da Uni&atilde;o, dos Estados, do Distrito Federal, dos Munic&iacute;pios, inclusive das empresas p&uacute;blicas e das sociedades de economia mista, acrescido dos tributos, dos encargos sociais e dos encargos trabalhistas.<br \/>&nbsp;<br \/><strong>CESS&Otilde;ES DE SERVIDORES FEDERAIS NO &Acirc;MBITO DA ADMINISTRA&Ccedil;&Atilde;O P&Uacute;BLICA FEDERAL:<\/strong><br \/>&ndash; O Reitor &eacute; a autoridade competente para autorizar, independente de qual seja o cargo\/fun&ccedil;&atilde;o, conforme art. 29 do Decreto 10.835\/2021:<br \/>Art.&nbsp;29.&nbsp;&nbsp;A compet&ecirc;ncia para autorizar a cess&atilde;o ou disponibilizar a requisi&ccedil;&atilde;o &eacute; do Ministro de Estado ou da autoridade m&aacute;xima da entidade a que pertencer o agente p&uacute;blico, ressalvada a hip&oacute;tese prevista no&nbsp;&sect; 4&ordm; do art. 93 da Lei n&ordm; 8.112, de 11 de dezembro de 1990.<br \/>&sect;&nbsp;1&ordm; &nbsp;Na hip&oacute;tese de cess&atilde;o ou requisi&ccedil;&atilde;o para outro Poder ou outro ente federativo, a delega&ccedil;&atilde;o ser&aacute; permitida apenas &agrave;s autoridades a que se refere o&nbsp;Decreto n&ordm; 8.851, de 20 de setembro de 2016.<br \/>&sect;&nbsp;2&ordm;&nbsp;&nbsp;Na hip&oacute;tese de cess&atilde;o ou requisi&ccedil;&atilde;o de agente p&uacute;blico de empresa estatal dependente ou n&atilde;o dependente de recursos do Tesouro Nacional para outro Poder ou ente federativo ou para &oacute;rg&atilde;os constitucionalmente aut&ocirc;nomos, a compet&ecirc;ncia ser&aacute; da autoridade m&aacute;xima da entidade.<br \/>&nbsp;<br \/>&ndash; N&atilde;o haver&aacute; reembolso, conforme art. 19 do Decreto 10.835\/2021:<br \/>Art. 19. &nbsp;N&atilde;o haver&aacute; reembolso pela administra&ccedil;&atilde;o p&uacute;blica federal, direta e indireta, nas movimenta&ccedil;&otilde;es no &acirc;mbito dos Poderes da Uni&atilde;o e de suas autarquias, funda&ccedil;&otilde;es p&uacute;blicas e empresas estatais dependentes de recursos do Tesouro Nacional para o pagamento de despesas de pessoal ou para o custeio em geral.<br \/>&nbsp;<br \/><strong>CESS&Atilde;O DE SERVIDOR FEDERAL PARA OUTROS PODERES OU ENTES FEDERATIVOS (ESTADO, MUNIC&Iacute;PIO OU DF)<\/strong><br \/>&ndash; Somente ocorrer&aacute; para cargos equivalentes a, no m&iacute;nimo, CD3 (equivalente a DAS-4), conforme art. 4&ordm; do Decreto 10.835\/2021:<br \/>Art. 4&ordm;: A cess&atilde;o para outros Poderes, &oacute;rg&atilde;os constitucionalmente aut&ocirc;nomos ou outros entes federativos somente ocorrer&aacute; para o exerc&iacute;cio de cargo em comiss&atilde;o ou fun&ccedil;&atilde;o de confian&ccedil;a com gradua&ccedil;&atilde;o m&iacute;nima igual ou equivalente ao n&iacute;vel 4 dos cargos em comiss&atilde;o do Grupo-Dire&ccedil;&atilde;o e Assessoramento Superiores &ndash; DAS.<br \/>&ndash; O Reitor &eacute; a autoridade competente para autorizar, conforme art. 29 do Decreto 10.835\/2021:<br \/>Art.&nbsp;29.&nbsp;&nbsp;A compet&ecirc;ncia para autorizar a cess&atilde;o ou disponibilizar a requisi&ccedil;&atilde;o &eacute; do Ministro de Estado ou da autoridade m&aacute;xima da entidade a que pertencer o agente p&uacute;blico, ressalvada a hip&oacute;tese prevista no&nbsp;&sect; 4&ordm; do art. 93 da Lei n&ordm; 8.112, de 11 de dezembro de 1990.<br \/>&sect;&nbsp;1&ordm; &nbsp;Na hip&oacute;tese de cess&atilde;o ou requisi&ccedil;&atilde;o para outro Poder ou outro ente federativo, a delega&ccedil;&atilde;o ser&aacute; permitida apenas &agrave;s autoridades a que se refere o&nbsp;Decreto n&ordm; 8.851, de 20 de setembro de 2016.<br \/>&sect;&nbsp;2&ordm;&nbsp;&nbsp;Na hip&oacute;tese de cess&atilde;o ou requisi&ccedil;&atilde;o de agente p&uacute;blico de empresa estatal dependente ou n&atilde;o dependente de recursos do Tesouro Nacional para outro Poder ou ente federativo ou para &oacute;rg&atilde;os constitucionalmente aut&ocirc;nomos, a compet&ecirc;ncia ser&aacute; da autoridade m&aacute;xima da entidade.<br \/>&ndash; O &oacute;rg&atilde;o cession&aacute;rio (que recebe o servidor) dever&aacute; efetuar o reembolso das parcelas despendidas pelo &oacute;rg&atilde;o cedente com o agente p&uacute;blico cedido, conforme art. 18 do Decreto 10.835\/2021:<br \/>Art. 18. &nbsp;&Eacute; obrigat&oacute;rio o reembolso nas movimenta&ccedil;&otilde;es de agentes p&uacute;blicos federais de que trata o art. 2&ordm;:<br \/>I &ndash; para &oacute;rg&atilde;os ou entidades de outros entes federativos; e<br \/>II &ndash; de ou para empresas p&uacute;blicas ou sociedades de economia mista n&atilde;o dependentes de recursos do Tesouro Nacional para o custeio total ou parcial de despesas de pessoal ou para o custeio em geral.<br \/>&nbsp;<br \/><strong>CESS&Atilde;O DE SERVIDOR DE OUTROS PODERES OU ENTES FEDERATIVOS PARA &Oacute;RG&Atilde;OS DA ADMINISTRA&Ccedil;&Atilde;O P&Uacute;BLICA FEDERAL:<\/strong><br \/>&ndash; Conforme art. 20 do Decreto 10.835\/2021, o reembolso seguir&aacute; as regras do &oacute;rg&atilde;o de origem do servidor:<br \/><strong>Regras de outros entes federativos ou Poderes<\/strong><br \/>Art. 20.&nbsp;&nbsp;Na hip&oacute;tese de movimenta&ccedil;&atilde;o de agente p&uacute;blico de outro ente federativo, de outro Poder ou de &oacute;rg&atilde;o constitucionalmente aut&ocirc;nomo para a administra&ccedil;&atilde;o p&uacute;blica federal, o reembolso seguir&aacute; as regras do &oacute;rg&atilde;o ou da entidade de origem, respeitadas as limita&ccedil;&otilde;es estabelecidas por este Decreto.<br \/>&ndash; Conforme art. 6&ordm;:<br \/>Art. 6&ordm;&nbsp; As cess&otilde;es que impliquem reembolso pela administra&ccedil;&atilde;o p&uacute;blica federal, direta e indireta, somente ocorrer&atilde;o para o exerc&iacute;cio de cargo em comiss&atilde;o ou fun&ccedil;&atilde;o de confian&ccedil;a com gradua&ccedil;&atilde;o m&iacute;nima igual ou equivalente ao n&iacute;vel 4 dos cargos em comiss&atilde;o do Grupo-DAS. (ou seja, a Administra&ccedil;&atilde;o somente efetuar&aacute; reembolso ao &oacute;rg&atilde;o cedente nos casos de cess&atilde;o para, no m&iacute;nimo, CD3; assim, servidor de outro poder\/ente at&eacute; pode vir para ocupar CD4 ou FG no IFRS, mas nestes casos n&atilde;o ocorrer&aacute; reembolso, pela Administra&ccedil;&atilde;o, ao &oacute;rg&atilde;o cedente).<br \/>&nbsp;<br \/><strong>FUNDAMENTA&Ccedil;&Atilde;O LEGAL:<\/strong><br \/>1. Arts. 20, &sect; 3&ordm;; 93; 102, II da Lei n&ordm; 8.112\/1990;<br \/> 2. Art. 47 da Lei Complementar n&deg; 73\/1993;<br \/> 3. Art. 4&deg; da Lei n&deg; 9.020\/1995<br \/> 4. Lei n&ordm; 11.526\/2007;<br \/> 5. Arts. 105 a 108 da Lei n&deg; 13.238\/2016<br \/> 6. Decreto n&ordm; 8.239\/2014;<br \/> 7. Decreto n&ordm; 10.835\/2021;<br \/> 8. Portaria ME n&ordm; 357\/2019<br \/> 9. Resolu&ccedil;&atilde;o TRE n&ordm; 23.523\/2017<br \/> 10. Of&iacute;cio-circular n&ordm; 20\/2021\/DAJ\/COLEP\/CGGP\/SAA-MEC<br \/>\u00daltima atualiza\u00e7\u00e3o em 22\/02\/2022<br \/><strong>Instituto Federal de Educa&ccedil;&atilde;o, Ci&ecirc;ncia e Tecnologia do Rio Grande do Sul<\/strong><br \/>Rua General Os&oacute;rio, 348 &ndash; Bairro Centro &ndash; Bento Gon&ccedil;alves\/RS<br \/> CEP: 95700-086<br \/>Telefone: (54) 3449-3300<br \/><a href=\"https:\/\/ifrs.edu.br\/contato\/\">Outros Contatos<\/a><\/p>\n<p><a href=\"https:\/\/news.google.com\/rss\/articles\/CBMiYmh0dHBzOi8vaWZycy5lZHUuYnIvZ2VzdGFvLWRlLXBlc3NvYXMvZmx1eG9zLWUtZm9ybXVsYXJpb3MvcHJvY2Vzc29zLWRpZ2l0YWlzL2Nlc3Nhby1lLXJlcXVpc2ljYW8v0gEA?oc=5\">source<\/a><\/p>\n","protected":false},"excerpt":{"rendered":"<p>CONCEITOSCess&atilde;o: ato autorizativo pelo qual o agente p&uacute;blico passa a ter exerc&iacute;cio fora de sua unidade de lota&ccedil;&atilde;o, sem suspens&atilde;o ou interrup&ccedil;&atilde;o do v&iacute;nculo funcional com a origem, para ocupar cargo em comiss&atilde;o ou fun&ccedil;&atilde;o de confian&ccedil;a em outro &oacute;rg&atilde;o ou entidade dos Poderes da Uni&atilde;o, Estados, Distrito Federal ou Munic&iacute;pios,&nbsp; inclu&iacute;das as empresas p&uacute;blicas&#8230;<\/p>\n","protected":false},"author":1,"featured_media":6327,"comment_status":"open","ping_status":"open","sticky":false,"template":"","format":"standard","meta":{"footnotes":""},"categories":[1],"tags":[69],"class_list":["post-6326","post","type-post","status-publish","format-standard","has-post-thumbnail","hentry","category-tutoriais","tag-tutorial"],"yoast_head":"<!-- This site is optimized with the Yoast SEO Premium plugin v21.1 (Yoast SEO v22.7) - https:\/\/yoast.com\/wordpress\/plugins\/seo\/ -->\n<title>Cess\u00e3o e Requisi\u00e7\u00e3o - Instituto Federal do Rio Grande do Sul - Instituto Federal do Rio Grande do Sul - 4tuneagencia.digital<\/title>\n<meta name=\"robots\" content=\"index, follow, max-snippet:-1, max-image-preview:large, max-video-preview:-1\" \/>\n<link rel=\"canonical\" href=\"https:\/\/4tuneagencia.digital\/blog\/cessao-e-requisicao-instituto-federal-do-rio-grande-do-sul-instituto-federal-do-rio-grande-do-sul\/\" \/>\n<meta property=\"og:locale\" content=\"pt_BR\" \/>\n<meta property=\"og:type\" content=\"article\" \/>\n<meta property=\"og:title\" content=\"Cess\u00e3o e Requisi\u00e7\u00e3o - Instituto Federal do Rio Grande do Sul - Instituto Federal do Rio Grande do Sul\" \/>\n<meta property=\"og:description\" content=\"CONCEITOSCess&atilde;o: ato autorizativo pelo qual o agente p&uacute;blico passa a ter exerc&iacute;cio fora de sua unidade de lota&ccedil;&atilde;o, sem suspens&atilde;o ou interrup&ccedil;&atilde;o do v&iacute;nculo funcional com a origem, para ocupar cargo em comiss&atilde;o ou fun&ccedil;&atilde;o de confian&ccedil;a em outro &oacute;rg&atilde;o ou entidade dos Poderes da Uni&atilde;o, Estados, Distrito Federal ou Munic&iacute;pios,&nbsp; inclu&iacute;das as empresas p&uacute;blicas...\" \/>\n<meta property=\"og:url\" content=\"https:\/\/4tuneagencia.digital\/blog\/cessao-e-requisicao-instituto-federal-do-rio-grande-do-sul-instituto-federal-do-rio-grande-do-sul\/\" \/>\n<meta property=\"og:site_name\" content=\"4tuneagencia.digital\" \/>\n<meta property=\"article:published_time\" content=\"2023-10-13T16:49:13+00:00\" \/>\n<meta name=\"author\" content=\"4tune\" \/>\n<meta name=\"twitter:card\" content=\"summary_large_image\" \/>\n<meta name=\"twitter:label1\" content=\"Escrito por\" \/>\n\t<meta name=\"twitter:data1\" content=\"4tune\" \/>\n\t<meta name=\"twitter:label2\" content=\"Est. tempo de leitura\" \/>\n\t<meta name=\"twitter:data2\" content=\"25 minutos\" \/>\n<script type=\"application\/ld+json\" class=\"yoast-schema-graph\">{\"@context\":\"https:\/\/schema.org\",\"@graph\":[{\"@type\":\"Article\",\"@id\":\"https:\/\/4tuneagencia.digital\/blog\/cessao-e-requisicao-instituto-federal-do-rio-grande-do-sul-instituto-federal-do-rio-grande-do-sul\/#article\",\"isPartOf\":{\"@id\":\"https:\/\/4tuneagencia.digital\/blog\/cessao-e-requisicao-instituto-federal-do-rio-grande-do-sul-instituto-federal-do-rio-grande-do-sul\/\"},\"author\":{\"name\":\"4tune\",\"@id\":\"https:\/\/4tuneagencia.digital\/blog\/#\/schema\/person\/7c40d2e8b9964c2390122613459c2100\"},\"headline\":\"Cess\u00e3o e Requisi\u00e7\u00e3o &#8211; Instituto Federal do Rio Grande do Sul &#8211; Instituto Federal do Rio Grande do Sul\",\"datePublished\":\"2023-10-13T16:49:13+00:00\",\"dateModified\":\"2023-10-13T16:49:13+00:00\",\"mainEntityOfPage\":{\"@id\":\"https:\/\/4tuneagencia.digital\/blog\/cessao-e-requisicao-instituto-federal-do-rio-grande-do-sul-instituto-federal-do-rio-grande-do-sul\/\"},\"wordCount\":4953,\"commentCount\":0,\"publisher\":{\"@id\":\"https:\/\/4tuneagencia.digital\/blog\/#organization\"},\"image\":{\"@id\":\"https:\/\/4tuneagencia.digital\/blog\/cessao-e-requisicao-instituto-federal-do-rio-grande-do-sul-instituto-federal-do-rio-grande-do-sul\/#primaryimage\"},\"thumbnailUrl\":\"https:\/\/4tuneagencia.digital\/blog\/wp-content\/uploads\/2023\/10\/wp-header-logo-445.png\",\"keywords\":[\"Tutorial\"],\"articleSection\":[\"Tutoriais\"],\"inLanguage\":\"pt-BR\",\"potentialAction\":[{\"@type\":\"CommentAction\",\"name\":\"Comment\",\"target\":[\"https:\/\/4tuneagencia.digital\/blog\/cessao-e-requisicao-instituto-federal-do-rio-grande-do-sul-instituto-federal-do-rio-grande-do-sul\/#respond\"]}]},{\"@type\":\"WebPage\",\"@id\":\"https:\/\/4tuneagencia.digital\/blog\/cessao-e-requisicao-instituto-federal-do-rio-grande-do-sul-instituto-federal-do-rio-grande-do-sul\/\",\"url\":\"https:\/\/4tuneagencia.digital\/blog\/cessao-e-requisicao-instituto-federal-do-rio-grande-do-sul-instituto-federal-do-rio-grande-do-sul\/\",\"name\":\"Cess\u00e3o e Requisi\u00e7\u00e3o - Instituto Federal do Rio Grande do Sul - Instituto Federal do Rio Grande do Sul - 4tuneagencia.digital\",\"isPartOf\":{\"@id\":\"https:\/\/4tuneagencia.digital\/blog\/#website\"},\"primaryImageOfPage\":{\"@id\":\"https:\/\/4tuneagencia.digital\/blog\/cessao-e-requisicao-instituto-federal-do-rio-grande-do-sul-instituto-federal-do-rio-grande-do-sul\/#primaryimage\"},\"image\":{\"@id\":\"https:\/\/4tuneagencia.digital\/blog\/cessao-e-requisicao-instituto-federal-do-rio-grande-do-sul-instituto-federal-do-rio-grande-do-sul\/#primaryimage\"},\"thumbnailUrl\":\"https:\/\/4tuneagencia.digital\/blog\/wp-content\/uploads\/2023\/10\/wp-header-logo-445.png\",\"datePublished\":\"2023-10-13T16:49:13+00:00\",\"dateModified\":\"2023-10-13T16:49:13+00:00\",\"breadcrumb\":{\"@id\":\"https:\/\/4tuneagencia.digital\/blog\/cessao-e-requisicao-instituto-federal-do-rio-grande-do-sul-instituto-federal-do-rio-grande-do-sul\/#breadcrumb\"},\"inLanguage\":\"pt-BR\",\"potentialAction\":[{\"@type\":\"ReadAction\",\"target\":[\"https:\/\/4tuneagencia.digital\/blog\/cessao-e-requisicao-instituto-federal-do-rio-grande-do-sul-instituto-federal-do-rio-grande-do-sul\/\"]}]},{\"@type\":\"ImageObject\",\"inLanguage\":\"pt-BR\",\"@id\":\"https:\/\/4tuneagencia.digital\/blog\/cessao-e-requisicao-instituto-federal-do-rio-grande-do-sul-instituto-federal-do-rio-grande-do-sul\/#primaryimage\",\"url\":\"https:\/\/4tuneagencia.digital\/blog\/wp-content\/uploads\/2023\/10\/wp-header-logo-445.png\",\"contentUrl\":\"https:\/\/4tuneagencia.digital\/blog\/wp-content\/uploads\/2023\/10\/wp-header-logo-445.png\",\"width\":768,\"height\":1080},{\"@type\":\"BreadcrumbList\",\"@id\":\"https:\/\/4tuneagencia.digital\/blog\/cessao-e-requisicao-instituto-federal-do-rio-grande-do-sul-instituto-federal-do-rio-grande-do-sul\/#breadcrumb\",\"itemListElement\":[{\"@type\":\"ListItem\",\"position\":1,\"name\":\"In\u00edcio\",\"item\":\"https:\/\/4tuneagencia.digital\/blog\/\"},{\"@type\":\"ListItem\",\"position\":2,\"name\":\"Cess\u00e3o e Requisi\u00e7\u00e3o &#8211; Instituto Federal do Rio Grande do Sul &#8211; Instituto Federal do Rio Grande do Sul\"}]},{\"@type\":\"WebSite\",\"@id\":\"https:\/\/4tuneagencia.digital\/blog\/#website\",\"url\":\"https:\/\/4tuneagencia.digital\/blog\/\",\"name\":\"4tuneagencia.digital\",\"description\":\"Marketing e Web Designer \",\"publisher\":{\"@id\":\"https:\/\/4tuneagencia.digital\/blog\/#organization\"},\"potentialAction\":[{\"@type\":\"SearchAction\",\"target\":{\"@type\":\"EntryPoint\",\"urlTemplate\":\"https:\/\/4tuneagencia.digital\/blog\/?s={search_term_string}\"},\"query-input\":\"required name=search_term_string\"}],\"inLanguage\":\"pt-BR\"},{\"@type\":\"Organization\",\"@id\":\"https:\/\/4tuneagencia.digital\/blog\/#organization\",\"name\":\"4tuneagencia.digital\",\"url\":\"https:\/\/4tuneagencia.digital\/blog\/\",\"logo\":{\"@type\":\"ImageObject\",\"inLanguage\":\"pt-BR\",\"@id\":\"https:\/\/4tuneagencia.digital\/blog\/#\/schema\/logo\/image\/\",\"url\":\"https:\/\/4tuneagencia.digital\/blog\/wp-content\/uploads\/2023\/09\/novo-logo-e1694954525541.png\",\"contentUrl\":\"https:\/\/4tuneagencia.digital\/blog\/wp-content\/uploads\/2023\/09\/novo-logo-e1694954525541.png\",\"width\":250,\"height\":250,\"caption\":\"4tuneagencia.digital\"},\"image\":{\"@id\":\"https:\/\/4tuneagencia.digital\/blog\/#\/schema\/logo\/image\/\"}},{\"@type\":\"Person\",\"@id\":\"https:\/\/4tuneagencia.digital\/blog\/#\/schema\/person\/7c40d2e8b9964c2390122613459c2100\",\"name\":\"4tune\",\"image\":{\"@type\":\"ImageObject\",\"inLanguage\":\"pt-BR\",\"@id\":\"https:\/\/4tuneagencia.digital\/blog\/#\/schema\/person\/image\/\",\"url\":\"https:\/\/secure.gravatar.com\/avatar\/e81e8ea0176022ee4555117aee5e3092bff2a7aaa930134f8023c7d4bc2f1495?s=96&d=mm&r=g\",\"contentUrl\":\"https:\/\/secure.gravatar.com\/avatar\/e81e8ea0176022ee4555117aee5e3092bff2a7aaa930134f8023c7d4bc2f1495?s=96&d=mm&r=g\",\"caption\":\"4tune\"},\"sameAs\":[\"http:\/\/4tuneagencia.digital\"],\"url\":\"https:\/\/4tuneagencia.digital\/blog\/author\/admin\/\"}]}<\/script>\n<!-- \/ Yoast SEO Premium plugin. -->","yoast_head_json":{"title":"Cess\u00e3o e Requisi\u00e7\u00e3o - Instituto Federal do Rio Grande do Sul - Instituto Federal do Rio Grande do Sul - 4tuneagencia.digital","robots":{"index":"index","follow":"follow","max-snippet":"max-snippet:-1","max-image-preview":"max-image-preview:large","max-video-preview":"max-video-preview:-1"},"canonical":"https:\/\/4tuneagencia.digital\/blog\/cessao-e-requisicao-instituto-federal-do-rio-grande-do-sul-instituto-federal-do-rio-grande-do-sul\/","og_locale":"pt_BR","og_type":"article","og_title":"Cess\u00e3o e Requisi\u00e7\u00e3o - Instituto Federal do Rio Grande do Sul - Instituto Federal do Rio Grande do Sul","og_description":"CONCEITOSCess&atilde;o: ato autorizativo pelo qual o agente p&uacute;blico passa a ter exerc&iacute;cio fora de sua unidade de lota&ccedil;&atilde;o, sem suspens&atilde;o ou interrup&ccedil;&atilde;o do v&iacute;nculo funcional com a origem, para ocupar cargo em comiss&atilde;o ou fun&ccedil;&atilde;o de confian&ccedil;a em outro &oacute;rg&atilde;o ou entidade dos Poderes da Uni&atilde;o, Estados, Distrito Federal ou Munic&iacute;pios,&nbsp; inclu&iacute;das as empresas p&uacute;blicas...","og_url":"https:\/\/4tuneagencia.digital\/blog\/cessao-e-requisicao-instituto-federal-do-rio-grande-do-sul-instituto-federal-do-rio-grande-do-sul\/","og_site_name":"4tuneagencia.digital","article_published_time":"2023-10-13T16:49:13+00:00","author":"4tune","twitter_card":"summary_large_image","twitter_misc":{"Escrito por":"4tune","Est. tempo de leitura":"25 minutos"},"schema":{"@context":"https:\/\/schema.org","@graph":[{"@type":"Article","@id":"https:\/\/4tuneagencia.digital\/blog\/cessao-e-requisicao-instituto-federal-do-rio-grande-do-sul-instituto-federal-do-rio-grande-do-sul\/#article","isPartOf":{"@id":"https:\/\/4tuneagencia.digital\/blog\/cessao-e-requisicao-instituto-federal-do-rio-grande-do-sul-instituto-federal-do-rio-grande-do-sul\/"},"author":{"name":"4tune","@id":"https:\/\/4tuneagencia.digital\/blog\/#\/schema\/person\/7c40d2e8b9964c2390122613459c2100"},"headline":"Cess\u00e3o e Requisi\u00e7\u00e3o &#8211; Instituto Federal do Rio Grande do Sul &#8211; Instituto Federal do Rio Grande do Sul","datePublished":"2023-10-13T16:49:13+00:00","dateModified":"2023-10-13T16:49:13+00:00","mainEntityOfPage":{"@id":"https:\/\/4tuneagencia.digital\/blog\/cessao-e-requisicao-instituto-federal-do-rio-grande-do-sul-instituto-federal-do-rio-grande-do-sul\/"},"wordCount":4953,"commentCount":0,"publisher":{"@id":"https:\/\/4tuneagencia.digital\/blog\/#organization"},"image":{"@id":"https:\/\/4tuneagencia.digital\/blog\/cessao-e-requisicao-instituto-federal-do-rio-grande-do-sul-instituto-federal-do-rio-grande-do-sul\/#primaryimage"},"thumbnailUrl":"https:\/\/4tuneagencia.digital\/blog\/wp-content\/uploads\/2023\/10\/wp-header-logo-445.png","keywords":["Tutorial"],"articleSection":["Tutoriais"],"inLanguage":"pt-BR","potentialAction":[{"@type":"CommentAction","name":"Comment","target":["https:\/\/4tuneagencia.digital\/blog\/cessao-e-requisicao-instituto-federal-do-rio-grande-do-sul-instituto-federal-do-rio-grande-do-sul\/#respond"]}]},{"@type":"WebPage","@id":"https:\/\/4tuneagencia.digital\/blog\/cessao-e-requisicao-instituto-federal-do-rio-grande-do-sul-instituto-federal-do-rio-grande-do-sul\/","url":"https:\/\/4tuneagencia.digital\/blog\/cessao-e-requisicao-instituto-federal-do-rio-grande-do-sul-instituto-federal-do-rio-grande-do-sul\/","name":"Cess\u00e3o e Requisi\u00e7\u00e3o - Instituto Federal do Rio Grande do Sul - Instituto Federal do Rio Grande do Sul - 4tuneagencia.digital","isPartOf":{"@id":"https:\/\/4tuneagencia.digital\/blog\/#website"},"primaryImageOfPage":{"@id":"https:\/\/4tuneagencia.digital\/blog\/cessao-e-requisicao-instituto-federal-do-rio-grande-do-sul-instituto-federal-do-rio-grande-do-sul\/#primaryimage"},"image":{"@id":"https:\/\/4tuneagencia.digital\/blog\/cessao-e-requisicao-instituto-federal-do-rio-grande-do-sul-instituto-federal-do-rio-grande-do-sul\/#primaryimage"},"thumbnailUrl":"https:\/\/4tuneagencia.digital\/blog\/wp-content\/uploads\/2023\/10\/wp-header-logo-445.png","datePublished":"2023-10-13T16:49:13+00:00","dateModified":"2023-10-13T16:49:13+00:00","breadcrumb":{"@id":"https:\/\/4tuneagencia.digital\/blog\/cessao-e-requisicao-instituto-federal-do-rio-grande-do-sul-instituto-federal-do-rio-grande-do-sul\/#breadcrumb"},"inLanguage":"pt-BR","potentialAction":[{"@type":"ReadAction","target":["https:\/\/4tuneagencia.digital\/blog\/cessao-e-requisicao-instituto-federal-do-rio-grande-do-sul-instituto-federal-do-rio-grande-do-sul\/"]}]},{"@type":"ImageObject","inLanguage":"pt-BR","@id":"https:\/\/4tuneagencia.digital\/blog\/cessao-e-requisicao-instituto-federal-do-rio-grande-do-sul-instituto-federal-do-rio-grande-do-sul\/#primaryimage","url":"https:\/\/4tuneagencia.digital\/blog\/wp-content\/uploads\/2023\/10\/wp-header-logo-445.png","contentUrl":"https:\/\/4tuneagencia.digital\/blog\/wp-content\/uploads\/2023\/10\/wp-header-logo-445.png","width":768,"height":1080},{"@type":"BreadcrumbList","@id":"https:\/\/4tuneagencia.digital\/blog\/cessao-e-requisicao-instituto-federal-do-rio-grande-do-sul-instituto-federal-do-rio-grande-do-sul\/#breadcrumb","itemListElement":[{"@type":"ListItem","position":1,"name":"In\u00edcio","item":"https:\/\/4tuneagencia.digital\/blog\/"},{"@type":"ListItem","position":2,"name":"Cess\u00e3o e Requisi\u00e7\u00e3o &#8211; Instituto Federal do Rio Grande do Sul &#8211; Instituto Federal do Rio Grande do Sul"}]},{"@type":"WebSite","@id":"https:\/\/4tuneagencia.digital\/blog\/#website","url":"https:\/\/4tuneagencia.digital\/blog\/","name":"4tuneagencia.digital","description":"Marketing e Web Designer ","publisher":{"@id":"https:\/\/4tuneagencia.digital\/blog\/#organization"},"potentialAction":[{"@type":"SearchAction","target":{"@type":"EntryPoint","urlTemplate":"https:\/\/4tuneagencia.digital\/blog\/?s={search_term_string}"},"query-input":"required name=search_term_string"}],"inLanguage":"pt-BR"},{"@type":"Organization","@id":"https:\/\/4tuneagencia.digital\/blog\/#organization","name":"4tuneagencia.digital","url":"https:\/\/4tuneagencia.digital\/blog\/","logo":{"@type":"ImageObject","inLanguage":"pt-BR","@id":"https:\/\/4tuneagencia.digital\/blog\/#\/schema\/logo\/image\/","url":"https:\/\/4tuneagencia.digital\/blog\/wp-content\/uploads\/2023\/09\/novo-logo-e1694954525541.png","contentUrl":"https:\/\/4tuneagencia.digital\/blog\/wp-content\/uploads\/2023\/09\/novo-logo-e1694954525541.png","width":250,"height":250,"caption":"4tuneagencia.digital"},"image":{"@id":"https:\/\/4tuneagencia.digital\/blog\/#\/schema\/logo\/image\/"}},{"@type":"Person","@id":"https:\/\/4tuneagencia.digital\/blog\/#\/schema\/person\/7c40d2e8b9964c2390122613459c2100","name":"4tune","image":{"@type":"ImageObject","inLanguage":"pt-BR","@id":"https:\/\/4tuneagencia.digital\/blog\/#\/schema\/person\/image\/","url":"https:\/\/secure.gravatar.com\/avatar\/e81e8ea0176022ee4555117aee5e3092bff2a7aaa930134f8023c7d4bc2f1495?s=96&d=mm&r=g","contentUrl":"https:\/\/secure.gravatar.com\/avatar\/e81e8ea0176022ee4555117aee5e3092bff2a7aaa930134f8023c7d4bc2f1495?s=96&d=mm&r=g","caption":"4tune"},"sameAs":["http:\/\/4tuneagencia.digital"],"url":"https:\/\/4tuneagencia.digital\/blog\/author\/admin\/"}]}},"jetpack_featured_media_url":"https:\/\/4tuneagencia.digital\/blog\/wp-content\/uploads\/2023\/10\/wp-header-logo-445.png","_links":{"self":[{"href":"https:\/\/4tuneagencia.digital\/blog\/wp-json\/wp\/v2\/posts\/6326","targetHints":{"allow":["GET"]}}],"collection":[{"href":"https:\/\/4tuneagencia.digital\/blog\/wp-json\/wp\/v2\/posts"}],"about":[{"href":"https:\/\/4tuneagencia.digital\/blog\/wp-json\/wp\/v2\/types\/post"}],"author":[{"embeddable":true,"href":"https:\/\/4tuneagencia.digital\/blog\/wp-json\/wp\/v2\/users\/1"}],"replies":[{"embeddable":true,"href":"https:\/\/4tuneagencia.digital\/blog\/wp-json\/wp\/v2\/comments?post=6326"}],"version-history":[{"count":0,"href":"https:\/\/4tuneagencia.digital\/blog\/wp-json\/wp\/v2\/posts\/6326\/revisions"}],"wp:featuredmedia":[{"embeddable":true,"href":"https:\/\/4tuneagencia.digital\/blog\/wp-json\/wp\/v2\/media\/6327"}],"wp:attachment":[{"href":"https:\/\/4tuneagencia.digital\/blog\/wp-json\/wp\/v2\/media?parent=6326"}],"wp:term":[{"taxonomy":"category","embeddable":true,"href":"https:\/\/4tuneagencia.digital\/blog\/wp-json\/wp\/v2\/categories?post=6326"},{"taxonomy":"post_tag","embeddable":true,"href":"https:\/\/4tuneagencia.digital\/blog\/wp-json\/wp\/v2\/tags?post=6326"}],"curies":[{"name":"wp","href":"https:\/\/api.w.org\/{rel}","templated":true}]}}