{"id":6354,"date":"2023-10-14T01:47:47","date_gmt":"2023-10-14T04:47:47","guid":{"rendered":"https:\/\/4tuneagencia.digital\/blog\/inteligencia-artificial-afetara-a-ordem-mundial-abc-academia-brasileira-de-ciencias\/"},"modified":"2023-10-14T01:47:47","modified_gmt":"2023-10-14T04:47:47","slug":"inteligencia-artificial-afetara-a-ordem-mundial-abc-academia-brasileira-de-ciencias","status":"publish","type":"post","link":"https:\/\/4tuneagencia.digital\/blog\/inteligencia-artificial-afetara-a-ordem-mundial-abc-academia-brasileira-de-ciencias\/","title":{"rendered":"Intelig\u00eancia Artificial afetar\u00e1 a ordem mundial \u2013 ABC &#8211; Academia Brasileira de Ci\u00eancias"},"content":{"rendered":"<p><em>Confira o novo artigo da parceria entre o diretor da ABC <a href=\"https:\/\/www.abc.org.br\/membro\/virgilio-augusto-fernandes-almeida\/\">Virgilio Almeida<\/a> e o professor da FGV Francisco Gaetani, publicado hoje (14) no Valor Econ\u00f4mico:<\/em><br \/>A geopol\u00edtica global \u00e9 uma configura\u00e7\u00e3o din\u00e2mica, em permanente muta\u00e7\u00e3o. Quando se apresenta mais est\u00e1vel nos referimos a ela como a ordem mundial. Quando as rela\u00e7\u00f5es de poder encontram-se em xeque ou em r\u00e1pida mudan\u00e7a, falamos de desordem. Quando novas ondas de transforma\u00e7\u00e3o indeterminadas irrompem na cena internacional falamos de incertezas. A explos\u00e3o de uma torrente de inova\u00e7\u00f5es derivadas dos avan\u00e7os das tecnologias emergentes, em especial a intelig\u00eancia artificial (IA), est\u00e1 deflagrando profundas redefini\u00e7\u00f5es nas rela\u00e7\u00f5es entre os pa\u00edses e organiza\u00e7\u00f5es multilaterais, j\u00e1 em estado de turbul\u00eancia devido aos eventos da \u00faltima d\u00e9cada, como covid, guerra na Ucr\u00e2nia, desglobaliza\u00e7\u00e3o.<br \/>A Uni\u00e3o Europeia, os governos dos Estados Unidos e da China identificaram a intelig\u00eancia artificial como uma \u00e1rea estrat\u00e9gica de competi\u00e7\u00e3o geopol\u00edtica e econ\u00f4mica. A IA tem o potencial de aumentar a produtividade individual, empresarial, nacional e acelerar o progresso econ\u00f4mico. Governos se preparam para n\u00e3o perder as oportunidades dessa revolu\u00e7\u00e3o tecnol\u00f3gica, que podem significar expans\u00e3o de suas economias, atrav\u00e9s de transforma\u00e7\u00f5es em \u00e1reas chaves como educa\u00e7\u00e3o, sa\u00fade, ind\u00fastria, agricultura e meio ambiente. IA tornou-se um elemento de poder geopol\u00edtico e militar, devido aos poss\u00edveis ganhos que o dom\u00ednio dessa tecnologia pode trazer com seu duplo uso, civil e militar.<br \/>Essa \u00e9 uma realidade que o Brasil n\u00e3o tem como desconhecer. As oportunidades, os riscos e as consequ\u00eancias das escolhas (ou omiss\u00f5es) ser\u00e3o duradouras. Tr\u00eas perguntas s\u00e3o importantes para entender essa nova realidade tecnol\u00f3gica. Primeiro, por que a geopol\u00edtica intelig\u00eancia artificial \u00e9 um assunto estrat\u00e9gico? Por que o Brasil \u00e9 parte desse jogo? Em que medida n\u00e3o estamos diante de um caminho potencialmente acelerador do desenvolvimento do pa\u00eds?<br \/>(&#8230;)<br \/><strong><a href=\"https:\/\/valor.globo.com\/opiniao\/coluna\/ia-afetara-a-ordem-mundial.ghtml\">Leia o artigo completo no Valor Econ\u00f4mico.<\/a><\/strong><br \/>         <a class=\"backtotop\" href=\"#\" style=\"font-size: 17px; color:#002e60\">           <i class=\"fas fa-caret-up\">           <\/i> Voltar ao topo        <\/a>       <br \/><a href=https:\/\/www.abc.org.br\/a-instituicao\/sobreaabc\/>Sobre a ABC<\/a><br \/><a href=https:\/\/www.abc.org.br\/a-instituicao\/missao\/>Miss\u00e3o<\/a><br \/><a href=https:\/\/www.abc.org.br\/a-instituicao\/estatuto\/>Estatuto<\/a><br \/><a href=https:\/\/www.abc.org.br\/publicacoes\/institucional\/etica\/>\u00c9tica<\/a><br \/><a href=https:\/\/www.abc.org.br\/a-instituicao\/eleicoes\/>Elei\u00e7\u00f5es<\/a><br \/><a href=https:\/\/www.abc.org.br\/a-instituicao\/estrutura\/>Estrutura<\/a><br \/><a href=https:\/\/www.abc.org.br\/a-instituicao\/premios\/>Pr\u00eamios<\/a><br \/><a href=https:\/\/www.abc.org.br\/a-instituicao\/logotipo\/>Logotipos<\/a><br \/><a href=https:\/\/www.abc.org.br\/a-instituicao\/redes-sociais\/>Redes Sociais<\/a><br \/><a href=https:\/\/www.abc.org.br\/membros\/apresentacao\/>Membresia<\/a><br \/><a href=https:\/\/www.abc.org.br\/tipo_membro\/titular\/>Titulares<\/a><br \/><a href=https:\/\/www.abc.org.br\/tipo_membro\/correspondente\/>Correspondentes<\/a><br \/><a href=https:\/\/www.abc.org.br\/tipo_membro\/colaborador\/>Colaboradores<\/a><br \/><a href=https:\/\/www.abc.org.br\/tipo_membro\/afiliado\/>Afiliados<\/a><br \/><a href=https:\/\/www.abc.org.br\/membros\/institucionais\/>Institucionais<\/a><br \/><a href=https:\/\/www.abc.org.br\/tipo_membro\/associado\/>Associados<\/a><br \/><a href=https:\/\/www.abc.org.br\/membros\/?busca_membro_nome=&#038;busca_membro_genero=&#038;busca_membro_datanascimento_mes=&#038;busca_membro_datanascimento_ano=&#038;busca_membro_areapesquisa=&#038;busca_membro_membrodesde_mes=&#038;busca_membro_membrodesde_ano=&#038;busca_membro_nacionalidade=&#038;busca_membro_regiao=&#038;busca_membro_categoria=titular&#038;busca_membro_falecido=on>Falecidos<\/a><br \/><a href=https:\/\/www.abc.org.br\/nacional\/cooperacoes\/>Coopera\u00e7\u00f5es<\/a><br \/><a href=https:\/\/www.abc.org.br\/nacional\/divulgacao-cientifica\/>Divulga\u00e7\u00e3o Cient\u00edfica<\/a><br \/><a href=https:\/\/www.abc.org.br\/nacional\/grupos-de-trabalho\/>Grupos de Trabalho<\/a><br \/><a href=https:\/\/www.abc.org.br\/nacional\/programas-cientificos-nacionais\/>Programas<\/a><br \/><a href=https:\/\/www.abc.org.br\/nacional\/simposios-e-diplomacoes-de-membros-afiliados-da-abc\/>Simp\u00f3sios de Afiliados<\/a><br \/><a href=https:\/\/www.abc.org.br\/internacional\/abc-em-organismos-internacionais\/>ABC em Organismos Internacionais<\/a><br \/><a href=https:\/\/www.abc.org.br\/internacional\/parcerias-internacionais\/>Parcerias Internacionais<\/a><br \/><a href=https:\/\/www.abc.org.br\/boletins\/>Boletins NABC<\/a><br \/><a href=https:\/\/www.abc.org.br\/inscricao-nabc\/>Cadastre-se<\/a><br \/><a href=http:\/\/www.abc.org.br\/noticias>Todas as Not\u00edcias<\/a><br \/><a href=https:\/\/www.abc.org.br\/publicacoes\/anais-abc\/>Anais da ABC<\/a><br \/><a href=https:\/\/www.abc.org.br\/publicacoes\/centenario\/>Centen\u00e1rio<\/a><br \/><a href=https:\/\/www.abc.org.br\/publicacoes\/estudos-estrategicos\/>Estudos Estrat\u00e9gicos<\/a><br \/><a href=https:\/\/www.abc.org.br\/publicacoes\/documentos\/>Documentos<\/a><br \/><a href=https:\/\/www.abc.org.br\/publicacoes\/institucional\/>Institucional<\/a><br \/><a href=https:\/\/www.abc.org.br\/publicacoes\/institucional\/relatorio-atividades\/>Relat\u00f3rios de Atividades<\/a><br \/>Rua Anfil\u00f3fio de Carvalho, 29 &#8211; 3\u00ba andar &#8211; Centro             <br \/>Rio de Janeiro &#8211; RJ, Brasil    CEP: 20030-060             <br \/>Tel.: +55 21 3907-8100             <br \/>               <a class=\"facebook\" target=\"_blank\" href=\"https:\/\/www.facebook.com\/abciencias\" rel=\"noopener\">                 <i class=\"fab fa-facebook-f\">                 <\/i>               <\/a>               <a class=\"twitter\" target=\"_blank\" href=\"https:\/\/twitter.com\/abciencias\" rel=\"noopener\">                 <i class=\"fab fa-twitter\">                 <\/i>               <\/a>               <a class=\"youtube\" target=\"_blank\" href=\"https:\/\/www.youtube.com\/user\/academiabrasciencias\" rel=\"noopener\">                 <i class=\"fab fa-youtube\">                 <\/i>               <\/a>               <a class=\"instagram\" target=\"_blank\" href=\"https:\/\/www.instagram.com\/abciencias\/\" rel=\"noopener\">                 <i class=\"fab fa-instagram\">                 <\/i>               <\/a>               <a class=\"linkedin\" target=\"_blank\" href=\"https:\/\/www.linkedin.com\/company\/academia-brasileira-de-ci-ncias\/\" rel=\"noopener\">                 <i class=\"fab fa-linkedin\">                 <\/i>               <\/a>             <\/p>\n<p><a href=\"https:\/\/news.google.com\/rss\/articles\/CBMiUmh0dHBzOi8vd3d3LmFiYy5vcmcuYnIvMjAyMy8wOS8xNC9pbnRlbGlnZW5jaWEtYXJ0aWZpY2lhbC1hZmV0YXJhLWEtb3JkZW0tbXVuZGlhbC_SAQA?oc=5\">source<\/a><\/p>\n","protected":false},"excerpt":{"rendered":"<p>Confira o novo artigo da parceria entre o diretor da ABC Virgilio Almeida e o professor da FGV Francisco Gaetani, publicado hoje (14) no Valor Econ\u00f4mico:A geopol\u00edtica global \u00e9 uma configura\u00e7\u00e3o din\u00e2mica, em permanente muta\u00e7\u00e3o. Quando se apresenta mais est\u00e1vel nos referimos a ela como a ordem mundial. Quando as rela\u00e7\u00f5es de poder encontram-se em&#8230;<\/p>\n","protected":false},"author":1,"featured_media":0,"comment_status":"open","ping_status":"open","sticky":false,"template":"","format":"standard","meta":{"footnotes":""},"categories":[33],"tags":[35],"class_list":["post-6354","post","type-post","status-publish","format-standard","hentry","category-noticias","tag-digital"],"yoast_head":"<!-- This site is optimized with the Yoast SEO Premium plugin v21.1 (Yoast SEO v22.7) - https:\/\/yoast.com\/wordpress\/plugins\/seo\/ -->\n<title>Intelig\u00eancia Artificial afetar\u00e1 a ordem mundial \u2013 ABC - Academia Brasileira de Ci\u00eancias - 4tuneagencia.digital<\/title>\n<meta name=\"robots\" content=\"index, follow, max-snippet:-1, max-image-preview:large, max-video-preview:-1\" \/>\n<link rel=\"canonical\" href=\"https:\/\/4tuneagencia.digital\/blog\/inteligencia-artificial-afetara-a-ordem-mundial-abc-academia-brasileira-de-ciencias\/\" \/>\n<meta property=\"og:locale\" content=\"pt_BR\" \/>\n<meta property=\"og:type\" content=\"article\" \/>\n<meta property=\"og:title\" content=\"Intelig\u00eancia Artificial afetar\u00e1 a ordem mundial \u2013 ABC - Academia Brasileira de Ci\u00eancias\" \/>\n<meta property=\"og:description\" content=\"Confira o novo artigo da parceria entre o diretor da ABC Virgilio Almeida e o professor da FGV Francisco Gaetani, publicado hoje (14) no Valor Econ\u00f4mico:A geopol\u00edtica global \u00e9 uma configura\u00e7\u00e3o din\u00e2mica, em permanente muta\u00e7\u00e3o. Quando se apresenta mais est\u00e1vel nos referimos a ela como a ordem mundial. Quando as rela\u00e7\u00f5es de poder encontram-se em...\" \/>\n<meta property=\"og:url\" content=\"https:\/\/4tuneagencia.digital\/blog\/inteligencia-artificial-afetara-a-ordem-mundial-abc-academia-brasileira-de-ciencias\/\" \/>\n<meta property=\"og:site_name\" content=\"4tuneagencia.digital\" \/>\n<meta property=\"article:published_time\" content=\"2023-10-14T04:47:47+00:00\" \/>\n<meta name=\"author\" content=\"4tune\" \/>\n<meta name=\"twitter:card\" content=\"summary_large_image\" \/>\n<meta name=\"twitter:label1\" content=\"Escrito por\" \/>\n\t<meta name=\"twitter:data1\" content=\"4tune\" \/>\n\t<meta name=\"twitter:label2\" content=\"Est. tempo de leitura\" \/>\n\t<meta name=\"twitter:data2\" content=\"2 minutos\" \/>\n<script type=\"application\/ld+json\" class=\"yoast-schema-graph\">{\"@context\":\"https:\/\/schema.org\",\"@graph\":[{\"@type\":\"Article\",\"@id\":\"https:\/\/4tuneagencia.digital\/blog\/inteligencia-artificial-afetara-a-ordem-mundial-abc-academia-brasileira-de-ciencias\/#article\",\"isPartOf\":{\"@id\":\"https:\/\/4tuneagencia.digital\/blog\/inteligencia-artificial-afetara-a-ordem-mundial-abc-academia-brasileira-de-ciencias\/\"},\"author\":{\"name\":\"4tune\",\"@id\":\"https:\/\/4tuneagencia.digital\/blog\/#\/schema\/person\/7c40d2e8b9964c2390122613459c2100\"},\"headline\":\"Intelig\u00eancia Artificial afetar\u00e1 a ordem mundial \u2013 ABC &#8211; Academia Brasileira de Ci\u00eancias\",\"datePublished\":\"2023-10-14T04:47:47+00:00\",\"dateModified\":\"2023-10-14T04:47:47+00:00\",\"mainEntityOfPage\":{\"@id\":\"https:\/\/4tuneagencia.digital\/blog\/inteligencia-artificial-afetara-a-ordem-mundial-abc-academia-brasileira-de-ciencias\/\"},\"wordCount\":450,\"commentCount\":0,\"publisher\":{\"@id\":\"https:\/\/4tuneagencia.digital\/blog\/#organization\"},\"keywords\":[\"Digital\"],\"articleSection\":[\"Noticias\"],\"inLanguage\":\"pt-BR\",\"potentialAction\":[{\"@type\":\"CommentAction\",\"name\":\"Comment\",\"target\":[\"https:\/\/4tuneagencia.digital\/blog\/inteligencia-artificial-afetara-a-ordem-mundial-abc-academia-brasileira-de-ciencias\/#respond\"]}]},{\"@type\":\"WebPage\",\"@id\":\"https:\/\/4tuneagencia.digital\/blog\/inteligencia-artificial-afetara-a-ordem-mundial-abc-academia-brasileira-de-ciencias\/\",\"url\":\"https:\/\/4tuneagencia.digital\/blog\/inteligencia-artificial-afetara-a-ordem-mundial-abc-academia-brasileira-de-ciencias\/\",\"name\":\"Intelig\u00eancia Artificial afetar\u00e1 a ordem mundial \u2013 ABC - Academia Brasileira de Ci\u00eancias - 4tuneagencia.digital\",\"isPartOf\":{\"@id\":\"https:\/\/4tuneagencia.digital\/blog\/#website\"},\"datePublished\":\"2023-10-14T04:47:47+00:00\",\"dateModified\":\"2023-10-14T04:47:47+00:00\",\"breadcrumb\":{\"@id\":\"https:\/\/4tuneagencia.digital\/blog\/inteligencia-artificial-afetara-a-ordem-mundial-abc-academia-brasileira-de-ciencias\/#breadcrumb\"},\"inLanguage\":\"pt-BR\",\"potentialAction\":[{\"@type\":\"ReadAction\",\"target\":[\"https:\/\/4tuneagencia.digital\/blog\/inteligencia-artificial-afetara-a-ordem-mundial-abc-academia-brasileira-de-ciencias\/\"]}]},{\"@type\":\"BreadcrumbList\",\"@id\":\"https:\/\/4tuneagencia.digital\/blog\/inteligencia-artificial-afetara-a-ordem-mundial-abc-academia-brasileira-de-ciencias\/#breadcrumb\",\"itemListElement\":[{\"@type\":\"ListItem\",\"position\":1,\"name\":\"In\u00edcio\",\"item\":\"https:\/\/4tuneagencia.digital\/blog\/\"},{\"@type\":\"ListItem\",\"position\":2,\"name\":\"Intelig\u00eancia Artificial afetar\u00e1 a ordem mundial \u2013 ABC &#8211; Academia Brasileira de Ci\u00eancias\"}]},{\"@type\":\"WebSite\",\"@id\":\"https:\/\/4tuneagencia.digital\/blog\/#website\",\"url\":\"https:\/\/4tuneagencia.digital\/blog\/\",\"name\":\"4tuneagencia.digital\",\"description\":\"Marketing e Web Designer \",\"publisher\":{\"@id\":\"https:\/\/4tuneagencia.digital\/blog\/#organization\"},\"potentialAction\":[{\"@type\":\"SearchAction\",\"target\":{\"@type\":\"EntryPoint\",\"urlTemplate\":\"https:\/\/4tuneagencia.digital\/blog\/?s={search_term_string}\"},\"query-input\":\"required name=search_term_string\"}],\"inLanguage\":\"pt-BR\"},{\"@type\":\"Organization\",\"@id\":\"https:\/\/4tuneagencia.digital\/blog\/#organization\",\"name\":\"4tuneagencia.digital\",\"url\":\"https:\/\/4tuneagencia.digital\/blog\/\",\"logo\":{\"@type\":\"ImageObject\",\"inLanguage\":\"pt-BR\",\"@id\":\"https:\/\/4tuneagencia.digital\/blog\/#\/schema\/logo\/image\/\",\"url\":\"https:\/\/4tuneagencia.digital\/blog\/wp-content\/uploads\/2023\/09\/novo-logo-e1694954525541.png\",\"contentUrl\":\"https:\/\/4tuneagencia.digital\/blog\/wp-content\/uploads\/2023\/09\/novo-logo-e1694954525541.png\",\"width\":250,\"height\":250,\"caption\":\"4tuneagencia.digital\"},\"image\":{\"@id\":\"https:\/\/4tuneagencia.digital\/blog\/#\/schema\/logo\/image\/\"}},{\"@type\":\"Person\",\"@id\":\"https:\/\/4tuneagencia.digital\/blog\/#\/schema\/person\/7c40d2e8b9964c2390122613459c2100\",\"name\":\"4tune\",\"image\":{\"@type\":\"ImageObject\",\"inLanguage\":\"pt-BR\",\"@id\":\"https:\/\/4tuneagencia.digital\/blog\/#\/schema\/person\/image\/\",\"url\":\"https:\/\/secure.gravatar.com\/avatar\/e81e8ea0176022ee4555117aee5e3092bff2a7aaa930134f8023c7d4bc2f1495?s=96&d=mm&r=g\",\"contentUrl\":\"https:\/\/secure.gravatar.com\/avatar\/e81e8ea0176022ee4555117aee5e3092bff2a7aaa930134f8023c7d4bc2f1495?s=96&d=mm&r=g\",\"caption\":\"4tune\"},\"sameAs\":[\"http:\/\/4tuneagencia.digital\"],\"url\":\"https:\/\/4tuneagencia.digital\/blog\/author\/admin\/\"}]}<\/script>\n<!-- \/ Yoast SEO Premium plugin. -->","yoast_head_json":{"title":"Intelig\u00eancia Artificial afetar\u00e1 a ordem mundial \u2013 ABC - Academia Brasileira de Ci\u00eancias - 4tuneagencia.digital","robots":{"index":"index","follow":"follow","max-snippet":"max-snippet:-1","max-image-preview":"max-image-preview:large","max-video-preview":"max-video-preview:-1"},"canonical":"https:\/\/4tuneagencia.digital\/blog\/inteligencia-artificial-afetara-a-ordem-mundial-abc-academia-brasileira-de-ciencias\/","og_locale":"pt_BR","og_type":"article","og_title":"Intelig\u00eancia Artificial afetar\u00e1 a ordem mundial \u2013 ABC - Academia Brasileira de Ci\u00eancias","og_description":"Confira o novo artigo da parceria entre o diretor da ABC Virgilio Almeida e o professor da FGV Francisco Gaetani, publicado hoje (14) no Valor Econ\u00f4mico:A geopol\u00edtica global \u00e9 uma configura\u00e7\u00e3o din\u00e2mica, em permanente muta\u00e7\u00e3o. Quando se apresenta mais est\u00e1vel nos referimos a ela como a ordem mundial. Quando as rela\u00e7\u00f5es de poder encontram-se em...","og_url":"https:\/\/4tuneagencia.digital\/blog\/inteligencia-artificial-afetara-a-ordem-mundial-abc-academia-brasileira-de-ciencias\/","og_site_name":"4tuneagencia.digital","article_published_time":"2023-10-14T04:47:47+00:00","author":"4tune","twitter_card":"summary_large_image","twitter_misc":{"Escrito por":"4tune","Est. tempo de leitura":"2 minutos"},"schema":{"@context":"https:\/\/schema.org","@graph":[{"@type":"Article","@id":"https:\/\/4tuneagencia.digital\/blog\/inteligencia-artificial-afetara-a-ordem-mundial-abc-academia-brasileira-de-ciencias\/#article","isPartOf":{"@id":"https:\/\/4tuneagencia.digital\/blog\/inteligencia-artificial-afetara-a-ordem-mundial-abc-academia-brasileira-de-ciencias\/"},"author":{"name":"4tune","@id":"https:\/\/4tuneagencia.digital\/blog\/#\/schema\/person\/7c40d2e8b9964c2390122613459c2100"},"headline":"Intelig\u00eancia Artificial afetar\u00e1 a ordem mundial \u2013 ABC &#8211; Academia Brasileira de Ci\u00eancias","datePublished":"2023-10-14T04:47:47+00:00","dateModified":"2023-10-14T04:47:47+00:00","mainEntityOfPage":{"@id":"https:\/\/4tuneagencia.digital\/blog\/inteligencia-artificial-afetara-a-ordem-mundial-abc-academia-brasileira-de-ciencias\/"},"wordCount":450,"commentCount":0,"publisher":{"@id":"https:\/\/4tuneagencia.digital\/blog\/#organization"},"keywords":["Digital"],"articleSection":["Noticias"],"inLanguage":"pt-BR","potentialAction":[{"@type":"CommentAction","name":"Comment","target":["https:\/\/4tuneagencia.digital\/blog\/inteligencia-artificial-afetara-a-ordem-mundial-abc-academia-brasileira-de-ciencias\/#respond"]}]},{"@type":"WebPage","@id":"https:\/\/4tuneagencia.digital\/blog\/inteligencia-artificial-afetara-a-ordem-mundial-abc-academia-brasileira-de-ciencias\/","url":"https:\/\/4tuneagencia.digital\/blog\/inteligencia-artificial-afetara-a-ordem-mundial-abc-academia-brasileira-de-ciencias\/","name":"Intelig\u00eancia Artificial afetar\u00e1 a ordem mundial \u2013 ABC - Academia Brasileira de Ci\u00eancias - 4tuneagencia.digital","isPartOf":{"@id":"https:\/\/4tuneagencia.digital\/blog\/#website"},"datePublished":"2023-10-14T04:47:47+00:00","dateModified":"2023-10-14T04:47:47+00:00","breadcrumb":{"@id":"https:\/\/4tuneagencia.digital\/blog\/inteligencia-artificial-afetara-a-ordem-mundial-abc-academia-brasileira-de-ciencias\/#breadcrumb"},"inLanguage":"pt-BR","potentialAction":[{"@type":"ReadAction","target":["https:\/\/4tuneagencia.digital\/blog\/inteligencia-artificial-afetara-a-ordem-mundial-abc-academia-brasileira-de-ciencias\/"]}]},{"@type":"BreadcrumbList","@id":"https:\/\/4tuneagencia.digital\/blog\/inteligencia-artificial-afetara-a-ordem-mundial-abc-academia-brasileira-de-ciencias\/#breadcrumb","itemListElement":[{"@type":"ListItem","position":1,"name":"In\u00edcio","item":"https:\/\/4tuneagencia.digital\/blog\/"},{"@type":"ListItem","position":2,"name":"Intelig\u00eancia Artificial afetar\u00e1 a ordem mundial \u2013 ABC &#8211; Academia Brasileira de Ci\u00eancias"}]},{"@type":"WebSite","@id":"https:\/\/4tuneagencia.digital\/blog\/#website","url":"https:\/\/4tuneagencia.digital\/blog\/","name":"4tuneagencia.digital","description":"Marketing e Web Designer ","publisher":{"@id":"https:\/\/4tuneagencia.digital\/blog\/#organization"},"potentialAction":[{"@type":"SearchAction","target":{"@type":"EntryPoint","urlTemplate":"https:\/\/4tuneagencia.digital\/blog\/?s={search_term_string}"},"query-input":"required name=search_term_string"}],"inLanguage":"pt-BR"},{"@type":"Organization","@id":"https:\/\/4tuneagencia.digital\/blog\/#organization","name":"4tuneagencia.digital","url":"https:\/\/4tuneagencia.digital\/blog\/","logo":{"@type":"ImageObject","inLanguage":"pt-BR","@id":"https:\/\/4tuneagencia.digital\/blog\/#\/schema\/logo\/image\/","url":"https:\/\/4tuneagencia.digital\/blog\/wp-content\/uploads\/2023\/09\/novo-logo-e1694954525541.png","contentUrl":"https:\/\/4tuneagencia.digital\/blog\/wp-content\/uploads\/2023\/09\/novo-logo-e1694954525541.png","width":250,"height":250,"caption":"4tuneagencia.digital"},"image":{"@id":"https:\/\/4tuneagencia.digital\/blog\/#\/schema\/logo\/image\/"}},{"@type":"Person","@id":"https:\/\/4tuneagencia.digital\/blog\/#\/schema\/person\/7c40d2e8b9964c2390122613459c2100","name":"4tune","image":{"@type":"ImageObject","inLanguage":"pt-BR","@id":"https:\/\/4tuneagencia.digital\/blog\/#\/schema\/person\/image\/","url":"https:\/\/secure.gravatar.com\/avatar\/e81e8ea0176022ee4555117aee5e3092bff2a7aaa930134f8023c7d4bc2f1495?s=96&d=mm&r=g","contentUrl":"https:\/\/secure.gravatar.com\/avatar\/e81e8ea0176022ee4555117aee5e3092bff2a7aaa930134f8023c7d4bc2f1495?s=96&d=mm&r=g","caption":"4tune"},"sameAs":["http:\/\/4tuneagencia.digital"],"url":"https:\/\/4tuneagencia.digital\/blog\/author\/admin\/"}]}},"jetpack_featured_media_url":"","_links":{"self":[{"href":"https:\/\/4tuneagencia.digital\/blog\/wp-json\/wp\/v2\/posts\/6354","targetHints":{"allow":["GET"]}}],"collection":[{"href":"https:\/\/4tuneagencia.digital\/blog\/wp-json\/wp\/v2\/posts"}],"about":[{"href":"https:\/\/4tuneagencia.digital\/blog\/wp-json\/wp\/v2\/types\/post"}],"author":[{"embeddable":true,"href":"https:\/\/4tuneagencia.digital\/blog\/wp-json\/wp\/v2\/users\/1"}],"replies":[{"embeddable":true,"href":"https:\/\/4tuneagencia.digital\/blog\/wp-json\/wp\/v2\/comments?post=6354"}],"version-history":[{"count":0,"href":"https:\/\/4tuneagencia.digital\/blog\/wp-json\/wp\/v2\/posts\/6354\/revisions"}],"wp:attachment":[{"href":"https:\/\/4tuneagencia.digital\/blog\/wp-json\/wp\/v2\/media?parent=6354"}],"wp:term":[{"taxonomy":"category","embeddable":true,"href":"https:\/\/4tuneagencia.digital\/blog\/wp-json\/wp\/v2\/categories?post=6354"},{"taxonomy":"post_tag","embeddable":true,"href":"https:\/\/4tuneagencia.digital\/blog\/wp-json\/wp\/v2\/tags?post=6354"}],"curies":[{"name":"wp","href":"https:\/\/api.w.org\/{rel}","templated":true}]}}