{"id":7699,"date":"2023-10-30T22:48:27","date_gmt":"2023-10-31T01:48:27","guid":{"rendered":"https:\/\/4tuneagencia.digital\/blog\/meta-restringe-anuncios-baseados-em-genero-para-adolescentes-consumidor-moderno\/"},"modified":"2023-10-30T22:48:27","modified_gmt":"2023-10-31T01:48:27","slug":"meta-restringe-anuncios-baseados-em-genero-para-adolescentes-consumidor-moderno","status":"publish","type":"post","link":"https:\/\/4tuneagencia.digital\/blog\/meta-restringe-anuncios-baseados-em-genero-para-adolescentes-consumidor-moderno\/","title":{"rendered":"Meta restringe an\u00fancios baseados em g\u00eanero para adolescentes &#8211; Consumidor Moderno"},"content":{"rendered":"<p>A partir de fevereiro, os an\u00fancios nas redes sociais da <strong>Meta<\/strong> n\u00e3o poder\u00e3o segmentar o p\u00fablico-alvo atrav\u00e9s de <strong>filtros de g\u00eanero<\/strong>. A medida \u00e9 uma tentativa da empresa de Facebook, Instagram e Whatsapp de reduzir o grau de personaliza\u00e7\u00e3o de an\u00fancios voltados para adolescentes, p\u00fablico considerado mais vulner\u00e1vel \u00e0 abordagem nas redes sociais.<br \/>Os anunciantes tamb\u00e9m n\u00e3o ter\u00e3o mais acesso \u00e0s atividades de um adolescente em aplicativos da <strong>Meta<\/strong>. Isso significa que as intera\u00e7\u00f5es nas redes sociais, como p\u00e1ginas e posts curtidos, n\u00e3o ir\u00e3o mais influenciar quais an\u00fancios aparecer\u00e3o para adolescentes.<br \/><span style=\"color: #0000ff;\">Leia Mais: <a style=\"color: #0000ff;\" href=\"https:\/\/www.consumidormoderno.com.br\/2022\/12\/23\/as-criancas-estao-ganhando-smartphones-muito-cedo\/\">As crian\u00e7as est\u00e3o ganhando smartphones muito cedo?<\/a><\/span><br \/>\u201cReconhecemos que os adolescentes n\u00e3o est\u00e3o necessariamente t\u00e3o preparados quanto os adultos para tomar decis\u00f5es sobre como seus dados online s\u00e3o usados para publicidade, principalmente quando se trata de mostrar produtos dispon\u00edveis para compra. Por esse motivo, estamos restringindo ainda mais as op\u00e7\u00f5es que os anunciantes t\u00eam para alcan\u00e7ar os adolescentes, bem como as informa\u00e7\u00f5es que usamos para exibir an\u00fancios para adolescentes\u201d, afirmou a empresa em comunicado.<br \/>Os \u00fanicos dois crit\u00e9rios de personaliza\u00e7\u00e3o de an\u00fancios permitidos para a publicidade voltada para os adolescentes s\u00e3o estrat\u00e9gicos por ajudarem as plataformas a garantirem que esse p\u00fablico veja an\u00fancios feitos de acordo com sua idade e pr\u00f3ximos de onde vivem.<br \/><span style=\"color: #0000ff;\"><a style=\"color: #0000ff;\" href=\"https:\/\/www.consumidormoderno.com.br\/newsletter\/\">Assine nossa newsletter e fique atualizado sobre as principais not\u00edcias da experi\u00eancia do cliente<\/a><\/span><br \/>\u201cAcho que todo mundo tem um papel\u2026 as empresas de m\u00eddia social t\u00eam um papel, as fam\u00edlias t\u00eam um papel, os pais t\u00eam um papel, os governos t\u00eam um papel, os reguladores t\u00eam um papel. Este \u00e9 um espa\u00e7o onde acho totalmente leg\u00edtima e normal a atua\u00e7\u00e3o dos reguladores\u201d, afirmou Nick Clegg, presidente de Assuntos Globais da Meta.<br \/>At\u00e9 ent\u00e3o, estavam proibidas para adolescente publicidade de bebidas alco\u00f3licas, produtos financeiros, e para perda de peso. Al\u00e9m disso, os usu\u00e1rios podem ocultar an\u00fancios ou toda a publicidade de um anunciante espec\u00edfico.<br \/><span style=\"color: #0000ff;\">Leia Mais: <a style=\"color: #0000ff;\" href=\"https:\/\/www.consumidormoderno.com.br\/2022\/11\/17\/regulamentacao-big-techs-brasil\/\">Regulamenta\u00e7\u00e3o de Big Techs volta a ser discutida no Congresso Nacional<\/a><\/span><br \/>A Meta j\u00e1 havia alterado a forma como anunciantes podem direcionar publicidade a adolescentes. Os interesses e as atividades desses usu\u00e1rios n\u00e3o podem ser utilizados como crit\u00e9rios para personaliza\u00e7\u00e3o de an\u00fancios.<br \/>\u201cAs altera\u00e7\u00f5es feitas nas formas de segmenta\u00e7\u00e3o de an\u00fancios respondem \u00e0 pesquisas, ao feedback de pais e tamb\u00e9m de especialistas em desenvolvimento infantil, al\u00e9m dos princ\u00edpios de direito das crian\u00e7as da Organiza\u00e7\u00e3o das Na\u00e7\u00f5es Unidas (ONU) e da regulamenta\u00e7\u00e3o global na \u00e1rea\u201d, informou o comunicado.<br \/><a href=\"https:\/\/mundodocx.com.br\"><span style=\"color: #0000ff;\">Conhe\u00e7a o Mundo do CX<\/span><\/a><br \/>A partir de mar\u00e7o, os adolescentes ter\u00e3o mais recursos para gerenciar os tipos de an\u00fancios que veem no Facebook e no Instagram, e poder\u00e3o acessar suas prefer\u00eancias para controlar ainda mais os tipos de an\u00fancios que veem.<br \/>A Meta enfrenta forte press\u00e3o para reduzir a intensidade do direcionamento de publicidade aos usu\u00e1rios, modelo bilion\u00e1rio, mas que tamb\u00e9m tem provocado condena\u00e7\u00f5es e multas. Recentemente a empresa multada em US$ 413 milh\u00f5es em uma longa disputa legal com a Uni\u00e3o Europeia sobre os limites da publicidade e da gest\u00e3o de dados de usu\u00e1rios em suas plataformas.<br \/> <a href=\"https:\/\/www.consumidormoderno.com.br\/newsletter\/\"><img fetchpriority=\"high\" decoding=\"async\" fetchpriority=\"high\" class=\"aligncenter size-full wp-image-139065\" src=\"https:\/\/consumidormoderno.com.br\/wp-content\/uploads\/2023\/09\/INSIGHT-FRASE-1-1.jpg\" alt width=\"1000\" height=\"200\" \/><\/a><br \/><span style=\"color: #800080;\">+ Not\u00edcias<\/span><br \/><span style=\"color: #0000ff;\"><a style=\"color: #0000ff;\" href=\"https:\/\/www.consumidormoderno.com.br\/2022\/08\/24\/facebook-vazamento-de-dados\/\"> Facebook \u00e9 multado em R$ 6,6 mi por vazamento de dados<\/a><\/span><br \/><span style=\"color: #0000ff;\"><a style=\"color: #0000ff;\" href=\"https:\/\/www.consumidormoderno.com.br\/2022\/08\/26\/publicacoes-redes-sociais\/\"> Nas redes sociais, uma imagem vale mais do que mil palavras?<\/a><\/span><br \/>Rua Cear\u00e1, 62 \u2013 CEP 01243-010 \u2013 Higien\u00f3polis \u2013 S\u00e3o Paulo \u2013 11 3125 2244<br \/>Rua Cear\u00e1, 62 \u2013 CEP 01243-010 \u2013 Higien\u00f3polis \u2013 S\u00e3o Paulo \u2013 11 3125 2244<br \/>As rela\u00e7\u00f5es de consumo acompanham mudan\u00e7as intensas e cont\u00ednuas na sociedade e no mercado. Vivemos a era do p\u00f3s-consumidor, mais exigente e consciente e, sobretudo, mais impaciente, mais insatisfeito e mais intolerante com servi\u00e7os ruins, falta de conveni\u00eancia, servi\u00e7os deficientes e quebras de confian\u00e7a. Mais do que nunca, ele \u00e9 o centro de tudo, das decis\u00f5es, estrat\u00e9gias e inova\u00e7\u00f5es. O consumidor \u00e9 digital sem deixar de ser humano, inovador sem abrir m\u00e3o do que confia, que critica sem consumir, reclama sem ser cliente, questiona sem conhecer. Tudo porque esse consumidor quer exercer um controle maior sobre suas escolhas e decis\u00f5es. Falamos de um consumidor que quer respeito absoluto pela sua identidade \u2013 ativista, consciente, independentemente de g\u00eanero, credo, idade, renda. Um consumidor com o poder de disseminar ideias, que rapidamente se organiza em redes orquestradas capazes de mobilizar cora\u00e7\u00f5es, mentes e manifesta\u00e7\u00f5es a favor ou contra ideias, campanhas, marcas, empresas. Ele cria tend\u00eancias e as descarta na velocidade de um clique. Acompanhar cada passo dessa <strong>evolu\u00e7\u00e3o do consumidor \u00e9 um compromisso da <em>Consumidor Moderno,<\/em><\/strong> agora cada vez mais uma plataforma de distribui\u00e7\u00e3o de insights e conte\u00fado multiformato, com o melhor, mais completo, s\u00f3lido e original conhecimento sobre comportamento do consumidor e intelig\u00eancia relacional, ajudando executivos de empresas que tenham a miss\u00e3o de fazer a gest\u00e3o eficaz de comunidades de clientes a <strong>tomar melhores decis\u00f5es estrat\u00e9gicas. A agenda ESG, por exemplo, que finalmente ganha relevo na agenda corporativa, ocupa nossa linha editorial h\u00e1 muito tempo, porque j\u00e1 a entend\u00edamos como exig\u00eancia do consumidor no limiar da era digital. <em>Consumidor Moderno<\/em><\/strong> tamb\u00e9m procura mostrar o que h\u00e1 de mais <strong>avan\u00e7ado em tecnologias, plataformas, aplica\u00e7\u00f5es, processos e metodologias<\/strong> para operacionalizar a gest\u00e3o de clientes de modo eficaz, <strong>conectando executivos e lideran\u00e7as em um ecossistema virtuoso<\/strong> de gera\u00e7\u00e3o de neg\u00f3cios e oportunidades.<br \/><strong>Concep\u00e7\u00e3o da capa:<\/strong><br \/>Camila Nascimento<br \/><strong>Publisher<\/strong><br \/>Roberto Meir<br \/><strong>Diretor-executivo de Conhecimento<\/strong><br \/>Jacques Meir<br \/><em><a href=\"\/cdn-cgi\/l\/email-protection\" class=\"__cf_email__\" data-cfemail=\"caa0aba9bbbfafb98aadbaabaeb8aba5e4a9a5a7e4a8b8\">[email&#160;protected]<\/a><\/em><br \/><strong>Diretora-executiva<\/strong><br \/>Lucimara Fiorin<br \/><em><a href=\"\/cdn-cgi\/l\/email-protection\" class=\"__cf_email__\" data-cfemail=\"f69a83959f9b978497b691869792849799d895999bd89484\">[email&#160;protected]<\/a><\/em><br \/><strong>COMERCIAL E PUBLICIDADE<\/strong><br \/><strong>Gerentes-comerciais<\/strong><br \/>Andr\u00e9ia Gon\u00e7alves<br \/><em><a href=\"\/cdn-cgi\/l\/email-protection\" class=\"__cf_email__\" data-cfemail=\"69080e06070a08051f0c1a290e19080d1b0806470a0604470b1b\">[email&#160;protected]<\/a><\/em><br \/>Daniela Calvo<br \/><em><a href=\"\/cdn-cgi\/l\/email-protection\" class=\"__cf_email__\" data-cfemail=\"6004010e09050c014e03010c160f200710010412010f4e030f0d4e0212\">[email&#160;protected]<\/a><\/em><br \/>\u00c9rica Issa<br \/><em><a href=\"\/cdn-cgi\/l\/email-protection\" class=\"__cf_email__\" data-cfemail=\"1e7b6c777d7f30776d6d7f5e796e7f7a6c7f71307d7173307c6c\">[email&#160;protected]<\/a><\/em><br \/><strong>N\u00daCLEO DE CONTE\u00daDO<\/strong><br \/><strong>Head<\/strong><br \/>Melissa Lulio<br \/><em><a href=\"\/cdn-cgi\/l\/email-protection\" class=\"__cf_email__\" data-cfemail=\"0b666e676278786a4b6c7b6a6f796a6425686466256979\">[email&#160;protected]<\/a><\/em><br \/><strong>Editora-assistente<\/strong><br \/>Larissa Sant\u2019Ana<br \/><em><a href=\"\/cdn-cgi\/l\/email-protection\" class=\"__cf_email__\" data-cfemail=\"751914071c0606145b06141b01141b14351205141107141a5b161a185b1707\">[email&#160;protected]<\/a><\/em><br \/><strong>Rep\u00f3rteres<\/strong><br \/>Bianca Alvarenga<br \/>Cec\u00edlia Delgado<br \/>Jade Louren\u00e7\u00e3o<br \/>J\u00e9ssica Chalegra<br \/>J\u00falia Fregonese<br \/>Lara Madeira<br \/>Marcelo Brand\u00e3o<br \/><strong>Head de Arte<\/strong><br \/>Camila Nascimento<br \/><em><a href=\"\/cdn-cgi\/l\/email-protection\" class=\"__cf_email__\" data-cfemail=\"1e7d7f7377727f30707f6d7d77737b706a715e796e7f7a6c7f71307d7173307c6c\">[email&#160;protected]<\/a><\/em><br \/><strong>Designer<\/strong><br \/>Melissa D\u2019Amelio<br \/><strong>Revis\u00e3o<\/strong><br \/>Elani Cardoso<br \/><strong>MARKETING<\/strong><br \/><strong>Coordenadora<\/strong><br \/>Mariana Santinelli<br \/><strong>Coordenadora de M\u00eddia<\/strong><br \/>Camila Puente<br \/><strong>TECNOLOGIA<br \/>Gerente<\/strong><br \/>Ricardo Domingues<br \/><strong>CX BRAIN<\/strong><br \/><strong>Data Analyst<\/strong><br \/>Camila Cirilo<br \/><em><a href=\"\/cdn-cgi\/l\/email-protection\" class=\"__cf_email__\" data-cfemail=\"086b6965616469266b617a616467486f78696c7a6967266b6765266a7a\">[email&#160;protected]<\/a><\/em><br \/><strong>CONSUMIDOR MODERNO<\/strong><br \/>\u00e9 uma publica\u00e7\u00e3o da Padr\u00e3o Editorial Eireli.<br \/><strong>www.gpadrao.com.br<\/strong><br \/>Rua Cear\u00e1, 62 \u2013 Higien\u00f3polis<br \/>Brasil \u2013 S\u00e3o Paulo \u2013 SP \u2013 01234-010<br \/>Telefone: +55 (11) 3125-2244<br \/>A editora n\u00e3o se responsabiliza pelos conceitos emitidos nos artigos ou nas mat\u00e9rias<br \/>assinadas. A reprodu\u00e7\u00e3o do conte\u00fado editorial desta revista s\u00f3 ser\u00e1 permitida com<br \/>autoriza\u00e7\u00e3o da Editora ou com cita\u00e7\u00e3o da<br \/>fonte. Todos os direitos reservados e protegidos pelas leis do copyright, sendo vedada a<br \/>reprodu\u00e7\u00e3o no todo ou em parte dos textos<br \/>publicados nesta revista, salvo expresso<br \/>consentimento dos seus editores.<br \/><strong>Padr\u00e3o Editorial Eireli.<br \/>Consumidor Moderno ISSN 1413-1226<\/strong><br \/><strong>NA INTERNET<\/strong><br \/>Acesse diariamente o portal<br \/><strong><a href=\"https:\/\/consumidormoderno.com.br\/\" data-type=\"link\" data-id=\"https:\/\/consumidormoderno.com.br\/\">www.consumidormoderno.com.br<\/a><\/strong><br \/>e tenha acesso a um conte\u00fado multiformato<br \/>sempre original, instigante e provocador<br \/>sobre todos os assuntos relativos ao<br \/>comportamento do consumidor e \u00e0 intelig\u00eancia<br \/>relacional, incluindo tend\u00eancias, experi\u00eancia,<br \/>jornada do cliente, tecnologias, defesa do<br \/>consumidor, nova consci\u00eancia, gest\u00e3o e inova\u00e7\u00e3o.<br \/><strong>PUBLICIDADE<\/strong><br \/>Anuncie na Consumidor Moderno e tenha<br \/>o melhor retorno de leitores qualificados e<br \/>informados do Brasil.<br \/><strong>PARA INFORMA\u00c7\u00d5ES SOBRE OR\u00c7AMENTOS:<\/strong><br \/><a href=\"\/cdn-cgi\/l\/email-protection\" class=\"__cf_email__\" data-cfemail=\"0665696b6374656f676a46617667627467692865696b286474\">[email&#160;protected]<\/a><br \/><iframe style=\"display: none;\"><\/iframe><br \/>As rela\u00e7\u00f5es de consumo acompanham mudan\u00e7as intensas e cont\u00ednuas na sociedade e no mercado. Vivemos a era do p\u00f3s-consumidor, mais exigente e consciente e, sobretudo, mais impaciente, mais insatisfeito e mais intolerante com servi\u00e7os ruins, falta de conveni\u00eancia, servi\u00e7os deficientes e quebras de confian\u00e7a. Mais do que nunca, ele \u00e9 o centro de tudo, das decis\u00f5es, estrat\u00e9gias e inova\u00e7\u00f5es. O consumidor \u00e9 digital sem deixar de ser humano, inovador sem abrir m\u00e3o do que confia, que critica sem consumir, reclama sem ser cliente, questiona sem conhecer. Tudo porque esse consumidor quer exercer um controle maior sobre suas escolhas e decis\u00f5es. Falamos de um consumidor que quer respeito absoluto pela sua identidade \u2013 ativista, consciente, independentemente de g\u00eanero, credo, idade, renda. Um consumidor com o poder de disseminar ideias, que rapidamente se organiza em redes orquestradas capazes de mobilizar cora\u00e7\u00f5es, mentes e manifesta\u00e7\u00f5es a favor ou contra ideias, campanhas, marcas, empresas. Ele cria tend\u00eancias e as descarta na velocidade de um clique. Acompanhar cada passo dessa <strong>evolu\u00e7\u00e3o do consumidor \u00e9 um compromisso da <em>Consumidor Moderno,<\/em><\/strong> agora cada vez mais uma plataforma de distribui\u00e7\u00e3o de insights e conte\u00fado multiformato, com o melhor, mais completo, s\u00f3lido e original conhecimento sobre comportamento do consumidor e intelig\u00eancia relacional, ajudando executivos de empresas que tenham a miss\u00e3o de fazer a gest\u00e3o eficaz de comunidades de clientes a <strong>tomar melhores decis\u00f5es estrat\u00e9gicas. A agenda ESG, por exemplo, que finalmente ganha relevo na agenda corporativa, ocupa nossa linha editorial h\u00e1 muito tempo, porque j\u00e1 a entend\u00edamos como exig\u00eancia do consumidor no limiar da era digital. <em>Consumidor Moderno<\/em><\/strong> tamb\u00e9m procura mostrar o que h\u00e1 de mais <strong>avan\u00e7ado em tecnologias, plataformas, aplica\u00e7\u00f5es, processos e metodologias<\/strong> para operacionalizar a gest\u00e3o de clientes de modo eficaz, <strong>conectando executivos e lideran\u00e7as em um ecossistema virtuoso<\/strong> de gera\u00e7\u00e3o de neg\u00f3cios e oportunidades.<br \/><strong>Concep\u00e7\u00e3o da capa:<\/strong><br \/>Camila Nascimento<br \/><strong>Publisher<\/strong><br \/>Roberto Meir<br \/><strong>Diretor-executivo de Conhecimento<\/strong><br \/>Jacques Meir<br \/><em><a href=\"\/cdn-cgi\/l\/email-protection\" class=\"__cf_email__\" data-cfemail=\"d6bcb7b5a7a3b3a596b1a6b7b2a4b7b9f8b5b9bbf8b4a4\">[email&#160;protected]<\/a><\/em><br \/><strong>Diretora-executiva<\/strong><br \/>Lucimara Fiorin<br \/><em><a href=\"\/cdn-cgi\/l\/email-protection\" class=\"__cf_email__\" data-cfemail=\"09657c6a6064687b68496e79686d7b6866276a6664276b7b\">[email&#160;protected]<\/a><\/em><br \/><strong>COMERCIAL E PUBLICIDADE<\/strong><br \/><strong>Gerentes-comerciais<\/strong><br \/>Andr\u00e9ia Gon\u00e7alves<br \/><em><a href=\"\/cdn-cgi\/l\/email-protection\" class=\"__cf_email__\" data-cfemail=\"78191f17161b19140e1d0b381f08191c0a1917561b1715561a0a\">[email&#160;protected]<\/a><\/em><br \/>Daniela Calvo<br \/><em><a href=\"\/cdn-cgi\/l\/email-protection\" class=\"__cf_email__\" data-cfemail=\"abcfcac5c2cec7ca85c8cac7ddc4ebccdbcacfd9cac485c8c4c685c9d9\">[email&#160;protected]<\/a><\/em><br \/>\u00c9rica Issa<br \/><em><a href=\"\/cdn-cgi\/l\/email-protection\" class=\"__cf_email__\" data-cfemail=\"6104130802004f08121200210611000513000e4f020e0c4f0313\">[email&#160;protected]<\/a><\/em><br \/><strong>N\u00daCLEO DE CONTE\u00daDO<\/strong><br \/><strong>Head<\/strong><br \/>Melissa Lulio<br \/><em><a href=\"\/cdn-cgi\/l\/email-protection\" class=\"__cf_email__\" data-cfemail=\"345951585d474755745344555046555b1a575b591a5646\">[email&#160;protected]<\/a><\/em><br \/><strong>Editora-assistente<\/strong><br \/>Larissa Sant\u2019Ana<br \/><em><a href=\"\/cdn-cgi\/l\/email-protection\" class=\"__cf_email__\" data-cfemail=\"a9c5c8dbc0dadac887dac8c7ddc8c7c8e9ced9c8cddbc8c687cac6c487cbdb\">[email&#160;protected]<\/a><\/em><br \/><strong>Rep\u00f3rteres<\/strong><br \/>Bianca Alvarenga<br \/>Cec\u00edlia Delgado<br \/>Jade Louren\u00e7\u00e3o<br \/>J\u00e9ssica Chalegra<br \/>J\u00falia Fregonese<br \/>Lara Madeira<br \/>Marcelo Brand\u00e3o<br \/><strong>Head de Arte<\/strong><br \/>Camila Nascimento<br \/><em><a href=\"\/cdn-cgi\/l\/email-protection\" class=\"__cf_email__\" data-cfemail=\"aac9cbc7c3c6cb84c4cbd9c9c3c7cfc4dec5eacddacbced8cbc584c9c5c784c8d8\">[email&#160;protected]<\/a><\/em><br \/><strong>Designer<\/strong><br \/>Melissa D\u2019Amelio<br \/><strong>Revis\u00e3o<\/strong><br \/>Elani Cardoso<br \/><strong>MARKETING<\/strong><br \/><strong>Coordenadora<\/strong><br \/>Mariana Santinelli<br \/><strong>Coordenadora de M\u00eddia<\/strong><br \/>Camila Puente<br \/><strong>TECNOLOGIA<br \/>Gerente<\/strong><br \/>Ricardo Domingues<br \/><strong>CX BRAIN<\/strong><br \/><strong>Data Analyst<\/strong><br \/>Camila Cirilo<br \/><em><a href=\"\/cdn-cgi\/l\/email-protection\" class=\"__cf_email__\" data-cfemail=\"3655575b5f5a5718555f445f5a5976514657524457591855595b185444\">[email&#160;protected]<\/a><\/em><br \/><strong>CONSUMIDOR MODERNO<\/strong><br \/>\u00e9 uma publica\u00e7\u00e3o da Padr\u00e3o Editorial Eireli.<br \/><strong>www.gpadrao.com.br<\/strong><br \/>Rua Cear\u00e1, 62 \u2013 Higien\u00f3polis<br \/>Brasil \u2013 S\u00e3o Paulo \u2013 SP \u2013 01234-010<br \/>Telefone: +55 (11) 3125-2244<br \/>A editora n\u00e3o se responsabiliza pelos conceitos emitidos nos artigos ou nas mat\u00e9rias<br \/>assinadas. A reprodu\u00e7\u00e3o do conte\u00fado editorial desta revista s\u00f3 ser\u00e1 permitida com<br \/>autoriza\u00e7\u00e3o da Editora ou com cita\u00e7\u00e3o da<br \/>fonte. Todos os direitos reservados e protegidos pelas leis do copyright, sendo vedada a<br \/>reprodu\u00e7\u00e3o no todo ou em parte dos textos<br \/>publicados nesta revista, salvo expresso<br \/>consentimento dos seus editores.<br \/><strong>Padr\u00e3o Editorial Eireli.<br \/>Consumidor Moderno ISSN 1413-1226<\/strong><br \/><strong>NA INTERNET<\/strong><br \/>Acesse diariamente o portal<br \/><strong><a href=\"https:\/\/consumidormoderno.com.br\/\" data-type=\"link\" data-id=\"https:\/\/consumidormoderno.com.br\/\">www.consumidormoderno.com.br<\/a><\/strong><br \/>e tenha acesso a um conte\u00fado multiformato<br \/>sempre original, instigante e provocador<br \/>sobre todos os assuntos relativos ao<br \/>comportamento do consumidor e \u00e0 intelig\u00eancia<br \/>relacional, incluindo tend\u00eancias, experi\u00eancia,<br \/>jornada do cliente, tecnologias, defesa do<br \/>consumidor, nova consci\u00eancia, gest\u00e3o e inova\u00e7\u00e3o.<br \/><strong>PUBLICIDADE<\/strong><br \/>Anuncie na Consumidor Moderno e tenha<br \/>o melhor retorno de leitores qualificados e<br \/>informados do Brasil.<br \/><strong>PARA INFORMA\u00c7\u00d5ES SOBRE OR\u00c7AMENTOS:<\/strong><br \/><a href=\"\/cdn-cgi\/l\/email-protection\" class=\"__cf_email__\" data-cfemail=\"b6d5d9dbd3c4d5dfd7daf6d1c6d7d2c4d7d998d5d9db98d4c4\">[email&#160;protected]<\/a><br \/><iframe style=\"display: none;\"><\/iframe><\/p>\n<p><a href=\"https:\/\/news.google.com\/rss\/articles\/CBMiS2h0dHBzOi8vY29uc3VtaWRvcm1vZGVybm8uY29tLmJyLzIwMjMvMDEvMTEvYWRvbGVzY2VudGVzLWFudW5jaW9zLWZhY2Vib29rL9IBAA?oc=5\">source<\/a><\/p>\n","protected":false},"excerpt":{"rendered":"<p>A partir de fevereiro, os an\u00fancios nas redes sociais da Meta n\u00e3o poder\u00e3o segmentar o p\u00fablico-alvo atrav\u00e9s de filtros de g\u00eanero. A medida \u00e9 uma tentativa da empresa de Facebook, Instagram e Whatsapp de reduzir o grau de personaliza\u00e7\u00e3o de an\u00fancios voltados para adolescentes, p\u00fablico considerado mais vulner\u00e1vel \u00e0 abordagem nas redes sociais.Os anunciantes tamb\u00e9m&#8230;<\/p>\n","protected":false},"author":1,"featured_media":7700,"comment_status":"open","ping_status":"open","sticky":false,"template":"","format":"standard","meta":{"footnotes":""},"categories":[32],"tags":[36],"class_list":["post-7699","post","type-post","status-publish","format-standard","has-post-thumbnail","hentry","category-marketing","tag-marketing"],"yoast_head":"<!-- This site is optimized with the Yoast SEO Premium plugin v21.1 (Yoast SEO v22.7) - https:\/\/yoast.com\/wordpress\/plugins\/seo\/ -->\n<title>Meta restringe an\u00fancios baseados em g\u00eanero para adolescentes - Consumidor Moderno - 4tuneagencia.digital<\/title>\n<meta name=\"robots\" content=\"index, follow, max-snippet:-1, max-image-preview:large, max-video-preview:-1\" \/>\n<link rel=\"canonical\" href=\"https:\/\/4tuneagencia.digital\/blog\/meta-restringe-anuncios-baseados-em-genero-para-adolescentes-consumidor-moderno\/\" \/>\n<meta property=\"og:locale\" content=\"pt_BR\" \/>\n<meta property=\"og:type\" content=\"article\" \/>\n<meta property=\"og:title\" content=\"Meta restringe an\u00fancios baseados em g\u00eanero para adolescentes - Consumidor Moderno\" \/>\n<meta property=\"og:description\" content=\"A partir de fevereiro, os an\u00fancios nas redes sociais da Meta n\u00e3o poder\u00e3o segmentar o p\u00fablico-alvo atrav\u00e9s de filtros de g\u00eanero. A medida \u00e9 uma tentativa da empresa de Facebook, Instagram e Whatsapp de reduzir o grau de personaliza\u00e7\u00e3o de an\u00fancios voltados para adolescentes, p\u00fablico considerado mais vulner\u00e1vel \u00e0 abordagem nas redes sociais.Os anunciantes tamb\u00e9m...\" \/>\n<meta property=\"og:url\" content=\"https:\/\/4tuneagencia.digital\/blog\/meta-restringe-anuncios-baseados-em-genero-para-adolescentes-consumidor-moderno\/\" \/>\n<meta property=\"og:site_name\" content=\"4tuneagencia.digital\" \/>\n<meta property=\"article:published_time\" content=\"2023-10-31T01:48:27+00:00\" \/>\n<meta property=\"og:image\" content=\"https:\/\/consumidormoderno.com.br\/wp-content\/uploads\/2023\/09\/INSIGHT-FRASE-1-1.jpg\" \/>\n<meta name=\"author\" content=\"4tune\" \/>\n<meta name=\"twitter:card\" content=\"summary_large_image\" \/>\n<meta name=\"twitter:label1\" content=\"Escrito por\" \/>\n\t<meta name=\"twitter:data1\" content=\"4tune\" \/>\n\t<meta name=\"twitter:label2\" content=\"Est. tempo de leitura\" \/>\n\t<meta name=\"twitter:data2\" content=\"9 minutos\" \/>\n<script type=\"application\/ld+json\" class=\"yoast-schema-graph\">{\"@context\":\"https:\/\/schema.org\",\"@graph\":[{\"@type\":\"Article\",\"@id\":\"https:\/\/4tuneagencia.digital\/blog\/meta-restringe-anuncios-baseados-em-genero-para-adolescentes-consumidor-moderno\/#article\",\"isPartOf\":{\"@id\":\"https:\/\/4tuneagencia.digital\/blog\/meta-restringe-anuncios-baseados-em-genero-para-adolescentes-consumidor-moderno\/\"},\"author\":{\"name\":\"4tune\",\"@id\":\"https:\/\/4tuneagencia.digital\/blog\/#\/schema\/person\/7c40d2e8b9964c2390122613459c2100\"},\"headline\":\"Meta restringe an\u00fancios baseados em g\u00eanero para adolescentes &#8211; Consumidor Moderno\",\"datePublished\":\"2023-10-31T01:48:27+00:00\",\"dateModified\":\"2023-10-31T01:48:27+00:00\",\"mainEntityOfPage\":{\"@id\":\"https:\/\/4tuneagencia.digital\/blog\/meta-restringe-anuncios-baseados-em-genero-para-adolescentes-consumidor-moderno\/\"},\"wordCount\":1850,\"commentCount\":0,\"publisher\":{\"@id\":\"https:\/\/4tuneagencia.digital\/blog\/#organization\"},\"image\":{\"@id\":\"https:\/\/4tuneagencia.digital\/blog\/meta-restringe-anuncios-baseados-em-genero-para-adolescentes-consumidor-moderno\/#primaryimage\"},\"thumbnailUrl\":\"https:\/\/4tuneagencia.digital\/blog\/wp-content\/uploads\/2023\/10\/wp-header-logo-1073.png\",\"keywords\":[\"Marketing\"],\"articleSection\":[\"Marketing\"],\"inLanguage\":\"pt-BR\",\"potentialAction\":[{\"@type\":\"CommentAction\",\"name\":\"Comment\",\"target\":[\"https:\/\/4tuneagencia.digital\/blog\/meta-restringe-anuncios-baseados-em-genero-para-adolescentes-consumidor-moderno\/#respond\"]}]},{\"@type\":\"WebPage\",\"@id\":\"https:\/\/4tuneagencia.digital\/blog\/meta-restringe-anuncios-baseados-em-genero-para-adolescentes-consumidor-moderno\/\",\"url\":\"https:\/\/4tuneagencia.digital\/blog\/meta-restringe-anuncios-baseados-em-genero-para-adolescentes-consumidor-moderno\/\",\"name\":\"Meta restringe an\u00fancios baseados em g\u00eanero para adolescentes - Consumidor Moderno - 4tuneagencia.digital\",\"isPartOf\":{\"@id\":\"https:\/\/4tuneagencia.digital\/blog\/#website\"},\"primaryImageOfPage\":{\"@id\":\"https:\/\/4tuneagencia.digital\/blog\/meta-restringe-anuncios-baseados-em-genero-para-adolescentes-consumidor-moderno\/#primaryimage\"},\"image\":{\"@id\":\"https:\/\/4tuneagencia.digital\/blog\/meta-restringe-anuncios-baseados-em-genero-para-adolescentes-consumidor-moderno\/#primaryimage\"},\"thumbnailUrl\":\"https:\/\/4tuneagencia.digital\/blog\/wp-content\/uploads\/2023\/10\/wp-header-logo-1073.png\",\"datePublished\":\"2023-10-31T01:48:27+00:00\",\"dateModified\":\"2023-10-31T01:48:27+00:00\",\"breadcrumb\":{\"@id\":\"https:\/\/4tuneagencia.digital\/blog\/meta-restringe-anuncios-baseados-em-genero-para-adolescentes-consumidor-moderno\/#breadcrumb\"},\"inLanguage\":\"pt-BR\",\"potentialAction\":[{\"@type\":\"ReadAction\",\"target\":[\"https:\/\/4tuneagencia.digital\/blog\/meta-restringe-anuncios-baseados-em-genero-para-adolescentes-consumidor-moderno\/\"]}]},{\"@type\":\"ImageObject\",\"inLanguage\":\"pt-BR\",\"@id\":\"https:\/\/4tuneagencia.digital\/blog\/meta-restringe-anuncios-baseados-em-genero-para-adolescentes-consumidor-moderno\/#primaryimage\",\"url\":\"https:\/\/4tuneagencia.digital\/blog\/wp-content\/uploads\/2023\/10\/wp-header-logo-1073.png\",\"contentUrl\":\"https:\/\/4tuneagencia.digital\/blog\/wp-content\/uploads\/2023\/10\/wp-header-logo-1073.png\",\"width\":1225,\"height\":840},{\"@type\":\"BreadcrumbList\",\"@id\":\"https:\/\/4tuneagencia.digital\/blog\/meta-restringe-anuncios-baseados-em-genero-para-adolescentes-consumidor-moderno\/#breadcrumb\",\"itemListElement\":[{\"@type\":\"ListItem\",\"position\":1,\"name\":\"In\u00edcio\",\"item\":\"https:\/\/4tuneagencia.digital\/blog\/\"},{\"@type\":\"ListItem\",\"position\":2,\"name\":\"Meta restringe an\u00fancios baseados em g\u00eanero para adolescentes &#8211; Consumidor Moderno\"}]},{\"@type\":\"WebSite\",\"@id\":\"https:\/\/4tuneagencia.digital\/blog\/#website\",\"url\":\"https:\/\/4tuneagencia.digital\/blog\/\",\"name\":\"4tuneagencia.digital\",\"description\":\"Marketing e Web Designer \",\"publisher\":{\"@id\":\"https:\/\/4tuneagencia.digital\/blog\/#organization\"},\"potentialAction\":[{\"@type\":\"SearchAction\",\"target\":{\"@type\":\"EntryPoint\",\"urlTemplate\":\"https:\/\/4tuneagencia.digital\/blog\/?s={search_term_string}\"},\"query-input\":\"required name=search_term_string\"}],\"inLanguage\":\"pt-BR\"},{\"@type\":\"Organization\",\"@id\":\"https:\/\/4tuneagencia.digital\/blog\/#organization\",\"name\":\"4tuneagencia.digital\",\"url\":\"https:\/\/4tuneagencia.digital\/blog\/\",\"logo\":{\"@type\":\"ImageObject\",\"inLanguage\":\"pt-BR\",\"@id\":\"https:\/\/4tuneagencia.digital\/blog\/#\/schema\/logo\/image\/\",\"url\":\"https:\/\/4tuneagencia.digital\/blog\/wp-content\/uploads\/2023\/09\/novo-logo-e1694954525541.png\",\"contentUrl\":\"https:\/\/4tuneagencia.digital\/blog\/wp-content\/uploads\/2023\/09\/novo-logo-e1694954525541.png\",\"width\":250,\"height\":250,\"caption\":\"4tuneagencia.digital\"},\"image\":{\"@id\":\"https:\/\/4tuneagencia.digital\/blog\/#\/schema\/logo\/image\/\"}},{\"@type\":\"Person\",\"@id\":\"https:\/\/4tuneagencia.digital\/blog\/#\/schema\/person\/7c40d2e8b9964c2390122613459c2100\",\"name\":\"4tune\",\"image\":{\"@type\":\"ImageObject\",\"inLanguage\":\"pt-BR\",\"@id\":\"https:\/\/4tuneagencia.digital\/blog\/#\/schema\/person\/image\/\",\"url\":\"https:\/\/secure.gravatar.com\/avatar\/e81e8ea0176022ee4555117aee5e3092bff2a7aaa930134f8023c7d4bc2f1495?s=96&d=mm&r=g\",\"contentUrl\":\"https:\/\/secure.gravatar.com\/avatar\/e81e8ea0176022ee4555117aee5e3092bff2a7aaa930134f8023c7d4bc2f1495?s=96&d=mm&r=g\",\"caption\":\"4tune\"},\"sameAs\":[\"http:\/\/4tuneagencia.digital\"],\"url\":\"https:\/\/4tuneagencia.digital\/blog\/author\/admin\/\"}]}<\/script>\n<!-- \/ Yoast SEO Premium plugin. -->","yoast_head_json":{"title":"Meta restringe an\u00fancios baseados em g\u00eanero para adolescentes - Consumidor Moderno - 4tuneagencia.digital","robots":{"index":"index","follow":"follow","max-snippet":"max-snippet:-1","max-image-preview":"max-image-preview:large","max-video-preview":"max-video-preview:-1"},"canonical":"https:\/\/4tuneagencia.digital\/blog\/meta-restringe-anuncios-baseados-em-genero-para-adolescentes-consumidor-moderno\/","og_locale":"pt_BR","og_type":"article","og_title":"Meta restringe an\u00fancios baseados em g\u00eanero para adolescentes - Consumidor Moderno","og_description":"A partir de fevereiro, os an\u00fancios nas redes sociais da Meta n\u00e3o poder\u00e3o segmentar o p\u00fablico-alvo atrav\u00e9s de filtros de g\u00eanero. A medida \u00e9 uma tentativa da empresa de Facebook, Instagram e Whatsapp de reduzir o grau de personaliza\u00e7\u00e3o de an\u00fancios voltados para adolescentes, p\u00fablico considerado mais vulner\u00e1vel \u00e0 abordagem nas redes sociais.Os anunciantes tamb\u00e9m...","og_url":"https:\/\/4tuneagencia.digital\/blog\/meta-restringe-anuncios-baseados-em-genero-para-adolescentes-consumidor-moderno\/","og_site_name":"4tuneagencia.digital","article_published_time":"2023-10-31T01:48:27+00:00","og_image":[{"url":"https:\/\/consumidormoderno.com.br\/wp-content\/uploads\/2023\/09\/INSIGHT-FRASE-1-1.jpg"}],"author":"4tune","twitter_card":"summary_large_image","twitter_misc":{"Escrito por":"4tune","Est. tempo de leitura":"9 minutos"},"schema":{"@context":"https:\/\/schema.org","@graph":[{"@type":"Article","@id":"https:\/\/4tuneagencia.digital\/blog\/meta-restringe-anuncios-baseados-em-genero-para-adolescentes-consumidor-moderno\/#article","isPartOf":{"@id":"https:\/\/4tuneagencia.digital\/blog\/meta-restringe-anuncios-baseados-em-genero-para-adolescentes-consumidor-moderno\/"},"author":{"name":"4tune","@id":"https:\/\/4tuneagencia.digital\/blog\/#\/schema\/person\/7c40d2e8b9964c2390122613459c2100"},"headline":"Meta restringe an\u00fancios baseados em g\u00eanero para adolescentes &#8211; Consumidor Moderno","datePublished":"2023-10-31T01:48:27+00:00","dateModified":"2023-10-31T01:48:27+00:00","mainEntityOfPage":{"@id":"https:\/\/4tuneagencia.digital\/blog\/meta-restringe-anuncios-baseados-em-genero-para-adolescentes-consumidor-moderno\/"},"wordCount":1850,"commentCount":0,"publisher":{"@id":"https:\/\/4tuneagencia.digital\/blog\/#organization"},"image":{"@id":"https:\/\/4tuneagencia.digital\/blog\/meta-restringe-anuncios-baseados-em-genero-para-adolescentes-consumidor-moderno\/#primaryimage"},"thumbnailUrl":"https:\/\/4tuneagencia.digital\/blog\/wp-content\/uploads\/2023\/10\/wp-header-logo-1073.png","keywords":["Marketing"],"articleSection":["Marketing"],"inLanguage":"pt-BR","potentialAction":[{"@type":"CommentAction","name":"Comment","target":["https:\/\/4tuneagencia.digital\/blog\/meta-restringe-anuncios-baseados-em-genero-para-adolescentes-consumidor-moderno\/#respond"]}]},{"@type":"WebPage","@id":"https:\/\/4tuneagencia.digital\/blog\/meta-restringe-anuncios-baseados-em-genero-para-adolescentes-consumidor-moderno\/","url":"https:\/\/4tuneagencia.digital\/blog\/meta-restringe-anuncios-baseados-em-genero-para-adolescentes-consumidor-moderno\/","name":"Meta restringe an\u00fancios baseados em g\u00eanero para adolescentes - Consumidor Moderno - 4tuneagencia.digital","isPartOf":{"@id":"https:\/\/4tuneagencia.digital\/blog\/#website"},"primaryImageOfPage":{"@id":"https:\/\/4tuneagencia.digital\/blog\/meta-restringe-anuncios-baseados-em-genero-para-adolescentes-consumidor-moderno\/#primaryimage"},"image":{"@id":"https:\/\/4tuneagencia.digital\/blog\/meta-restringe-anuncios-baseados-em-genero-para-adolescentes-consumidor-moderno\/#primaryimage"},"thumbnailUrl":"https:\/\/4tuneagencia.digital\/blog\/wp-content\/uploads\/2023\/10\/wp-header-logo-1073.png","datePublished":"2023-10-31T01:48:27+00:00","dateModified":"2023-10-31T01:48:27+00:00","breadcrumb":{"@id":"https:\/\/4tuneagencia.digital\/blog\/meta-restringe-anuncios-baseados-em-genero-para-adolescentes-consumidor-moderno\/#breadcrumb"},"inLanguage":"pt-BR","potentialAction":[{"@type":"ReadAction","target":["https:\/\/4tuneagencia.digital\/blog\/meta-restringe-anuncios-baseados-em-genero-para-adolescentes-consumidor-moderno\/"]}]},{"@type":"ImageObject","inLanguage":"pt-BR","@id":"https:\/\/4tuneagencia.digital\/blog\/meta-restringe-anuncios-baseados-em-genero-para-adolescentes-consumidor-moderno\/#primaryimage","url":"https:\/\/4tuneagencia.digital\/blog\/wp-content\/uploads\/2023\/10\/wp-header-logo-1073.png","contentUrl":"https:\/\/4tuneagencia.digital\/blog\/wp-content\/uploads\/2023\/10\/wp-header-logo-1073.png","width":1225,"height":840},{"@type":"BreadcrumbList","@id":"https:\/\/4tuneagencia.digital\/blog\/meta-restringe-anuncios-baseados-em-genero-para-adolescentes-consumidor-moderno\/#breadcrumb","itemListElement":[{"@type":"ListItem","position":1,"name":"In\u00edcio","item":"https:\/\/4tuneagencia.digital\/blog\/"},{"@type":"ListItem","position":2,"name":"Meta restringe an\u00fancios baseados em g\u00eanero para adolescentes &#8211; Consumidor Moderno"}]},{"@type":"WebSite","@id":"https:\/\/4tuneagencia.digital\/blog\/#website","url":"https:\/\/4tuneagencia.digital\/blog\/","name":"4tuneagencia.digital","description":"Marketing e Web Designer ","publisher":{"@id":"https:\/\/4tuneagencia.digital\/blog\/#organization"},"potentialAction":[{"@type":"SearchAction","target":{"@type":"EntryPoint","urlTemplate":"https:\/\/4tuneagencia.digital\/blog\/?s={search_term_string}"},"query-input":"required name=search_term_string"}],"inLanguage":"pt-BR"},{"@type":"Organization","@id":"https:\/\/4tuneagencia.digital\/blog\/#organization","name":"4tuneagencia.digital","url":"https:\/\/4tuneagencia.digital\/blog\/","logo":{"@type":"ImageObject","inLanguage":"pt-BR","@id":"https:\/\/4tuneagencia.digital\/blog\/#\/schema\/logo\/image\/","url":"https:\/\/4tuneagencia.digital\/blog\/wp-content\/uploads\/2023\/09\/novo-logo-e1694954525541.png","contentUrl":"https:\/\/4tuneagencia.digital\/blog\/wp-content\/uploads\/2023\/09\/novo-logo-e1694954525541.png","width":250,"height":250,"caption":"4tuneagencia.digital"},"image":{"@id":"https:\/\/4tuneagencia.digital\/blog\/#\/schema\/logo\/image\/"}},{"@type":"Person","@id":"https:\/\/4tuneagencia.digital\/blog\/#\/schema\/person\/7c40d2e8b9964c2390122613459c2100","name":"4tune","image":{"@type":"ImageObject","inLanguage":"pt-BR","@id":"https:\/\/4tuneagencia.digital\/blog\/#\/schema\/person\/image\/","url":"https:\/\/secure.gravatar.com\/avatar\/e81e8ea0176022ee4555117aee5e3092bff2a7aaa930134f8023c7d4bc2f1495?s=96&d=mm&r=g","contentUrl":"https:\/\/secure.gravatar.com\/avatar\/e81e8ea0176022ee4555117aee5e3092bff2a7aaa930134f8023c7d4bc2f1495?s=96&d=mm&r=g","caption":"4tune"},"sameAs":["http:\/\/4tuneagencia.digital"],"url":"https:\/\/4tuneagencia.digital\/blog\/author\/admin\/"}]}},"jetpack_featured_media_url":"https:\/\/4tuneagencia.digital\/blog\/wp-content\/uploads\/2023\/10\/wp-header-logo-1073.png","_links":{"self":[{"href":"https:\/\/4tuneagencia.digital\/blog\/wp-json\/wp\/v2\/posts\/7699","targetHints":{"allow":["GET"]}}],"collection":[{"href":"https:\/\/4tuneagencia.digital\/blog\/wp-json\/wp\/v2\/posts"}],"about":[{"href":"https:\/\/4tuneagencia.digital\/blog\/wp-json\/wp\/v2\/types\/post"}],"author":[{"embeddable":true,"href":"https:\/\/4tuneagencia.digital\/blog\/wp-json\/wp\/v2\/users\/1"}],"replies":[{"embeddable":true,"href":"https:\/\/4tuneagencia.digital\/blog\/wp-json\/wp\/v2\/comments?post=7699"}],"version-history":[{"count":0,"href":"https:\/\/4tuneagencia.digital\/blog\/wp-json\/wp\/v2\/posts\/7699\/revisions"}],"wp:featuredmedia":[{"embeddable":true,"href":"https:\/\/4tuneagencia.digital\/blog\/wp-json\/wp\/v2\/media\/7700"}],"wp:attachment":[{"href":"https:\/\/4tuneagencia.digital\/blog\/wp-json\/wp\/v2\/media?parent=7699"}],"wp:term":[{"taxonomy":"category","embeddable":true,"href":"https:\/\/4tuneagencia.digital\/blog\/wp-json\/wp\/v2\/categories?post=7699"},{"taxonomy":"post_tag","embeddable":true,"href":"https:\/\/4tuneagencia.digital\/blog\/wp-json\/wp\/v2\/tags?post=7699"}],"curies":[{"name":"wp","href":"https:\/\/api.w.org\/{rel}","templated":true}]}}