{"id":7782,"date":"2023-10-31T17:59:41","date_gmt":"2023-10-31T20:59:41","guid":{"rendered":"https:\/\/4tuneagencia.digital\/blog\/programa-de-alimentacao-do-trabalhador-pat-ministerio-do-portal-gov-br\/"},"modified":"2023-10-31T17:59:41","modified_gmt":"2023-10-31T20:59:41","slug":"programa-de-alimentacao-do-trabalhador-pat-ministerio-do-portal-gov-br","status":"publish","type":"post","link":"https:\/\/4tuneagencia.digital\/blog\/programa-de-alimentacao-do-trabalhador-pat-ministerio-do-portal-gov-br\/","title":{"rendered":"Programa de Alimenta\u00e7\u00e3o do Trabalhador &#8211; PAT \u2014 Minist\u00e9rio do &#8230; &#8211; Portal Gov.br"},"content":{"rendered":"<p><strong>A\u00e7\u00e3o Especial Setorial Junto \u00c0s Facilitadoras do PAT &#8211; <a target=\"_blank\" title=\"\" data-tippreview-image=\"\" href=\"https:\/\/www.gov.br\/trabalho-e-emprego\/pt-br\/servicos\/empregador\/programa-de-alimentacao-do-trabalhador-pat\/NESFACILITADORASPATFINAL.pdf\" data-tippreview-title=\"\" class=\"internal-link\" data-tippreview-enabled=\"false\" rel=\"noopener\">Clique aqui e confira a Notifica\u00e7\u00e3o para Facilitadoras<\/a> e abaixo o v\u00eddeo com orienta\u00e7\u00f5es<\/strong><br \/><iframe src=\"https:\/\/www.youtube.com\/embed\/5H57VCN1RNU\" title=\"A\u00e7\u00e3o especial setorial  junto \u00e0s facilitadoras do PAT - 08\/02\/2023 - 9h30.\" width=\"540\" height=\"320\" allowfullscreen=\"\" frameborder=\"0\" style=\"\" data-src=\"https:\/\/www.youtube.com\/embed\/5H57VCN1RNU\"><\/iframe><br \/>O\u00a0<strong>Programa de Alimenta\u00e7\u00e3o do Trabalhador (PAT)<\/strong>\u00a0foi institu\u00eddo pela Lei n\u00ba 6.321, de 14 de abril de 1976, e, atualmente, encontra-se regulamentado pelo Decreto n 10.854, de 10 de novembro de 2021, com instru\u00e7\u00f5es complementares estabelecidas pela Portaria MTP\/GM n\u00ba 672, de 8 de novembro de 2021. Este Programa busca atender prioritariamente os trabalhadores de baixa renda e sua gest\u00e3o \u00e9 compartilhada entre o Minist\u00e9rio do Trabalho e Previd\u00eancia, a Secretaria Especial da Receita Federal do Brasil do Minist\u00e9rio da Economia e o Minist\u00e9rio da Sa\u00fade.<br \/>O empregador que deseja aderir ao Programa deve efetuar sua inscri\u00e7\u00e3o\/registro preenchendo o formul\u00e1rio de ades\u00e3o via Internet, na p\u00e1gina <a class=\"external-link\" href=\"http:\/\/www.trabalho.gov.br\/sistemas\/patnet\/\" target=\"_self\" title=\"http:\/\/www.trabalho.gov.br\/sistemas\/patnet\/\" data-tippreview-enabled=\"false\" data-tippreview-image=\"\" data-tippreview-title=\"\" rel=\"noopener\">http:\/\/www.trabalho.gov.br\/sistemas\/patnet\/<\/a>, conforme as formas de operacionaliza\u00e7\u00e3o do PAT descritas abaixo:<br \/><strong>Empresa benefici\u00e1ria<\/strong>: \u00e9 a pessoa jur\u00eddica ou a pessoa f\u00edsica a ela equiparada que concede os benef\u00edcios aos trabalhadores. A inscri\u00e7\u00e3o \u00e9 realizada apenas com o preenchimento de formul\u00e1rio eletr\u00f4nico dispon\u00edvel para acesso p\u00fablico no endere\u00e7o eletr\u00f4nico <a class=\"external-link\" href=\"http:\/\/www.trabalho.gov.br\/sistemas\/patnet\/\" target=\"_self\" title=\"http:\/\/www.trabalho.gov.br\/sistemas\/patnet\/\" data-tippreview-enabled=\"false\" data-tippreview-image=\"\" data-tippreview-title=\"\" rel=\"noopener\">http:\/\/www.trabalho.gov.br\/sistemas\/patnet\/<\/a>;<br \/><strong>Fornecedora de alimenta\u00e7\u00e3o coletiva<\/strong>: \u00e9 a empresa que administra o fornecimento de alimentos aos trabalhadores, que pode ser a refei\u00e7\u00e3o pronta e\/ou a cesta de alimentos. O registro \u00e9 realizado apenas com o preenchimento de formul\u00e1rio eletr\u00f4nico dispon\u00edvel para acesso p\u00fablico no endere\u00e7o eletr\u00f4nico <a class=\"external-link\" href=\"http:\/\/www.trabalho.gov.br\/sistemas\/patnet\/\" target=\"_self\" title=\"http:\/\/www.trabalho.gov.br\/sistemas\/patnet\/\" data-tippreview-enabled=\"false\" data-tippreview-image=\"\" data-tippreview-title=\"\" rel=\"noopener\">http:\/\/www.trabalho.gov.br\/sistemas\/patnet\/<\/a>;<br \/><span><span><strong>Facilitadora de aquisi\u00e7\u00e3o de refei\u00e7\u00f5es ou g\u00eaneros aliment\u00edcios<\/strong>:\u00a0<\/span><\/span><span>\u00e9 a empresa que exerce a atividade de emiss\u00e3o de moeda eletr\u00f4nica emitida para atendimento dos pagamentos no \u00e2mbito do PAT e\/ou credencia estabelecimentos para aceita\u00e7\u00e3o da moeda eletr\u00f4nica em refer\u00eancia, podendo emitir ou credenciar a aceita\u00e7\u00e3o dos seguintes produtos: instrumentos de pagamento para aquisi\u00e7\u00e3o de refei\u00e7\u00f5es em restaurantes e estabelecimentos similares (refei\u00e7\u00e3o conv\u00eanio); e instrumentos de pagamento para aquisi\u00e7\u00e3o de g\u00eaneros aliment\u00edcios em estabelecimentos comerciais (alimenta\u00e7\u00e3o conv\u00eanio).<\/span>\u00a0O registro \u00e9 realizado por meio de requerimento a ser apresentado conforme as orienta\u00e7\u00f5es previstas no endere\u00e7o\u00a0<a target=\"_self\" title=\"https:\/\/www.gov.br\/pt-br\/servicos\/solicitar-o-cadastro-de-prestadoras-do-programa-de-alimentacao-do-trabalhador-2013-pat\" data-tippreview-image=\"\" href=\"https:\/\/www.gov.br\/pt-br\/servicos\/solicitar-o-cadastro-de-prestadoras-do-programa-de-alimentacao-do-trabalhador-2013-pat\" data-tippreview-title=\"\" data-tippreview-enabled=\"false\" rel=\"noopener\">https:\/\/www.gov.br\/pt-br\/servicos\/solicitar-o-cadastro-de-facilitadoras-do-programa-de-alimentacao-do-trabalhador-2013-pat<\/a>, o qual ser\u00e1 analisado pela Coordena\u00e7\u00e3o-Geral de Seguran\u00e7a e Sa\u00fade no Trabalho &#8211; CGSST<em>;<\/em><br \/><strong>Nutricionista<\/strong>: \u00e9 o respons\u00e1vel t\u00e9cnico do PAT legalmente habilitado em nutri\u00e7\u00e3o que tem por compromisso a correta execu\u00e7\u00e3o das atividades nutricionais do Programa, visando a promo\u00e7\u00e3o da alimenta\u00e7\u00e3o saud\u00e1vel ao trabalhador. O registro do nutricionista no PAT \u00e9 realizado apenas com o preenchimento de formul\u00e1rio eletr\u00f4nico dispon\u00edvel para acesso p\u00fablico no endere\u00e7o eletr\u00f4nico <a class=\"external-link\" href=\"http:\/\/www.trabalho.gov.br\/sistemas\/patnet\/\" target=\"_self\" title=\"http:\/\/www.trabalho.gov.br\/sistemas\/patnet\/\" data-tippreview-enabled=\"false\" data-tippreview-image=\"\" data-tippreview-title=\"\" rel=\"noopener\">http:\/\/www.trabalho.gov.br\/sistemas\/patnet\/<\/a>.<br \/>Ap\u00f3s a regular inscri\u00e7\u00e3o da empresa ou do(a) nutricionista no Programa, todas as altera\u00e7\u00f5es\/atualiza\u00e7\u00f5es cadastrais devem ser realizadas tamb\u00e9m atrav\u00e9s do endere\u00e7o eletr\u00f4nico <a class=\"external-link\" href=\"http:\/\/www.trabalho.gov.br\/sistemas\/patnet\/\" target=\"_self\" title=\"http:\/\/www.trabalho.gov.br\/sistemas\/patnet\/\" data-tippreview-enabled=\"false\" data-tippreview-image=\"\" data-tippreview-title=\"\" rel=\"noopener\">http:\/\/www.trabalho.gov.br\/sistemas\/patnet\/<\/a>.<br \/>\u00a0<br \/><strong>\u00a0Unidade respons\u00e1vel pelo desenvolvimento e implementa\u00e7\u00e3o do Programa<\/strong>: Secretaria de Inspe\u00e7\u00e3o do Trabalho.<br \/><strong>Principal meta:\u00a0<\/strong>Promover a s\u00e1ude por meio da seguran\u00e7a alimentar e nutricional dos trabalhadores brasileiros.<br \/><strong>Principais resultados dos programas, projetos e a\u00e7\u00f5es que desenvolve<\/strong>:\u00a0 O programa n\u00e3o \u00e9 gerenciado.\u00a0Existe apenas o controle da quantidade de empresas e profissionais de nutri\u00e7\u00e3o inscritos no PAT, bem como o total de trabalhadores atendidos no programa, considerando aqueles que ganham at\u00e9 5 sal\u00e1rios-m\u00ednimos.<br \/>\u00a0<br \/><span class=\"underline\"><strong>Outras informa\u00e7\u00f5es<\/strong><\/span><br \/><strong><a target=\"_self\" title=\"\" data-tippreview-image=\"\" href=\"https:\/\/www.gov.br\/trabalho-e-emprego\/pt-br\/servicos\/empregador\/programa-de-alimentacao-do-trabalhador-pat\/como-se-cadastrar-no-pat\" data-tippreview-title=\"\" class=\"internal-link\" data-tippreview-enabled=\"false\" rel=\"noopener\">Como se cadastrar no PAT<\/a><\/strong><br \/><strong><a target=\"_self\" title=\"\" data-tippreview-image=\"\" href=\"https:\/\/www.gov.br\/trabalho-e-emprego\/pt-br\/servicos\/empregador\/programa-de-alimentacao-do-trabalhador-pat\/como-consultar-registro-inscricao-no-pat-a-partir-de-2008-1\/como-consultar-registro-inscricao-no-pat-a-partir-de-2008\" data-tippreview-title=\"\" class=\"internal-link\" data-tippreview-enabled=\"false\" rel=\"noopener\">Como consultar inscri\u00e7\u00e3o\/registro no PAT &#8211; a partir de 2008<\/a><\/strong><br \/><strong><strong><a target=\"_self\" title=\"\" data-tippreview-image=\"\" href=\"https:\/\/www.gov.br\/trabalho-e-emprego\/pt-br\/servicos\/empregador\/programa-de-alimentacao-do-trabalhador-pat\/copy_of_como-consultar-registro-inscricao-no-pat-a-partir-de-2008\" data-tippreview-title=\"\" class=\"internal-link\" data-tippreview-enabled=\"true\" rel=\"noopener\">Como consultar inscri\u00e7\u00e3o\/registro no PAT &#8211; antes de 2008<\/a><\/strong><\/strong><br \/><strong><a target=\"_self\" title=\"\" data-tippreview-image=\"\" href=\"https:\/\/www.gov.br\/trabalho-e-emprego\/pt-br\/servicos\/empregador\/programa-de-alimentacao-do-trabalhador-pat\/como-fazer-alteracoes-na-inscricao-registro-no-pat\" data-tippreview-title=\"\" class=\"internal-link\" data-tippreview-enabled=\"false\" rel=\"noopener\">Como fazer altera\u00e7\u00f5es na inscri\u00e7\u00e3o\/registro no PAT &#8211; a partir de 2008<\/a><\/strong><br \/><strong><a target=\"_blank\" title=\"\" data-tippreview-image=\"\" href=\"https:\/\/www.gov.br\/trabalho-e-emprego\/pt-br\/servicos\/empregador\/programa-de-alimentacao-do-trabalhador-pat\/faq-atualizacao-cgsst_ago23.pdf\" data-tippreview-title=\"\" class=\"internal-link\" data-tippreview-enabled=\"false\" rel=\"noopener\">PAT Responde &#8211; Orienta\u00e7\u00f5es<\/a>\u00a0<\/strong><br \/><strong><a target=\"_self\" title=\"\" data-tippreview-image=\"\" href=\"https:\/\/www.gov.br\/trabalho-e-emprego\/pt-br\/servicos\/empregador\/programa-de-alimentacao-do-trabalhador-pat\/arquivos-e-imagens\/guia_alimentar_populacao_brasileira_2014.pdf\" data-tippreview-title=\"\" class=\"internal-link\" data-tippreview-enabled=\"false\" rel=\"noopener\">Guia Alimentar para a Popula\u00e7\u00e3o Brasileira<\/a><\/strong><br \/><strong><a target=\"_self\" title=\"\" data-tippreview-image=\"\" href=\"https:\/\/www.gov.br\/trabalho-e-emprego\/pt-br\/servicos\/empregador\/programa-de-alimentacao-do-trabalhador-pat\/copy2_of_notas-tecnicas-pat\" data-tippreview-title=\"\" class=\"internal-link\" data-tippreview-enabled=\"false\" rel=\"noopener\">Relat\u00f3rios e Gr\u00e1ficos do PAT &#8211; a partir de 2008<\/a><\/strong><br \/><strong><a target=\"_self\" title=\"\" data-tippreview-image=\"\" href=\"https:\/\/www.gov.br\/trabalho-e-emprego\/pt-br\/servicos\/empregador\/programa-de-alimentacao-do-trabalhador-pat\/relacao-de-empresas-beneficiarias-ativas-no-pat\" data-tippreview-title=\"\" class=\"internal-link\" data-tippreview-enabled=\"false\" rel=\"noopener\">Rela\u00e7\u00e3o de Inscri\u00e7\u00e3o de Empresas Fornecedoras, Benefici\u00e1rias, Facilitadoras ou Prestadoras de Servi\u00e7os de Alimenta\u00e7\u00e3o Coletiva no PAT\/Modalidade\/UF<\/a><\/strong><br \/><strong><a target=\"_self\" title=\"\" data-tippreview-image=\"\" href=\"https:\/\/www.gov.br\/trabalho-e-emprego\/pt-br\/servicos\/empregador\/programa-de-alimentacao-do-trabalhador-pat\/legislacao-pat\/copy5_of_legislacao-pat-decretos\" data-tippreview-title=\"\" class=\"internal-link\" data-tippreview-enabled=\"false\" rel=\"noopener\">Legisla\u00e7\u00e3o PAT<\/a><\/strong><\/p>\n<p><a href=\"https:\/\/news.google.com\/rss\/articles\/CBMiamh0dHBzOi8vd3d3Lmdvdi5ici90cmFiYWxoby1lLWVtcHJlZ28vcHQtYnIvc2Vydmljb3MvZW1wcmVnYWRvci9wcm9ncmFtYS1kZS1hbGltZW50YWNhby1kby10cmFiYWxoYWRvci1wYXTSAQA?oc=5\">source<\/a><\/p>\n","protected":false},"excerpt":{"rendered":"<p>A\u00e7\u00e3o Especial Setorial Junto \u00c0s Facilitadoras do PAT &#8211; Clique aqui e confira a Notifica\u00e7\u00e3o para Facilitadoras e abaixo o v\u00eddeo com orienta\u00e7\u00f5esO\u00a0Programa de Alimenta\u00e7\u00e3o do Trabalhador (PAT)\u00a0foi institu\u00eddo pela Lei n\u00ba 6.321, de 14 de abril de 1976, e, atualmente, encontra-se regulamentado pelo Decreto n 10.854, de 10 de novembro de 2021, com instru\u00e7\u00f5es&#8230;<\/p>\n","protected":false},"author":1,"featured_media":7783,"comment_status":"open","ping_status":"open","sticky":false,"template":"","format":"standard","meta":{"footnotes":""},"categories":[1],"tags":[69],"class_list":["post-7782","post","type-post","status-publish","format-standard","has-post-thumbnail","hentry","category-tutoriais","tag-tutorial"],"yoast_head":"<!-- This site is optimized with the Yoast SEO Premium plugin v21.1 (Yoast SEO v22.7) - https:\/\/yoast.com\/wordpress\/plugins\/seo\/ -->\n<title>Programa de Alimenta\u00e7\u00e3o do Trabalhador - PAT \u2014 Minist\u00e9rio do ... - Portal Gov.br - 4tuneagencia.digital<\/title>\n<meta name=\"robots\" content=\"index, follow, max-snippet:-1, max-image-preview:large, max-video-preview:-1\" \/>\n<link rel=\"canonical\" href=\"https:\/\/4tuneagencia.digital\/blog\/programa-de-alimentacao-do-trabalhador-pat-ministerio-do-portal-gov-br\/\" \/>\n<meta property=\"og:locale\" content=\"pt_BR\" \/>\n<meta property=\"og:type\" content=\"article\" \/>\n<meta property=\"og:title\" content=\"Programa de Alimenta\u00e7\u00e3o do Trabalhador - PAT \u2014 Minist\u00e9rio do ... - Portal Gov.br\" \/>\n<meta property=\"og:description\" content=\"A\u00e7\u00e3o Especial Setorial Junto \u00c0s Facilitadoras do PAT &#8211; Clique aqui e confira a Notifica\u00e7\u00e3o para Facilitadoras e abaixo o v\u00eddeo com orienta\u00e7\u00f5esO\u00a0Programa de Alimenta\u00e7\u00e3o do Trabalhador (PAT)\u00a0foi institu\u00eddo pela Lei n\u00ba 6.321, de 14 de abril de 1976, e, atualmente, encontra-se regulamentado pelo Decreto n 10.854, de 10 de novembro de 2021, com instru\u00e7\u00f5es...\" \/>\n<meta property=\"og:url\" content=\"https:\/\/4tuneagencia.digital\/blog\/programa-de-alimentacao-do-trabalhador-pat-ministerio-do-portal-gov-br\/\" \/>\n<meta property=\"og:site_name\" content=\"4tuneagencia.digital\" \/>\n<meta property=\"article:published_time\" content=\"2023-10-31T20:59:41+00:00\" \/>\n<meta name=\"author\" content=\"4tune\" \/>\n<meta name=\"twitter:card\" content=\"summary_large_image\" \/>\n<meta name=\"twitter:label1\" content=\"Escrito por\" \/>\n\t<meta name=\"twitter:data1\" content=\"4tune\" \/>\n\t<meta name=\"twitter:label2\" content=\"Est. tempo de leitura\" \/>\n\t<meta name=\"twitter:data2\" content=\"3 minutos\" \/>\n<script type=\"application\/ld+json\" class=\"yoast-schema-graph\">{\"@context\":\"https:\/\/schema.org\",\"@graph\":[{\"@type\":\"Article\",\"@id\":\"https:\/\/4tuneagencia.digital\/blog\/programa-de-alimentacao-do-trabalhador-pat-ministerio-do-portal-gov-br\/#article\",\"isPartOf\":{\"@id\":\"https:\/\/4tuneagencia.digital\/blog\/programa-de-alimentacao-do-trabalhador-pat-ministerio-do-portal-gov-br\/\"},\"author\":{\"name\":\"4tune\",\"@id\":\"https:\/\/4tuneagencia.digital\/blog\/#\/schema\/person\/7c40d2e8b9964c2390122613459c2100\"},\"headline\":\"Programa de Alimenta\u00e7\u00e3o do Trabalhador &#8211; PAT \u2014 Minist\u00e9rio do &#8230; &#8211; Portal Gov.br\",\"datePublished\":\"2023-10-31T20:59:41+00:00\",\"dateModified\":\"2023-10-31T20:59:41+00:00\",\"mainEntityOfPage\":{\"@id\":\"https:\/\/4tuneagencia.digital\/blog\/programa-de-alimentacao-do-trabalhador-pat-ministerio-do-portal-gov-br\/\"},\"wordCount\":706,\"commentCount\":0,\"publisher\":{\"@id\":\"https:\/\/4tuneagencia.digital\/blog\/#organization\"},\"image\":{\"@id\":\"https:\/\/4tuneagencia.digital\/blog\/programa-de-alimentacao-do-trabalhador-pat-ministerio-do-portal-gov-br\/#primaryimage\"},\"thumbnailUrl\":\"https:\/\/4tuneagencia.digital\/blog\/wp-content\/uploads\/2023\/10\/wp-header-logo-1112.png\",\"keywords\":[\"Tutorial\"],\"articleSection\":[\"Tutoriais\"],\"inLanguage\":\"pt-BR\",\"potentialAction\":[{\"@type\":\"CommentAction\",\"name\":\"Comment\",\"target\":[\"https:\/\/4tuneagencia.digital\/blog\/programa-de-alimentacao-do-trabalhador-pat-ministerio-do-portal-gov-br\/#respond\"]}]},{\"@type\":\"WebPage\",\"@id\":\"https:\/\/4tuneagencia.digital\/blog\/programa-de-alimentacao-do-trabalhador-pat-ministerio-do-portal-gov-br\/\",\"url\":\"https:\/\/4tuneagencia.digital\/blog\/programa-de-alimentacao-do-trabalhador-pat-ministerio-do-portal-gov-br\/\",\"name\":\"Programa de Alimenta\u00e7\u00e3o do Trabalhador - PAT \u2014 Minist\u00e9rio do ... - Portal Gov.br - 4tuneagencia.digital\",\"isPartOf\":{\"@id\":\"https:\/\/4tuneagencia.digital\/blog\/#website\"},\"primaryImageOfPage\":{\"@id\":\"https:\/\/4tuneagencia.digital\/blog\/programa-de-alimentacao-do-trabalhador-pat-ministerio-do-portal-gov-br\/#primaryimage\"},\"image\":{\"@id\":\"https:\/\/4tuneagencia.digital\/blog\/programa-de-alimentacao-do-trabalhador-pat-ministerio-do-portal-gov-br\/#primaryimage\"},\"thumbnailUrl\":\"https:\/\/4tuneagencia.digital\/blog\/wp-content\/uploads\/2023\/10\/wp-header-logo-1112.png\",\"datePublished\":\"2023-10-31T20:59:41+00:00\",\"dateModified\":\"2023-10-31T20:59:41+00:00\",\"breadcrumb\":{\"@id\":\"https:\/\/4tuneagencia.digital\/blog\/programa-de-alimentacao-do-trabalhador-pat-ministerio-do-portal-gov-br\/#breadcrumb\"},\"inLanguage\":\"pt-BR\",\"potentialAction\":[{\"@type\":\"ReadAction\",\"target\":[\"https:\/\/4tuneagencia.digital\/blog\/programa-de-alimentacao-do-trabalhador-pat-ministerio-do-portal-gov-br\/\"]}]},{\"@type\":\"ImageObject\",\"inLanguage\":\"pt-BR\",\"@id\":\"https:\/\/4tuneagencia.digital\/blog\/programa-de-alimentacao-do-trabalhador-pat-ministerio-do-portal-gov-br\/#primaryimage\",\"url\":\"https:\/\/4tuneagencia.digital\/blog\/wp-content\/uploads\/2023\/10\/wp-header-logo-1112.png\",\"contentUrl\":\"https:\/\/4tuneagencia.digital\/blog\/wp-content\/uploads\/2023\/10\/wp-header-logo-1112.png\",\"width\":600,\"height\":600},{\"@type\":\"BreadcrumbList\",\"@id\":\"https:\/\/4tuneagencia.digital\/blog\/programa-de-alimentacao-do-trabalhador-pat-ministerio-do-portal-gov-br\/#breadcrumb\",\"itemListElement\":[{\"@type\":\"ListItem\",\"position\":1,\"name\":\"In\u00edcio\",\"item\":\"https:\/\/4tuneagencia.digital\/blog\/\"},{\"@type\":\"ListItem\",\"position\":2,\"name\":\"Programa de Alimenta\u00e7\u00e3o do Trabalhador &#8211; PAT \u2014 Minist\u00e9rio do &#8230; &#8211; Portal Gov.br\"}]},{\"@type\":\"WebSite\",\"@id\":\"https:\/\/4tuneagencia.digital\/blog\/#website\",\"url\":\"https:\/\/4tuneagencia.digital\/blog\/\",\"name\":\"4tuneagencia.digital\",\"description\":\"Marketing e Web Designer \",\"publisher\":{\"@id\":\"https:\/\/4tuneagencia.digital\/blog\/#organization\"},\"potentialAction\":[{\"@type\":\"SearchAction\",\"target\":{\"@type\":\"EntryPoint\",\"urlTemplate\":\"https:\/\/4tuneagencia.digital\/blog\/?s={search_term_string}\"},\"query-input\":\"required name=search_term_string\"}],\"inLanguage\":\"pt-BR\"},{\"@type\":\"Organization\",\"@id\":\"https:\/\/4tuneagencia.digital\/blog\/#organization\",\"name\":\"4tuneagencia.digital\",\"url\":\"https:\/\/4tuneagencia.digital\/blog\/\",\"logo\":{\"@type\":\"ImageObject\",\"inLanguage\":\"pt-BR\",\"@id\":\"https:\/\/4tuneagencia.digital\/blog\/#\/schema\/logo\/image\/\",\"url\":\"https:\/\/4tuneagencia.digital\/blog\/wp-content\/uploads\/2023\/09\/novo-logo-e1694954525541.png\",\"contentUrl\":\"https:\/\/4tuneagencia.digital\/blog\/wp-content\/uploads\/2023\/09\/novo-logo-e1694954525541.png\",\"width\":250,\"height\":250,\"caption\":\"4tuneagencia.digital\"},\"image\":{\"@id\":\"https:\/\/4tuneagencia.digital\/blog\/#\/schema\/logo\/image\/\"}},{\"@type\":\"Person\",\"@id\":\"https:\/\/4tuneagencia.digital\/blog\/#\/schema\/person\/7c40d2e8b9964c2390122613459c2100\",\"name\":\"4tune\",\"image\":{\"@type\":\"ImageObject\",\"inLanguage\":\"pt-BR\",\"@id\":\"https:\/\/4tuneagencia.digital\/blog\/#\/schema\/person\/image\/\",\"url\":\"https:\/\/secure.gravatar.com\/avatar\/e81e8ea0176022ee4555117aee5e3092bff2a7aaa930134f8023c7d4bc2f1495?s=96&d=mm&r=g\",\"contentUrl\":\"https:\/\/secure.gravatar.com\/avatar\/e81e8ea0176022ee4555117aee5e3092bff2a7aaa930134f8023c7d4bc2f1495?s=96&d=mm&r=g\",\"caption\":\"4tune\"},\"sameAs\":[\"http:\/\/4tuneagencia.digital\"],\"url\":\"https:\/\/4tuneagencia.digital\/blog\/author\/admin\/\"}]}<\/script>\n<!-- \/ Yoast SEO Premium plugin. -->","yoast_head_json":{"title":"Programa de Alimenta\u00e7\u00e3o do Trabalhador - PAT \u2014 Minist\u00e9rio do ... - Portal Gov.br - 4tuneagencia.digital","robots":{"index":"index","follow":"follow","max-snippet":"max-snippet:-1","max-image-preview":"max-image-preview:large","max-video-preview":"max-video-preview:-1"},"canonical":"https:\/\/4tuneagencia.digital\/blog\/programa-de-alimentacao-do-trabalhador-pat-ministerio-do-portal-gov-br\/","og_locale":"pt_BR","og_type":"article","og_title":"Programa de Alimenta\u00e7\u00e3o do Trabalhador - PAT \u2014 Minist\u00e9rio do ... - Portal Gov.br","og_description":"A\u00e7\u00e3o Especial Setorial Junto \u00c0s Facilitadoras do PAT &#8211; Clique aqui e confira a Notifica\u00e7\u00e3o para Facilitadoras e abaixo o v\u00eddeo com orienta\u00e7\u00f5esO\u00a0Programa de Alimenta\u00e7\u00e3o do Trabalhador (PAT)\u00a0foi institu\u00eddo pela Lei n\u00ba 6.321, de 14 de abril de 1976, e, atualmente, encontra-se regulamentado pelo Decreto n 10.854, de 10 de novembro de 2021, com instru\u00e7\u00f5es...","og_url":"https:\/\/4tuneagencia.digital\/blog\/programa-de-alimentacao-do-trabalhador-pat-ministerio-do-portal-gov-br\/","og_site_name":"4tuneagencia.digital","article_published_time":"2023-10-31T20:59:41+00:00","author":"4tune","twitter_card":"summary_large_image","twitter_misc":{"Escrito por":"4tune","Est. tempo de leitura":"3 minutos"},"schema":{"@context":"https:\/\/schema.org","@graph":[{"@type":"Article","@id":"https:\/\/4tuneagencia.digital\/blog\/programa-de-alimentacao-do-trabalhador-pat-ministerio-do-portal-gov-br\/#article","isPartOf":{"@id":"https:\/\/4tuneagencia.digital\/blog\/programa-de-alimentacao-do-trabalhador-pat-ministerio-do-portal-gov-br\/"},"author":{"name":"4tune","@id":"https:\/\/4tuneagencia.digital\/blog\/#\/schema\/person\/7c40d2e8b9964c2390122613459c2100"},"headline":"Programa de Alimenta\u00e7\u00e3o do Trabalhador &#8211; PAT \u2014 Minist\u00e9rio do &#8230; &#8211; Portal Gov.br","datePublished":"2023-10-31T20:59:41+00:00","dateModified":"2023-10-31T20:59:41+00:00","mainEntityOfPage":{"@id":"https:\/\/4tuneagencia.digital\/blog\/programa-de-alimentacao-do-trabalhador-pat-ministerio-do-portal-gov-br\/"},"wordCount":706,"commentCount":0,"publisher":{"@id":"https:\/\/4tuneagencia.digital\/blog\/#organization"},"image":{"@id":"https:\/\/4tuneagencia.digital\/blog\/programa-de-alimentacao-do-trabalhador-pat-ministerio-do-portal-gov-br\/#primaryimage"},"thumbnailUrl":"https:\/\/4tuneagencia.digital\/blog\/wp-content\/uploads\/2023\/10\/wp-header-logo-1112.png","keywords":["Tutorial"],"articleSection":["Tutoriais"],"inLanguage":"pt-BR","potentialAction":[{"@type":"CommentAction","name":"Comment","target":["https:\/\/4tuneagencia.digital\/blog\/programa-de-alimentacao-do-trabalhador-pat-ministerio-do-portal-gov-br\/#respond"]}]},{"@type":"WebPage","@id":"https:\/\/4tuneagencia.digital\/blog\/programa-de-alimentacao-do-trabalhador-pat-ministerio-do-portal-gov-br\/","url":"https:\/\/4tuneagencia.digital\/blog\/programa-de-alimentacao-do-trabalhador-pat-ministerio-do-portal-gov-br\/","name":"Programa de Alimenta\u00e7\u00e3o do Trabalhador - PAT \u2014 Minist\u00e9rio do ... - Portal Gov.br - 4tuneagencia.digital","isPartOf":{"@id":"https:\/\/4tuneagencia.digital\/blog\/#website"},"primaryImageOfPage":{"@id":"https:\/\/4tuneagencia.digital\/blog\/programa-de-alimentacao-do-trabalhador-pat-ministerio-do-portal-gov-br\/#primaryimage"},"image":{"@id":"https:\/\/4tuneagencia.digital\/blog\/programa-de-alimentacao-do-trabalhador-pat-ministerio-do-portal-gov-br\/#primaryimage"},"thumbnailUrl":"https:\/\/4tuneagencia.digital\/blog\/wp-content\/uploads\/2023\/10\/wp-header-logo-1112.png","datePublished":"2023-10-31T20:59:41+00:00","dateModified":"2023-10-31T20:59:41+00:00","breadcrumb":{"@id":"https:\/\/4tuneagencia.digital\/blog\/programa-de-alimentacao-do-trabalhador-pat-ministerio-do-portal-gov-br\/#breadcrumb"},"inLanguage":"pt-BR","potentialAction":[{"@type":"ReadAction","target":["https:\/\/4tuneagencia.digital\/blog\/programa-de-alimentacao-do-trabalhador-pat-ministerio-do-portal-gov-br\/"]}]},{"@type":"ImageObject","inLanguage":"pt-BR","@id":"https:\/\/4tuneagencia.digital\/blog\/programa-de-alimentacao-do-trabalhador-pat-ministerio-do-portal-gov-br\/#primaryimage","url":"https:\/\/4tuneagencia.digital\/blog\/wp-content\/uploads\/2023\/10\/wp-header-logo-1112.png","contentUrl":"https:\/\/4tuneagencia.digital\/blog\/wp-content\/uploads\/2023\/10\/wp-header-logo-1112.png","width":600,"height":600},{"@type":"BreadcrumbList","@id":"https:\/\/4tuneagencia.digital\/blog\/programa-de-alimentacao-do-trabalhador-pat-ministerio-do-portal-gov-br\/#breadcrumb","itemListElement":[{"@type":"ListItem","position":1,"name":"In\u00edcio","item":"https:\/\/4tuneagencia.digital\/blog\/"},{"@type":"ListItem","position":2,"name":"Programa de Alimenta\u00e7\u00e3o do Trabalhador &#8211; PAT \u2014 Minist\u00e9rio do &#8230; &#8211; Portal Gov.br"}]},{"@type":"WebSite","@id":"https:\/\/4tuneagencia.digital\/blog\/#website","url":"https:\/\/4tuneagencia.digital\/blog\/","name":"4tuneagencia.digital","description":"Marketing e Web Designer ","publisher":{"@id":"https:\/\/4tuneagencia.digital\/blog\/#organization"},"potentialAction":[{"@type":"SearchAction","target":{"@type":"EntryPoint","urlTemplate":"https:\/\/4tuneagencia.digital\/blog\/?s={search_term_string}"},"query-input":"required name=search_term_string"}],"inLanguage":"pt-BR"},{"@type":"Organization","@id":"https:\/\/4tuneagencia.digital\/blog\/#organization","name":"4tuneagencia.digital","url":"https:\/\/4tuneagencia.digital\/blog\/","logo":{"@type":"ImageObject","inLanguage":"pt-BR","@id":"https:\/\/4tuneagencia.digital\/blog\/#\/schema\/logo\/image\/","url":"https:\/\/4tuneagencia.digital\/blog\/wp-content\/uploads\/2023\/09\/novo-logo-e1694954525541.png","contentUrl":"https:\/\/4tuneagencia.digital\/blog\/wp-content\/uploads\/2023\/09\/novo-logo-e1694954525541.png","width":250,"height":250,"caption":"4tuneagencia.digital"},"image":{"@id":"https:\/\/4tuneagencia.digital\/blog\/#\/schema\/logo\/image\/"}},{"@type":"Person","@id":"https:\/\/4tuneagencia.digital\/blog\/#\/schema\/person\/7c40d2e8b9964c2390122613459c2100","name":"4tune","image":{"@type":"ImageObject","inLanguage":"pt-BR","@id":"https:\/\/4tuneagencia.digital\/blog\/#\/schema\/person\/image\/","url":"https:\/\/secure.gravatar.com\/avatar\/e81e8ea0176022ee4555117aee5e3092bff2a7aaa930134f8023c7d4bc2f1495?s=96&d=mm&r=g","contentUrl":"https:\/\/secure.gravatar.com\/avatar\/e81e8ea0176022ee4555117aee5e3092bff2a7aaa930134f8023c7d4bc2f1495?s=96&d=mm&r=g","caption":"4tune"},"sameAs":["http:\/\/4tuneagencia.digital"],"url":"https:\/\/4tuneagencia.digital\/blog\/author\/admin\/"}]}},"jetpack_featured_media_url":"https:\/\/4tuneagencia.digital\/blog\/wp-content\/uploads\/2023\/10\/wp-header-logo-1112.png","_links":{"self":[{"href":"https:\/\/4tuneagencia.digital\/blog\/wp-json\/wp\/v2\/posts\/7782","targetHints":{"allow":["GET"]}}],"collection":[{"href":"https:\/\/4tuneagencia.digital\/blog\/wp-json\/wp\/v2\/posts"}],"about":[{"href":"https:\/\/4tuneagencia.digital\/blog\/wp-json\/wp\/v2\/types\/post"}],"author":[{"embeddable":true,"href":"https:\/\/4tuneagencia.digital\/blog\/wp-json\/wp\/v2\/users\/1"}],"replies":[{"embeddable":true,"href":"https:\/\/4tuneagencia.digital\/blog\/wp-json\/wp\/v2\/comments?post=7782"}],"version-history":[{"count":0,"href":"https:\/\/4tuneagencia.digital\/blog\/wp-json\/wp\/v2\/posts\/7782\/revisions"}],"wp:featuredmedia":[{"embeddable":true,"href":"https:\/\/4tuneagencia.digital\/blog\/wp-json\/wp\/v2\/media\/7783"}],"wp:attachment":[{"href":"https:\/\/4tuneagencia.digital\/blog\/wp-json\/wp\/v2\/media?parent=7782"}],"wp:term":[{"taxonomy":"category","embeddable":true,"href":"https:\/\/4tuneagencia.digital\/blog\/wp-json\/wp\/v2\/categories?post=7782"},{"taxonomy":"post_tag","embeddable":true,"href":"https:\/\/4tuneagencia.digital\/blog\/wp-json\/wp\/v2\/tags?post=7782"}],"curies":[{"name":"wp","href":"https:\/\/api.w.org\/{rel}","templated":true}]}}