{"id":8564,"date":"2023-11-10T00:32:06","date_gmt":"2023-11-10T03:32:06","guid":{"rendered":"https:\/\/4tuneagencia.digital\/blog\/marketing-holistico-e-tendencia-para-o-varejo-em-2023-mundo-do-marketing\/"},"modified":"2023-11-10T00:32:06","modified_gmt":"2023-11-10T03:32:06","slug":"marketing-holistico-e-tendencia-para-o-varejo-em-2023-mundo-do-marketing","status":"publish","type":"post","link":"https:\/\/4tuneagencia.digital\/blog\/marketing-holistico-e-tendencia-para-o-varejo-em-2023-mundo-do-marketing\/","title":{"rendered":"Marketing hol\u00edstico \u00e9 tend\u00eancia para o varejo em 2023 &#8211; Mundo do Marketing"},"content":{"rendered":"<p>Fique por dentro de todas as novidades do Mundo do Marketing<\/p>\n<p><span style=\"font-weight: 400;\">Vou abrir este artigo adaptando a famosa frase \u201cano novo, vida nova\u201d para uma vers\u00e3o important\u00edssima para o varejo: ano novo, tend\u00eancias novas. E nada melhor para come\u00e7ar o ano do que falando sobre a tend\u00eancia que vem ganhando cada vez mais espa\u00e7o no mercado, o marketing hol\u00edstico.<\/span><br \/><span style=\"font-weight: 400;\">Para come\u00e7ar, vamos entender o termo que d\u00e1 nome ao conceito. De origem grega, &#8220;holos&#8221; significa \u201cinteiro\u201d ou \u201ctodo\u201d e essa \u00e9 a principal premissa dessa metodologia.<\/span><br \/><span style=\"font-weight: 400;\">A cada dia vemos surgir uma nova ferramenta de marketing, o que \u00e9 \u00f3timo para a nossa \u00e1rea, por\u00e9m tamb\u00e9m observamos profissionais cada vez mais especializados e dedicados em processos de forma \u201cisolada\u201d. Isso faz com que empresas tenham mais setores e menos integra\u00e7\u00e3o.<\/span><br \/><span style=\"font-weight: 400;\">Sendo assim, analisar e trabalhar as verticais de um neg\u00f3cio como um todo, gerando sinergia entre as \u00e1reas e integrando processos \u00e9 a base do marketing hol\u00edstico. Uma das analogias mais utilizadas para definir o conceito \u00e9 a compara\u00e7\u00e3o da estrutura do corpo humano com o modelo de neg\u00f3cios, ambas precisam que todas as partes estejam interligadas, conversem entre si e trabalhem juntas para que o resultado final seja homog\u00eaneo.<\/span><br \/><span style=\"font-weight: 400;\">Quando olhamos de forma macro para os processos de uma empresa, visualizando departamentos como comercial, marketing e at\u00e9 mesmo vendas, podemos ter uma vis\u00e3o mais ampla de como ter bons resultados e entregar a melhor experi\u00eancia para o cliente.<\/span><br \/><b>Os quatro pilares do marketing hol\u00edstico<\/b><br \/><span style=\"font-weight: 400;\">Para entender melhor sobre essa metodologia, precisamos falar sobre os quatro pilares sobre qual essa ferramenta se sustenta:<\/span><br \/><b>Marketing integrado<\/b><br \/><span style=\"font-weight: 400;\">Aqui resgatamos os 4 P&#8217;s do marketing (sim, eles novamente) &#8211; produto, pre\u00e7o, pra\u00e7a e promo\u00e7\u00e3o devem ser trabalhados de forma sincronizada e ter um objetivo \u00fanico em comum. Quando essas \u00e1reas remam em uma s\u00f3 dire\u00e7\u00e3o, fica muito mais f\u00e1cil chegar a um destino final: a satisfa\u00e7\u00e3o do seu cliente.<\/span><br \/><b>Marketing de relacionamento<\/b><br \/><span style=\"font-weight: 400;\">Toda troca entre empresa e cliente \u00e9 importante, desde um an\u00fancio at\u00e9 um p\u00f3s-venda, por isso esse t\u00f3pico \u00e9 t\u00e3o importante. Estabelecer pr\u00e1ticas que aumentem o engajamento do seu p\u00fablico-alvo com seu neg\u00f3cio, como plano fidelidade, pesquisas de satisfa\u00e7\u00e3o e mensagens em datas especiais s\u00e3o algumas ferramentas que merecem receber aten\u00e7\u00e3o quando falamos de marketing de relacionamento.<\/span><br \/><span style=\"font-weight: 400;\">O mais importante aqui \u00e9 deixar claro para seu cliente que ele \u00e9 foco e mais do que tudo que ele \u00e9 ouvido, e suas reclama\u00e7\u00f5es atendidas.<\/span><br \/><b>Marketing de performance<\/b><br \/><span style=\"font-weight: 400;\">Ap\u00f3s executar os itens acima, voc\u00ea vai se perguntar: e agora? \u00c9 a\u00ed que o marketing de performance entra\u2026<\/span><br \/><span style=\"font-weight: 400;\">Saber metrificar e analisar os resultados de suas a\u00e7\u00f5es \u00e9 extremamente importante quando falamos de marketing hol\u00edstico. Por meio de m\u00e9tricas corretas, \u00e9 poss\u00edvel ter visibilidade do retorno tanto financeiro de suas a\u00e7\u00f5es (o famoso ROI) e tamb\u00e9m o retorno de imagem.<\/span><br \/><b>Marketing interno<\/b><br \/><span style=\"font-weight: 400;\">Por \u00faltimo (e obviamente n\u00e3o menos importante), temos o marketing interno, tamb\u00e9m conhecido como endomarketing, que tem o p\u00fablico interno de uma empresa como foco.<\/span><br \/><span style=\"font-weight: 400;\">Aqui trabalhamos a\u00e7\u00f5es de engajamento de funcion\u00e1rios com o objetivo de engajar e gerar colaboradores satisfeitos. Gerando frutos para a empresa, como reten\u00e7\u00e3o de talentos, maior conex\u00e3o entre funcion\u00e1rio e empresa, menor taxa de turnover e diversos outros fatores ligados a pr\u00e1ticas de recursos humanos.<\/span><span style=\"font-weight: 400;\">\u00a0<\/span><br \/><i><span style=\"font-weight: 400;\"><strong>*Caio Camargo<\/strong> \u00e9 diretor comercial da Linx<\/span><\/i><br \/><img fetchpriority=\"high\" fetchpriority=\"high\" decoding=\"async\" class=\"wp-image-147189 size-medium alignleft\" src=\"https:\/\/www.mundodomarketing.com.br\/wp-content\/uploads\/2023\/01\/Caio-Camargo-e1673885537824-300x272.jpg\" alt=\"\" width=\"300\" height=\"272\" srcset=\"https:\/\/www.mundodomarketing.com.br\/wp-content\/uploads\/2023\/01\/Caio-Camargo-e1673885537824-300x272.jpg 300w, https:\/\/www.mundodomarketing.com.br\/wp-content\/uploads\/2023\/01\/Caio-Camargo-e1673885537824-1024x928.jpg 1024w, https:\/\/www.mundodomarketing.com.br\/wp-content\/uploads\/2023\/01\/Caio-Camargo-e1673885537824-768x696.jpg 768w, https:\/\/www.mundodomarketing.com.br\/wp-content\/uploads\/2023\/01\/Caio-Camargo-e1673885537824.jpg 1367w\" sizes=\"(max-width: 300px) 100vw, 300px\" \/><br \/>Fique por dentro de todas as novidades do Mundo do Marketing<br \/>O Mundo do Marketing \u00e9 uma ferramenta de intelig\u00eancia estrat\u00e9gica que auxilia pequenas, m\u00e9dias e grandes empresas na tomada de decis\u00f5es que possam fazer a diferen\u00e7a nas organiza\u00e7\u00f5es e na vida das pessoas.<br \/>Fique por dentro de todas as novidades do Mundo do Marketing<br \/>2023 Mundo do Marketing. Todos os direitos reservados.<\/p>\n<p><a href=\"https:\/\/news.google.com\/rss\/articles\/CBMiWmh0dHBzOi8vd3d3Lm11bmRvZG9tYXJrZXRpbmcuY29tLmJyL21hcmtldGluZy1ob2xpc3RpY28tZS10ZW5kZW5jaWEtcGFyYS1vLXZhcmVqby1lbS0yMDIzL9IBAA?oc=5\">source<\/a><\/p>\n","protected":false},"excerpt":{"rendered":"<p>Fique por dentro de todas as novidades do Mundo do Marketing Vou abrir este artigo adaptando a famosa frase \u201cano novo, vida nova\u201d para uma vers\u00e3o important\u00edssima para o varejo: ano novo, tend\u00eancias novas. E nada melhor para come\u00e7ar o ano do que falando sobre a tend\u00eancia que vem ganhando cada vez mais espa\u00e7o no&#8230;<\/p>\n","protected":false},"author":1,"featured_media":8565,"comment_status":"open","ping_status":"open","sticky":false,"template":"","format":"standard","meta":{"footnotes":""},"categories":[32],"tags":[36],"class_list":["post-8564","post","type-post","status-publish","format-standard","has-post-thumbnail","hentry","category-marketing","tag-marketing"],"yoast_head":"<!-- This site is optimized with the Yoast SEO Premium plugin v21.1 (Yoast SEO v22.7) - https:\/\/yoast.com\/wordpress\/plugins\/seo\/ -->\n<title>Marketing hol\u00edstico \u00e9 tend\u00eancia para o varejo em 2023 - Mundo do Marketing - 4tuneagencia.digital<\/title>\n<meta name=\"robots\" content=\"index, follow, max-snippet:-1, max-image-preview:large, max-video-preview:-1\" \/>\n<link rel=\"canonical\" href=\"https:\/\/4tuneagencia.digital\/blog\/marketing-holistico-e-tendencia-para-o-varejo-em-2023-mundo-do-marketing\/\" \/>\n<meta property=\"og:locale\" content=\"pt_BR\" \/>\n<meta property=\"og:type\" content=\"article\" \/>\n<meta property=\"og:title\" content=\"Marketing hol\u00edstico \u00e9 tend\u00eancia para o varejo em 2023 - Mundo do Marketing\" \/>\n<meta property=\"og:description\" content=\"Fique por dentro de todas as novidades do Mundo do Marketing Vou abrir este artigo adaptando a famosa frase \u201cano novo, vida nova\u201d para uma vers\u00e3o important\u00edssima para o varejo: ano novo, tend\u00eancias novas. E nada melhor para come\u00e7ar o ano do que falando sobre a tend\u00eancia que vem ganhando cada vez mais espa\u00e7o no...\" \/>\n<meta property=\"og:url\" content=\"https:\/\/4tuneagencia.digital\/blog\/marketing-holistico-e-tendencia-para-o-varejo-em-2023-mundo-do-marketing\/\" \/>\n<meta property=\"og:site_name\" content=\"4tuneagencia.digital\" \/>\n<meta property=\"article:published_time\" content=\"2023-11-10T03:32:06+00:00\" \/>\n<meta property=\"og:image\" content=\"https:\/\/www.mundodomarketing.com.br\/wp-content\/uploads\/2023\/01\/Caio-Camargo-e1673885537824-300x272.jpg\" \/>\n<meta name=\"author\" content=\"4tune\" \/>\n<meta name=\"twitter:card\" content=\"summary_large_image\" \/>\n<meta name=\"twitter:label1\" content=\"Escrito por\" \/>\n\t<meta name=\"twitter:data1\" content=\"4tune\" \/>\n\t<meta name=\"twitter:label2\" content=\"Est. tempo de leitura\" \/>\n\t<meta name=\"twitter:data2\" content=\"3 minutos\" \/>\n<script type=\"application\/ld+json\" class=\"yoast-schema-graph\">{\"@context\":\"https:\/\/schema.org\",\"@graph\":[{\"@type\":\"Article\",\"@id\":\"https:\/\/4tuneagencia.digital\/blog\/marketing-holistico-e-tendencia-para-o-varejo-em-2023-mundo-do-marketing\/#article\",\"isPartOf\":{\"@id\":\"https:\/\/4tuneagencia.digital\/blog\/marketing-holistico-e-tendencia-para-o-varejo-em-2023-mundo-do-marketing\/\"},\"author\":{\"name\":\"4tune\",\"@id\":\"https:\/\/4tuneagencia.digital\/blog\/#\/schema\/person\/7c40d2e8b9964c2390122613459c2100\"},\"headline\":\"Marketing hol\u00edstico \u00e9 tend\u00eancia para o varejo em 2023 &#8211; Mundo do Marketing\",\"datePublished\":\"2023-11-10T03:32:06+00:00\",\"dateModified\":\"2023-11-10T03:32:06+00:00\",\"mainEntityOfPage\":{\"@id\":\"https:\/\/4tuneagencia.digital\/blog\/marketing-holistico-e-tendencia-para-o-varejo-em-2023-mundo-do-marketing\/\"},\"wordCount\":664,\"commentCount\":0,\"publisher\":{\"@id\":\"https:\/\/4tuneagencia.digital\/blog\/#organization\"},\"image\":{\"@id\":\"https:\/\/4tuneagencia.digital\/blog\/marketing-holistico-e-tendencia-para-o-varejo-em-2023-mundo-do-marketing\/#primaryimage\"},\"thumbnailUrl\":\"https:\/\/4tuneagencia.digital\/blog\/wp-content\/uploads\/2023\/11\/wp-header-logo-368.png\",\"keywords\":[\"Marketing\"],\"articleSection\":[\"Marketing\"],\"inLanguage\":\"pt-BR\",\"potentialAction\":[{\"@type\":\"CommentAction\",\"name\":\"Comment\",\"target\":[\"https:\/\/4tuneagencia.digital\/blog\/marketing-holistico-e-tendencia-para-o-varejo-em-2023-mundo-do-marketing\/#respond\"]}]},{\"@type\":\"WebPage\",\"@id\":\"https:\/\/4tuneagencia.digital\/blog\/marketing-holistico-e-tendencia-para-o-varejo-em-2023-mundo-do-marketing\/\",\"url\":\"https:\/\/4tuneagencia.digital\/blog\/marketing-holistico-e-tendencia-para-o-varejo-em-2023-mundo-do-marketing\/\",\"name\":\"Marketing hol\u00edstico \u00e9 tend\u00eancia para o varejo em 2023 - Mundo do Marketing - 4tuneagencia.digital\",\"isPartOf\":{\"@id\":\"https:\/\/4tuneagencia.digital\/blog\/#website\"},\"primaryImageOfPage\":{\"@id\":\"https:\/\/4tuneagencia.digital\/blog\/marketing-holistico-e-tendencia-para-o-varejo-em-2023-mundo-do-marketing\/#primaryimage\"},\"image\":{\"@id\":\"https:\/\/4tuneagencia.digital\/blog\/marketing-holistico-e-tendencia-para-o-varejo-em-2023-mundo-do-marketing\/#primaryimage\"},\"thumbnailUrl\":\"https:\/\/4tuneagencia.digital\/blog\/wp-content\/uploads\/2023\/11\/wp-header-logo-368.png\",\"datePublished\":\"2023-11-10T03:32:06+00:00\",\"dateModified\":\"2023-11-10T03:32:06+00:00\",\"breadcrumb\":{\"@id\":\"https:\/\/4tuneagencia.digital\/blog\/marketing-holistico-e-tendencia-para-o-varejo-em-2023-mundo-do-marketing\/#breadcrumb\"},\"inLanguage\":\"pt-BR\",\"potentialAction\":[{\"@type\":\"ReadAction\",\"target\":[\"https:\/\/4tuneagencia.digital\/blog\/marketing-holistico-e-tendencia-para-o-varejo-em-2023-mundo-do-marketing\/\"]}]},{\"@type\":\"ImageObject\",\"inLanguage\":\"pt-BR\",\"@id\":\"https:\/\/4tuneagencia.digital\/blog\/marketing-holistico-e-tendencia-para-o-varejo-em-2023-mundo-do-marketing\/#primaryimage\",\"url\":\"https:\/\/4tuneagencia.digital\/blog\/wp-content\/uploads\/2023\/11\/wp-header-logo-368.png\",\"contentUrl\":\"https:\/\/4tuneagencia.digital\/blog\/wp-content\/uploads\/2023\/11\/wp-header-logo-368.png\",\"width\":935,\"height\":715},{\"@type\":\"BreadcrumbList\",\"@id\":\"https:\/\/4tuneagencia.digital\/blog\/marketing-holistico-e-tendencia-para-o-varejo-em-2023-mundo-do-marketing\/#breadcrumb\",\"itemListElement\":[{\"@type\":\"ListItem\",\"position\":1,\"name\":\"In\u00edcio\",\"item\":\"https:\/\/4tuneagencia.digital\/blog\/\"},{\"@type\":\"ListItem\",\"position\":2,\"name\":\"Marketing hol\u00edstico \u00e9 tend\u00eancia para o varejo em 2023 &#8211; Mundo do Marketing\"}]},{\"@type\":\"WebSite\",\"@id\":\"https:\/\/4tuneagencia.digital\/blog\/#website\",\"url\":\"https:\/\/4tuneagencia.digital\/blog\/\",\"name\":\"4tuneagencia.digital\",\"description\":\"Marketing e Web Designer \",\"publisher\":{\"@id\":\"https:\/\/4tuneagencia.digital\/blog\/#organization\"},\"potentialAction\":[{\"@type\":\"SearchAction\",\"target\":{\"@type\":\"EntryPoint\",\"urlTemplate\":\"https:\/\/4tuneagencia.digital\/blog\/?s={search_term_string}\"},\"query-input\":\"required name=search_term_string\"}],\"inLanguage\":\"pt-BR\"},{\"@type\":\"Organization\",\"@id\":\"https:\/\/4tuneagencia.digital\/blog\/#organization\",\"name\":\"4tuneagencia.digital\",\"url\":\"https:\/\/4tuneagencia.digital\/blog\/\",\"logo\":{\"@type\":\"ImageObject\",\"inLanguage\":\"pt-BR\",\"@id\":\"https:\/\/4tuneagencia.digital\/blog\/#\/schema\/logo\/image\/\",\"url\":\"https:\/\/4tuneagencia.digital\/blog\/wp-content\/uploads\/2023\/09\/novo-logo-e1694954525541.png\",\"contentUrl\":\"https:\/\/4tuneagencia.digital\/blog\/wp-content\/uploads\/2023\/09\/novo-logo-e1694954525541.png\",\"width\":250,\"height\":250,\"caption\":\"4tuneagencia.digital\"},\"image\":{\"@id\":\"https:\/\/4tuneagencia.digital\/blog\/#\/schema\/logo\/image\/\"}},{\"@type\":\"Person\",\"@id\":\"https:\/\/4tuneagencia.digital\/blog\/#\/schema\/person\/7c40d2e8b9964c2390122613459c2100\",\"name\":\"4tune\",\"image\":{\"@type\":\"ImageObject\",\"inLanguage\":\"pt-BR\",\"@id\":\"https:\/\/4tuneagencia.digital\/blog\/#\/schema\/person\/image\/\",\"url\":\"https:\/\/secure.gravatar.com\/avatar\/e81e8ea0176022ee4555117aee5e3092bff2a7aaa930134f8023c7d4bc2f1495?s=96&d=mm&r=g\",\"contentUrl\":\"https:\/\/secure.gravatar.com\/avatar\/e81e8ea0176022ee4555117aee5e3092bff2a7aaa930134f8023c7d4bc2f1495?s=96&d=mm&r=g\",\"caption\":\"4tune\"},\"sameAs\":[\"http:\/\/4tuneagencia.digital\"],\"url\":\"https:\/\/4tuneagencia.digital\/blog\/author\/admin\/\"}]}<\/script>\n<!-- \/ Yoast SEO Premium plugin. -->","yoast_head_json":{"title":"Marketing hol\u00edstico \u00e9 tend\u00eancia para o varejo em 2023 - Mundo do Marketing - 4tuneagencia.digital","robots":{"index":"index","follow":"follow","max-snippet":"max-snippet:-1","max-image-preview":"max-image-preview:large","max-video-preview":"max-video-preview:-1"},"canonical":"https:\/\/4tuneagencia.digital\/blog\/marketing-holistico-e-tendencia-para-o-varejo-em-2023-mundo-do-marketing\/","og_locale":"pt_BR","og_type":"article","og_title":"Marketing hol\u00edstico \u00e9 tend\u00eancia para o varejo em 2023 - Mundo do Marketing","og_description":"Fique por dentro de todas as novidades do Mundo do Marketing Vou abrir este artigo adaptando a famosa frase \u201cano novo, vida nova\u201d para uma vers\u00e3o important\u00edssima para o varejo: ano novo, tend\u00eancias novas. E nada melhor para come\u00e7ar o ano do que falando sobre a tend\u00eancia que vem ganhando cada vez mais espa\u00e7o no...","og_url":"https:\/\/4tuneagencia.digital\/blog\/marketing-holistico-e-tendencia-para-o-varejo-em-2023-mundo-do-marketing\/","og_site_name":"4tuneagencia.digital","article_published_time":"2023-11-10T03:32:06+00:00","og_image":[{"url":"https:\/\/www.mundodomarketing.com.br\/wp-content\/uploads\/2023\/01\/Caio-Camargo-e1673885537824-300x272.jpg"}],"author":"4tune","twitter_card":"summary_large_image","twitter_misc":{"Escrito por":"4tune","Est. tempo de leitura":"3 minutos"},"schema":{"@context":"https:\/\/schema.org","@graph":[{"@type":"Article","@id":"https:\/\/4tuneagencia.digital\/blog\/marketing-holistico-e-tendencia-para-o-varejo-em-2023-mundo-do-marketing\/#article","isPartOf":{"@id":"https:\/\/4tuneagencia.digital\/blog\/marketing-holistico-e-tendencia-para-o-varejo-em-2023-mundo-do-marketing\/"},"author":{"name":"4tune","@id":"https:\/\/4tuneagencia.digital\/blog\/#\/schema\/person\/7c40d2e8b9964c2390122613459c2100"},"headline":"Marketing hol\u00edstico \u00e9 tend\u00eancia para o varejo em 2023 &#8211; Mundo do Marketing","datePublished":"2023-11-10T03:32:06+00:00","dateModified":"2023-11-10T03:32:06+00:00","mainEntityOfPage":{"@id":"https:\/\/4tuneagencia.digital\/blog\/marketing-holistico-e-tendencia-para-o-varejo-em-2023-mundo-do-marketing\/"},"wordCount":664,"commentCount":0,"publisher":{"@id":"https:\/\/4tuneagencia.digital\/blog\/#organization"},"image":{"@id":"https:\/\/4tuneagencia.digital\/blog\/marketing-holistico-e-tendencia-para-o-varejo-em-2023-mundo-do-marketing\/#primaryimage"},"thumbnailUrl":"https:\/\/4tuneagencia.digital\/blog\/wp-content\/uploads\/2023\/11\/wp-header-logo-368.png","keywords":["Marketing"],"articleSection":["Marketing"],"inLanguage":"pt-BR","potentialAction":[{"@type":"CommentAction","name":"Comment","target":["https:\/\/4tuneagencia.digital\/blog\/marketing-holistico-e-tendencia-para-o-varejo-em-2023-mundo-do-marketing\/#respond"]}]},{"@type":"WebPage","@id":"https:\/\/4tuneagencia.digital\/blog\/marketing-holistico-e-tendencia-para-o-varejo-em-2023-mundo-do-marketing\/","url":"https:\/\/4tuneagencia.digital\/blog\/marketing-holistico-e-tendencia-para-o-varejo-em-2023-mundo-do-marketing\/","name":"Marketing hol\u00edstico \u00e9 tend\u00eancia para o varejo em 2023 - Mundo do Marketing - 4tuneagencia.digital","isPartOf":{"@id":"https:\/\/4tuneagencia.digital\/blog\/#website"},"primaryImageOfPage":{"@id":"https:\/\/4tuneagencia.digital\/blog\/marketing-holistico-e-tendencia-para-o-varejo-em-2023-mundo-do-marketing\/#primaryimage"},"image":{"@id":"https:\/\/4tuneagencia.digital\/blog\/marketing-holistico-e-tendencia-para-o-varejo-em-2023-mundo-do-marketing\/#primaryimage"},"thumbnailUrl":"https:\/\/4tuneagencia.digital\/blog\/wp-content\/uploads\/2023\/11\/wp-header-logo-368.png","datePublished":"2023-11-10T03:32:06+00:00","dateModified":"2023-11-10T03:32:06+00:00","breadcrumb":{"@id":"https:\/\/4tuneagencia.digital\/blog\/marketing-holistico-e-tendencia-para-o-varejo-em-2023-mundo-do-marketing\/#breadcrumb"},"inLanguage":"pt-BR","potentialAction":[{"@type":"ReadAction","target":["https:\/\/4tuneagencia.digital\/blog\/marketing-holistico-e-tendencia-para-o-varejo-em-2023-mundo-do-marketing\/"]}]},{"@type":"ImageObject","inLanguage":"pt-BR","@id":"https:\/\/4tuneagencia.digital\/blog\/marketing-holistico-e-tendencia-para-o-varejo-em-2023-mundo-do-marketing\/#primaryimage","url":"https:\/\/4tuneagencia.digital\/blog\/wp-content\/uploads\/2023\/11\/wp-header-logo-368.png","contentUrl":"https:\/\/4tuneagencia.digital\/blog\/wp-content\/uploads\/2023\/11\/wp-header-logo-368.png","width":935,"height":715},{"@type":"BreadcrumbList","@id":"https:\/\/4tuneagencia.digital\/blog\/marketing-holistico-e-tendencia-para-o-varejo-em-2023-mundo-do-marketing\/#breadcrumb","itemListElement":[{"@type":"ListItem","position":1,"name":"In\u00edcio","item":"https:\/\/4tuneagencia.digital\/blog\/"},{"@type":"ListItem","position":2,"name":"Marketing hol\u00edstico \u00e9 tend\u00eancia para o varejo em 2023 &#8211; Mundo do Marketing"}]},{"@type":"WebSite","@id":"https:\/\/4tuneagencia.digital\/blog\/#website","url":"https:\/\/4tuneagencia.digital\/blog\/","name":"4tuneagencia.digital","description":"Marketing e Web Designer ","publisher":{"@id":"https:\/\/4tuneagencia.digital\/blog\/#organization"},"potentialAction":[{"@type":"SearchAction","target":{"@type":"EntryPoint","urlTemplate":"https:\/\/4tuneagencia.digital\/blog\/?s={search_term_string}"},"query-input":"required name=search_term_string"}],"inLanguage":"pt-BR"},{"@type":"Organization","@id":"https:\/\/4tuneagencia.digital\/blog\/#organization","name":"4tuneagencia.digital","url":"https:\/\/4tuneagencia.digital\/blog\/","logo":{"@type":"ImageObject","inLanguage":"pt-BR","@id":"https:\/\/4tuneagencia.digital\/blog\/#\/schema\/logo\/image\/","url":"https:\/\/4tuneagencia.digital\/blog\/wp-content\/uploads\/2023\/09\/novo-logo-e1694954525541.png","contentUrl":"https:\/\/4tuneagencia.digital\/blog\/wp-content\/uploads\/2023\/09\/novo-logo-e1694954525541.png","width":250,"height":250,"caption":"4tuneagencia.digital"},"image":{"@id":"https:\/\/4tuneagencia.digital\/blog\/#\/schema\/logo\/image\/"}},{"@type":"Person","@id":"https:\/\/4tuneagencia.digital\/blog\/#\/schema\/person\/7c40d2e8b9964c2390122613459c2100","name":"4tune","image":{"@type":"ImageObject","inLanguage":"pt-BR","@id":"https:\/\/4tuneagencia.digital\/blog\/#\/schema\/person\/image\/","url":"https:\/\/secure.gravatar.com\/avatar\/e81e8ea0176022ee4555117aee5e3092bff2a7aaa930134f8023c7d4bc2f1495?s=96&d=mm&r=g","contentUrl":"https:\/\/secure.gravatar.com\/avatar\/e81e8ea0176022ee4555117aee5e3092bff2a7aaa930134f8023c7d4bc2f1495?s=96&d=mm&r=g","caption":"4tune"},"sameAs":["http:\/\/4tuneagencia.digital"],"url":"https:\/\/4tuneagencia.digital\/blog\/author\/admin\/"}]}},"jetpack_featured_media_url":"https:\/\/4tuneagencia.digital\/blog\/wp-content\/uploads\/2023\/11\/wp-header-logo-368.png","_links":{"self":[{"href":"https:\/\/4tuneagencia.digital\/blog\/wp-json\/wp\/v2\/posts\/8564","targetHints":{"allow":["GET"]}}],"collection":[{"href":"https:\/\/4tuneagencia.digital\/blog\/wp-json\/wp\/v2\/posts"}],"about":[{"href":"https:\/\/4tuneagencia.digital\/blog\/wp-json\/wp\/v2\/types\/post"}],"author":[{"embeddable":true,"href":"https:\/\/4tuneagencia.digital\/blog\/wp-json\/wp\/v2\/users\/1"}],"replies":[{"embeddable":true,"href":"https:\/\/4tuneagencia.digital\/blog\/wp-json\/wp\/v2\/comments?post=8564"}],"version-history":[{"count":0,"href":"https:\/\/4tuneagencia.digital\/blog\/wp-json\/wp\/v2\/posts\/8564\/revisions"}],"wp:featuredmedia":[{"embeddable":true,"href":"https:\/\/4tuneagencia.digital\/blog\/wp-json\/wp\/v2\/media\/8565"}],"wp:attachment":[{"href":"https:\/\/4tuneagencia.digital\/blog\/wp-json\/wp\/v2\/media?parent=8564"}],"wp:term":[{"taxonomy":"category","embeddable":true,"href":"https:\/\/4tuneagencia.digital\/blog\/wp-json\/wp\/v2\/categories?post=8564"},{"taxonomy":"post_tag","embeddable":true,"href":"https:\/\/4tuneagencia.digital\/blog\/wp-json\/wp\/v2\/tags?post=8564"}],"curies":[{"name":"wp","href":"https:\/\/api.w.org\/{rel}","templated":true}]}}