{"id":8643,"date":"2023-11-11T11:06:18","date_gmt":"2023-11-11T14:06:18","guid":{"rendered":"https:\/\/4tuneagencia.digital\/blog\/como-por-uma-foto-em-movimento-no-adobe-premiere-pro-techtudo\/"},"modified":"2023-11-11T11:06:18","modified_gmt":"2023-11-11T14:06:18","slug":"como-por-uma-foto-em-movimento-no-adobe-premiere-pro-techtudo","status":"publish","type":"post","link":"https:\/\/4tuneagencia.digital\/blog\/como-por-uma-foto-em-movimento-no-adobe-premiere-pro-techtudo\/","title":{"rendered":"Como p\u00f4r uma foto em movimento no Adobe Premiere Pro &#8211; TechTudo"},"content":{"rendered":"<p>Por Da Reda\u00e7\u00e3o; Para O TechTudo <br \/> <time itemprop=\"datePublished\" datetime=\"2016-07-12T14:55:37.030-03:00\"> 12\/07\/2016 14h55 <\/time> <span class=\"content-publication-data__updated-relative\"> <time itemprop=\"dateModified\" datetime=\"2016-07-12 14:55:37.030\"> Atualizado <amp-timeago layout=\"fixed\" width=\"160\" height=\"20\" datetime=\"2016-07-12T17:55:37.030000Z\" locale=\"ptBR\" class=\"content-publication-data__amp-timeago\"> 12\/07\/2016 <\/amp-timeago> <\/time> <\/span> <br \/> O <a class href=\"http:\/\/www.techtudo.com.br\/tudo-sobre\/adobe-premiere.html\">Adobe Premiere Pro<\/a> conta com um recurso muito \u00fatil que permite ao usu\u00e1rio p\u00f4r uma foto em movimento. Dessa maneira, caso a pessoa queira utilizar uma imagem, pode fazer movimentos semelhantes ao de uma c\u00e2mera, como dar zoom e fazer um movimento panor\u00e2mico, por exemplo.<\/p>\n<p> <a class href=\"http:\/\/www.techtudo.com.br\/dicas-e-tutoriais\/noticia\/2015\/08\/nove-maneiras-de-minimizar-o-tamanho-de-imagens-no-adobe-illustrator.html\">Nove maneiras de minimizar o tamanho de imagens no Adobe Illustrator<\/a><\/p>\n<p> O procedimento \u00e9 realizado atrav\u00e9s das fun\u00e7\u00f5es \u201cPosition\u201d e \u201cScale\u201d, que podem ser alteradas nos controles de efeitos.<\/p>\n<p> Vale ressaltar que o passo a passo para colocar movimentos em uma foto \u00e9 mesmo que para v\u00eddeos. Veja, no tutorial abaixo, como p\u00f4r uma imagem em movimento no Adobe Premiere.<\/p>\n<p> Passo 1. Abra o seu projeto no Adobe Premiere e arraste a imagem que voc\u00ea deseja usar para a sequ\u00eancia do seu v\u00eddeo;<\/p>\n<p> <a class href=\"http:\/\/www.techtudo.com.br\/tudo-sobre\/techtudo.html\">Download do app do TechTudo<\/a>: receba dicas e not\u00edcias de tecnologia no Android ou iPhone<\/p>\n<p> Passo 2. Na sequ\u00eancia, clique duas vezes na imagem para selecion\u00e1-la. Depois, v\u00e1 at\u00e9 \u201cEffect Controls\u201d e abra a aba \u201cMotion\u201d. Note que duas op\u00e7\u00f5es ir\u00e3o aparecer nesta janela: \u201cPosition\u201d e \u201cScale\u201d;<\/p>\n<p> Passo 3. O \u201cPosition\u201d altera o local da imagem \u2013 horizontal e verticalmente. J\u00e1 o \u201cScale\u201d muda o tamanho da foto, permitindo dar ou tirar zoom.\u00a0Depois de achar essas duas fun\u00e7\u00f5es, coloque o cursor da sua sequ\u00eancia em cima do local da imagem que voc\u00ea deseja que o movimento comece.<\/p>\n<p> Feito isso, clique no s\u00edmbolo de um rel\u00f3gio ao lado do \u201cPosition\u201d e do \u201cScale\u201d para ativ\u00e1-los;<\/p>\n<p> <a class href=\"http:\/\/forum.techtudo.com.br\/perguntas\/120437\/alem-do-photoshop-e-o-gimp-qual-e-o-melhor-editor-de-imagens\" target=\"_blank\" rel=\"noopener\">Qual \u00e9 o seu editor de fotos favorito?<\/a>\u00a0Comente no F\u00f3rum do TechTudo<\/p>\n<p> Passo 4. Agora que voc\u00ea j\u00e1 definiu o local de in\u00edcio do movimento da imagem, \u00e9 preciso determinar onde termina. Para isso, posicione o cursor no local de t\u00e9rmino do movimento;<\/p>\n<p> Passo 5. A partir de agora, voc\u00ea tem duas op\u00e7\u00f5es: a primeira \u2013 e mais usada \u2013 \u00e9 clicar em cima da imagem e arrast\u00e1-la manualmente para o local em que o movimento deve terminar.<\/p>\n<p>A segunda alternativa \u00e9 alterar atrav\u00e9s do \u201cPosition\u201d e \u201cScale\u201d. Se quiser fazer desta maneira, basta mudar os n\u00fameros localizados ao lado dessas duas fun\u00e7\u00f5es.<\/p>\n<p> \u201cScale\u201d tem apenas um, que serve para aumentar ou diminuir o tamanho da foto. J\u00e1 o \u201cPosition\u201d tem dois: um para alterar a posi\u00e7\u00e3o na vertical e outro para a horizontal.<\/p>\n<p> Ao fazer as mudan\u00e7as nos n\u00fameros, voc\u00ea perceber\u00e1 que a imagem ao lado tamb\u00e9m ir\u00e1 mudar de lugar.<\/p>\n<p> Pronto. Agora que voc\u00ea j\u00e1 definiu o local de in\u00edcio e de t\u00e9rmino do movimento, \u00e9 s\u00f3 dar play para ver o resultado. Caso queira fazer alguma altera\u00e7\u00e3o, \u00e9 s\u00f3 repetir as etapas do procedimento.<\/p>\n<p>Cerca de R$ 7,3 bilh\u00f5es ainda n\u00e3o foram resgatados no Sistema de Valores a Receber (SVR); veja como verificar e solicitar saque do dinheiro esquecido a partir do seu CPF<br \/>Tecnologia de roteadores mais modernos promete oferecer ampla \u00e1rea de cobertura, conex\u00e3o mais inteligente e pode inibir \u00e1reas com sinal fraco em sua rede Wi-Fi.<br \/>Palmeiras recebe o Internacional hoje (11) pelo Campeonato Brasileiro 2023; saiba o hor\u00e1rio, as escala\u00e7\u00f5es e veja como acompanhar a partida online pelo Globoplay<br \/>Confira as diferen\u00e7as entre o novo Steam Deck OLED e o Steam Deck padr\u00e3o, PC port\u00e1til da Valve utilizado para jogar games do Steam<br \/>Cl\u00e1ssico carioca decisivo para o Flamengo pelo Brasileir\u00e3o 2023 contar\u00e1 com transmiss\u00e3o ao vivo no Globoplay para assinantes; veja hor\u00e1rio e como acompanhar online<br \/>H\u00e1 diversas a\u00e7\u00f5es necess\u00e1rias para a correta migra\u00e7\u00e3o do WhatsApp no Android para o iPhone; a seguir, confira dicas e saiba como evitar erros no processo de trocar de aparelho<br \/>Remake do RPG do Mario ser\u00e1 um exclusivo para Nintendo Switch, com atualiza\u00e7\u00f5es na gameplay e visuais atualizados; jogo original foi criado em 1996 para Super Nintendo<br \/>Sele\u00e7\u00e3o apresenta aparelhos modernos com resolu\u00e7\u00e3o 4K UHD de marcas como Samsung e TCL para assistir campeonatos de futebol ou filmes em alta defini\u00e7\u00e3o: veja detalhes e pre\u00e7os<br \/>Entenda como funcionam os ve\u00edculos que prometem ser o futuro da mobilidade urbana. Descubra se j\u00e1 est\u00e1 na hora de considerar um ve\u00edculo el\u00e9trico no mercado brasileiro.<br \/> &#169; 1996 &#8211; 2023. Todos direitos reservados a Editora Globo S\/A. Este material n\u00e3o pode ser publicado, transmitido por broadcast, reescrito ou redistribu\u00eddo sem autoriza\u00e7\u00e3o. <\/p>\n<p><a href=\"https:\/\/news.google.com\/rss\/articles\/CBMiZ2h0dHBzOi8vd3d3LnRlY2h0dWRvLmNvbS5ici9ub3RpY2lhcy8yMDE2LzA3L2NvbW8tcG9yLXVtYS1mb3RvLWVtLW1vdmltZW50by1uby1hZG9iZS1wcmVtaWVyZS1wcm8uZ2h0bWzSAXJodHRwczovL3d3dy50ZWNodHVkby5jb20uYnIvZ29vZ2xlL2FtcC9ub3RpY2lhcy8yMDE2LzA3L2NvbW8tcG9yLXVtYS1mb3RvLWVtLW1vdmltZW50by1uby1hZG9iZS1wcmVtaWVyZS1wcm8uZ2h0bWw?oc=5\">source<\/a><\/p>\n","protected":false},"excerpt":{"rendered":"<p>Por Da Reda\u00e7\u00e3o; Para O TechTudo 12\/07\/2016 14h55 Atualizado 12\/07\/2016 O Adobe Premiere Pro conta com um recurso muito \u00fatil que permite ao usu\u00e1rio p\u00f4r uma foto em movimento. Dessa maneira, caso a pessoa queira utilizar uma imagem, pode fazer movimentos semelhantes ao de uma c\u00e2mera, como dar zoom e fazer um movimento panor\u00e2mico, por&#8230;<\/p>\n","protected":false},"author":1,"featured_media":8644,"comment_status":"open","ping_status":"open","sticky":false,"template":"","format":"standard","meta":{"footnotes":""},"categories":[1],"tags":[69],"class_list":["post-8643","post","type-post","status-publish","format-standard","has-post-thumbnail","hentry","category-tutoriais","tag-tutorial"],"yoast_head":"<!-- This site is optimized with the Yoast SEO Premium plugin v21.1 (Yoast SEO v22.7) - https:\/\/yoast.com\/wordpress\/plugins\/seo\/ -->\n<title>Como p\u00f4r uma foto em movimento no Adobe Premiere Pro - TechTudo - 4tuneagencia.digital<\/title>\n<meta name=\"robots\" content=\"index, follow, max-snippet:-1, max-image-preview:large, max-video-preview:-1\" \/>\n<link rel=\"canonical\" href=\"https:\/\/4tuneagencia.digital\/blog\/como-por-uma-foto-em-movimento-no-adobe-premiere-pro-techtudo\/\" \/>\n<meta property=\"og:locale\" content=\"pt_BR\" \/>\n<meta property=\"og:type\" content=\"article\" \/>\n<meta property=\"og:title\" content=\"Como p\u00f4r uma foto em movimento no Adobe Premiere Pro - TechTudo\" \/>\n<meta property=\"og:description\" content=\"Por Da Reda\u00e7\u00e3o; Para O TechTudo 12\/07\/2016 14h55 Atualizado 12\/07\/2016 O Adobe Premiere Pro conta com um recurso muito \u00fatil que permite ao usu\u00e1rio p\u00f4r uma foto em movimento. Dessa maneira, caso a pessoa queira utilizar uma imagem, pode fazer movimentos semelhantes ao de uma c\u00e2mera, como dar zoom e fazer um movimento panor\u00e2mico, por...\" \/>\n<meta property=\"og:url\" content=\"https:\/\/4tuneagencia.digital\/blog\/como-por-uma-foto-em-movimento-no-adobe-premiere-pro-techtudo\/\" \/>\n<meta property=\"og:site_name\" content=\"4tuneagencia.digital\" \/>\n<meta property=\"article:published_time\" content=\"2023-11-11T14:06:18+00:00\" \/>\n<meta name=\"author\" content=\"4tune\" \/>\n<meta name=\"twitter:card\" content=\"summary_large_image\" \/>\n<meta name=\"twitter:label1\" content=\"Escrito por\" \/>\n\t<meta name=\"twitter:data1\" content=\"4tune\" \/>\n\t<meta name=\"twitter:label2\" content=\"Est. tempo de leitura\" \/>\n\t<meta name=\"twitter:data2\" content=\"4 minutos\" \/>\n<script type=\"application\/ld+json\" class=\"yoast-schema-graph\">{\"@context\":\"https:\/\/schema.org\",\"@graph\":[{\"@type\":\"Article\",\"@id\":\"https:\/\/4tuneagencia.digital\/blog\/como-por-uma-foto-em-movimento-no-adobe-premiere-pro-techtudo\/#article\",\"isPartOf\":{\"@id\":\"https:\/\/4tuneagencia.digital\/blog\/como-por-uma-foto-em-movimento-no-adobe-premiere-pro-techtudo\/\"},\"author\":{\"name\":\"4tune\",\"@id\":\"https:\/\/4tuneagencia.digital\/blog\/#\/schema\/person\/7c40d2e8b9964c2390122613459c2100\"},\"headline\":\"Como p\u00f4r uma foto em movimento no Adobe Premiere Pro &#8211; TechTudo\",\"datePublished\":\"2023-11-11T14:06:18+00:00\",\"dateModified\":\"2023-11-11T14:06:18+00:00\",\"mainEntityOfPage\":{\"@id\":\"https:\/\/4tuneagencia.digital\/blog\/como-por-uma-foto-em-movimento-no-adobe-premiere-pro-techtudo\/\"},\"wordCount\":750,\"commentCount\":0,\"publisher\":{\"@id\":\"https:\/\/4tuneagencia.digital\/blog\/#organization\"},\"image\":{\"@id\":\"https:\/\/4tuneagencia.digital\/blog\/como-por-uma-foto-em-movimento-no-adobe-premiere-pro-techtudo\/#primaryimage\"},\"thumbnailUrl\":\"https:\/\/4tuneagencia.digital\/blog\/wp-content\/uploads\/2023\/11\/wp-header-logo-406.png\",\"keywords\":[\"Tutorial\"],\"articleSection\":[\"Tutoriais\"],\"inLanguage\":\"pt-BR\",\"potentialAction\":[{\"@type\":\"CommentAction\",\"name\":\"Comment\",\"target\":[\"https:\/\/4tuneagencia.digital\/blog\/como-por-uma-foto-em-movimento-no-adobe-premiere-pro-techtudo\/#respond\"]}]},{\"@type\":\"WebPage\",\"@id\":\"https:\/\/4tuneagencia.digital\/blog\/como-por-uma-foto-em-movimento-no-adobe-premiere-pro-techtudo\/\",\"url\":\"https:\/\/4tuneagencia.digital\/blog\/como-por-uma-foto-em-movimento-no-adobe-premiere-pro-techtudo\/\",\"name\":\"Como p\u00f4r uma foto em movimento no Adobe Premiere Pro - TechTudo - 4tuneagencia.digital\",\"isPartOf\":{\"@id\":\"https:\/\/4tuneagencia.digital\/blog\/#website\"},\"primaryImageOfPage\":{\"@id\":\"https:\/\/4tuneagencia.digital\/blog\/como-por-uma-foto-em-movimento-no-adobe-premiere-pro-techtudo\/#primaryimage\"},\"image\":{\"@id\":\"https:\/\/4tuneagencia.digital\/blog\/como-por-uma-foto-em-movimento-no-adobe-premiere-pro-techtudo\/#primaryimage\"},\"thumbnailUrl\":\"https:\/\/4tuneagencia.digital\/blog\/wp-content\/uploads\/2023\/11\/wp-header-logo-406.png\",\"datePublished\":\"2023-11-11T14:06:18+00:00\",\"dateModified\":\"2023-11-11T14:06:18+00:00\",\"breadcrumb\":{\"@id\":\"https:\/\/4tuneagencia.digital\/blog\/como-por-uma-foto-em-movimento-no-adobe-premiere-pro-techtudo\/#breadcrumb\"},\"inLanguage\":\"pt-BR\",\"potentialAction\":[{\"@type\":\"ReadAction\",\"target\":[\"https:\/\/4tuneagencia.digital\/blog\/como-por-uma-foto-em-movimento-no-adobe-premiere-pro-techtudo\/\"]}]},{\"@type\":\"ImageObject\",\"inLanguage\":\"pt-BR\",\"@id\":\"https:\/\/4tuneagencia.digital\/blog\/como-por-uma-foto-em-movimento-no-adobe-premiere-pro-techtudo\/#primaryimage\",\"url\":\"https:\/\/4tuneagencia.digital\/blog\/wp-content\/uploads\/2023\/11\/wp-header-logo-406.png\",\"contentUrl\":\"https:\/\/4tuneagencia.digital\/blog\/wp-content\/uploads\/2023\/11\/wp-header-logo-406.png\",\"width\":1200,\"height\":925},{\"@type\":\"BreadcrumbList\",\"@id\":\"https:\/\/4tuneagencia.digital\/blog\/como-por-uma-foto-em-movimento-no-adobe-premiere-pro-techtudo\/#breadcrumb\",\"itemListElement\":[{\"@type\":\"ListItem\",\"position\":1,\"name\":\"In\u00edcio\",\"item\":\"https:\/\/4tuneagencia.digital\/blog\/\"},{\"@type\":\"ListItem\",\"position\":2,\"name\":\"Como p\u00f4r uma foto em movimento no Adobe Premiere Pro &#8211; TechTudo\"}]},{\"@type\":\"WebSite\",\"@id\":\"https:\/\/4tuneagencia.digital\/blog\/#website\",\"url\":\"https:\/\/4tuneagencia.digital\/blog\/\",\"name\":\"4tuneagencia.digital\",\"description\":\"Marketing e Web Designer \",\"publisher\":{\"@id\":\"https:\/\/4tuneagencia.digital\/blog\/#organization\"},\"potentialAction\":[{\"@type\":\"SearchAction\",\"target\":{\"@type\":\"EntryPoint\",\"urlTemplate\":\"https:\/\/4tuneagencia.digital\/blog\/?s={search_term_string}\"},\"query-input\":\"required name=search_term_string\"}],\"inLanguage\":\"pt-BR\"},{\"@type\":\"Organization\",\"@id\":\"https:\/\/4tuneagencia.digital\/blog\/#organization\",\"name\":\"4tuneagencia.digital\",\"url\":\"https:\/\/4tuneagencia.digital\/blog\/\",\"logo\":{\"@type\":\"ImageObject\",\"inLanguage\":\"pt-BR\",\"@id\":\"https:\/\/4tuneagencia.digital\/blog\/#\/schema\/logo\/image\/\",\"url\":\"https:\/\/4tuneagencia.digital\/blog\/wp-content\/uploads\/2023\/09\/novo-logo-e1694954525541.png\",\"contentUrl\":\"https:\/\/4tuneagencia.digital\/blog\/wp-content\/uploads\/2023\/09\/novo-logo-e1694954525541.png\",\"width\":250,\"height\":250,\"caption\":\"4tuneagencia.digital\"},\"image\":{\"@id\":\"https:\/\/4tuneagencia.digital\/blog\/#\/schema\/logo\/image\/\"}},{\"@type\":\"Person\",\"@id\":\"https:\/\/4tuneagencia.digital\/blog\/#\/schema\/person\/7c40d2e8b9964c2390122613459c2100\",\"name\":\"4tune\",\"image\":{\"@type\":\"ImageObject\",\"inLanguage\":\"pt-BR\",\"@id\":\"https:\/\/4tuneagencia.digital\/blog\/#\/schema\/person\/image\/\",\"url\":\"https:\/\/secure.gravatar.com\/avatar\/e81e8ea0176022ee4555117aee5e3092bff2a7aaa930134f8023c7d4bc2f1495?s=96&d=mm&r=g\",\"contentUrl\":\"https:\/\/secure.gravatar.com\/avatar\/e81e8ea0176022ee4555117aee5e3092bff2a7aaa930134f8023c7d4bc2f1495?s=96&d=mm&r=g\",\"caption\":\"4tune\"},\"sameAs\":[\"http:\/\/4tuneagencia.digital\"],\"url\":\"https:\/\/4tuneagencia.digital\/blog\/author\/admin\/\"}]}<\/script>\n<!-- \/ Yoast SEO Premium plugin. -->","yoast_head_json":{"title":"Como p\u00f4r uma foto em movimento no Adobe Premiere Pro - TechTudo - 4tuneagencia.digital","robots":{"index":"index","follow":"follow","max-snippet":"max-snippet:-1","max-image-preview":"max-image-preview:large","max-video-preview":"max-video-preview:-1"},"canonical":"https:\/\/4tuneagencia.digital\/blog\/como-por-uma-foto-em-movimento-no-adobe-premiere-pro-techtudo\/","og_locale":"pt_BR","og_type":"article","og_title":"Como p\u00f4r uma foto em movimento no Adobe Premiere Pro - TechTudo","og_description":"Por Da Reda\u00e7\u00e3o; Para O TechTudo 12\/07\/2016 14h55 Atualizado 12\/07\/2016 O Adobe Premiere Pro conta com um recurso muito \u00fatil que permite ao usu\u00e1rio p\u00f4r uma foto em movimento. Dessa maneira, caso a pessoa queira utilizar uma imagem, pode fazer movimentos semelhantes ao de uma c\u00e2mera, como dar zoom e fazer um movimento panor\u00e2mico, por...","og_url":"https:\/\/4tuneagencia.digital\/blog\/como-por-uma-foto-em-movimento-no-adobe-premiere-pro-techtudo\/","og_site_name":"4tuneagencia.digital","article_published_time":"2023-11-11T14:06:18+00:00","author":"4tune","twitter_card":"summary_large_image","twitter_misc":{"Escrito por":"4tune","Est. tempo de leitura":"4 minutos"},"schema":{"@context":"https:\/\/schema.org","@graph":[{"@type":"Article","@id":"https:\/\/4tuneagencia.digital\/blog\/como-por-uma-foto-em-movimento-no-adobe-premiere-pro-techtudo\/#article","isPartOf":{"@id":"https:\/\/4tuneagencia.digital\/blog\/como-por-uma-foto-em-movimento-no-adobe-premiere-pro-techtudo\/"},"author":{"name":"4tune","@id":"https:\/\/4tuneagencia.digital\/blog\/#\/schema\/person\/7c40d2e8b9964c2390122613459c2100"},"headline":"Como p\u00f4r uma foto em movimento no Adobe Premiere Pro &#8211; TechTudo","datePublished":"2023-11-11T14:06:18+00:00","dateModified":"2023-11-11T14:06:18+00:00","mainEntityOfPage":{"@id":"https:\/\/4tuneagencia.digital\/blog\/como-por-uma-foto-em-movimento-no-adobe-premiere-pro-techtudo\/"},"wordCount":750,"commentCount":0,"publisher":{"@id":"https:\/\/4tuneagencia.digital\/blog\/#organization"},"image":{"@id":"https:\/\/4tuneagencia.digital\/blog\/como-por-uma-foto-em-movimento-no-adobe-premiere-pro-techtudo\/#primaryimage"},"thumbnailUrl":"https:\/\/4tuneagencia.digital\/blog\/wp-content\/uploads\/2023\/11\/wp-header-logo-406.png","keywords":["Tutorial"],"articleSection":["Tutoriais"],"inLanguage":"pt-BR","potentialAction":[{"@type":"CommentAction","name":"Comment","target":["https:\/\/4tuneagencia.digital\/blog\/como-por-uma-foto-em-movimento-no-adobe-premiere-pro-techtudo\/#respond"]}]},{"@type":"WebPage","@id":"https:\/\/4tuneagencia.digital\/blog\/como-por-uma-foto-em-movimento-no-adobe-premiere-pro-techtudo\/","url":"https:\/\/4tuneagencia.digital\/blog\/como-por-uma-foto-em-movimento-no-adobe-premiere-pro-techtudo\/","name":"Como p\u00f4r uma foto em movimento no Adobe Premiere Pro - TechTudo - 4tuneagencia.digital","isPartOf":{"@id":"https:\/\/4tuneagencia.digital\/blog\/#website"},"primaryImageOfPage":{"@id":"https:\/\/4tuneagencia.digital\/blog\/como-por-uma-foto-em-movimento-no-adobe-premiere-pro-techtudo\/#primaryimage"},"image":{"@id":"https:\/\/4tuneagencia.digital\/blog\/como-por-uma-foto-em-movimento-no-adobe-premiere-pro-techtudo\/#primaryimage"},"thumbnailUrl":"https:\/\/4tuneagencia.digital\/blog\/wp-content\/uploads\/2023\/11\/wp-header-logo-406.png","datePublished":"2023-11-11T14:06:18+00:00","dateModified":"2023-11-11T14:06:18+00:00","breadcrumb":{"@id":"https:\/\/4tuneagencia.digital\/blog\/como-por-uma-foto-em-movimento-no-adobe-premiere-pro-techtudo\/#breadcrumb"},"inLanguage":"pt-BR","potentialAction":[{"@type":"ReadAction","target":["https:\/\/4tuneagencia.digital\/blog\/como-por-uma-foto-em-movimento-no-adobe-premiere-pro-techtudo\/"]}]},{"@type":"ImageObject","inLanguage":"pt-BR","@id":"https:\/\/4tuneagencia.digital\/blog\/como-por-uma-foto-em-movimento-no-adobe-premiere-pro-techtudo\/#primaryimage","url":"https:\/\/4tuneagencia.digital\/blog\/wp-content\/uploads\/2023\/11\/wp-header-logo-406.png","contentUrl":"https:\/\/4tuneagencia.digital\/blog\/wp-content\/uploads\/2023\/11\/wp-header-logo-406.png","width":1200,"height":925},{"@type":"BreadcrumbList","@id":"https:\/\/4tuneagencia.digital\/blog\/como-por-uma-foto-em-movimento-no-adobe-premiere-pro-techtudo\/#breadcrumb","itemListElement":[{"@type":"ListItem","position":1,"name":"In\u00edcio","item":"https:\/\/4tuneagencia.digital\/blog\/"},{"@type":"ListItem","position":2,"name":"Como p\u00f4r uma foto em movimento no Adobe Premiere Pro &#8211; TechTudo"}]},{"@type":"WebSite","@id":"https:\/\/4tuneagencia.digital\/blog\/#website","url":"https:\/\/4tuneagencia.digital\/blog\/","name":"4tuneagencia.digital","description":"Marketing e Web Designer ","publisher":{"@id":"https:\/\/4tuneagencia.digital\/blog\/#organization"},"potentialAction":[{"@type":"SearchAction","target":{"@type":"EntryPoint","urlTemplate":"https:\/\/4tuneagencia.digital\/blog\/?s={search_term_string}"},"query-input":"required name=search_term_string"}],"inLanguage":"pt-BR"},{"@type":"Organization","@id":"https:\/\/4tuneagencia.digital\/blog\/#organization","name":"4tuneagencia.digital","url":"https:\/\/4tuneagencia.digital\/blog\/","logo":{"@type":"ImageObject","inLanguage":"pt-BR","@id":"https:\/\/4tuneagencia.digital\/blog\/#\/schema\/logo\/image\/","url":"https:\/\/4tuneagencia.digital\/blog\/wp-content\/uploads\/2023\/09\/novo-logo-e1694954525541.png","contentUrl":"https:\/\/4tuneagencia.digital\/blog\/wp-content\/uploads\/2023\/09\/novo-logo-e1694954525541.png","width":250,"height":250,"caption":"4tuneagencia.digital"},"image":{"@id":"https:\/\/4tuneagencia.digital\/blog\/#\/schema\/logo\/image\/"}},{"@type":"Person","@id":"https:\/\/4tuneagencia.digital\/blog\/#\/schema\/person\/7c40d2e8b9964c2390122613459c2100","name":"4tune","image":{"@type":"ImageObject","inLanguage":"pt-BR","@id":"https:\/\/4tuneagencia.digital\/blog\/#\/schema\/person\/image\/","url":"https:\/\/secure.gravatar.com\/avatar\/e81e8ea0176022ee4555117aee5e3092bff2a7aaa930134f8023c7d4bc2f1495?s=96&d=mm&r=g","contentUrl":"https:\/\/secure.gravatar.com\/avatar\/e81e8ea0176022ee4555117aee5e3092bff2a7aaa930134f8023c7d4bc2f1495?s=96&d=mm&r=g","caption":"4tune"},"sameAs":["http:\/\/4tuneagencia.digital"],"url":"https:\/\/4tuneagencia.digital\/blog\/author\/admin\/"}]}},"jetpack_featured_media_url":"https:\/\/4tuneagencia.digital\/blog\/wp-content\/uploads\/2023\/11\/wp-header-logo-406.png","_links":{"self":[{"href":"https:\/\/4tuneagencia.digital\/blog\/wp-json\/wp\/v2\/posts\/8643","targetHints":{"allow":["GET"]}}],"collection":[{"href":"https:\/\/4tuneagencia.digital\/blog\/wp-json\/wp\/v2\/posts"}],"about":[{"href":"https:\/\/4tuneagencia.digital\/blog\/wp-json\/wp\/v2\/types\/post"}],"author":[{"embeddable":true,"href":"https:\/\/4tuneagencia.digital\/blog\/wp-json\/wp\/v2\/users\/1"}],"replies":[{"embeddable":true,"href":"https:\/\/4tuneagencia.digital\/blog\/wp-json\/wp\/v2\/comments?post=8643"}],"version-history":[{"count":0,"href":"https:\/\/4tuneagencia.digital\/blog\/wp-json\/wp\/v2\/posts\/8643\/revisions"}],"wp:featuredmedia":[{"embeddable":true,"href":"https:\/\/4tuneagencia.digital\/blog\/wp-json\/wp\/v2\/media\/8644"}],"wp:attachment":[{"href":"https:\/\/4tuneagencia.digital\/blog\/wp-json\/wp\/v2\/media?parent=8643"}],"wp:term":[{"taxonomy":"category","embeddable":true,"href":"https:\/\/4tuneagencia.digital\/blog\/wp-json\/wp\/v2\/categories?post=8643"},{"taxonomy":"post_tag","embeddable":true,"href":"https:\/\/4tuneagencia.digital\/blog\/wp-json\/wp\/v2\/tags?post=8643"}],"curies":[{"name":"wp","href":"https:\/\/api.w.org\/{rel}","templated":true}]}}