{"id":9598,"date":"2023-11-24T19:11:40","date_gmt":"2023-11-24T22:11:40","guid":{"rendered":"https:\/\/4tuneagencia.digital\/blog\/tire-as-duvidas-sobre-o-programa-de-transferencia-de-renda-do-gov-br\/"},"modified":"2023-11-24T19:11:40","modified_gmt":"2023-11-24T22:11:40","slug":"tire-as-duvidas-sobre-o-programa-de-transferencia-de-renda-do-gov-br","status":"publish","type":"post","link":"https:\/\/4tuneagencia.digital\/blog\/tire-as-duvidas-sobre-o-programa-de-transferencia-de-renda-do-gov-br\/","title":{"rendered":"Tire as d\u00favidas sobre o programa de transfer\u00eancia de renda do &#8230; &#8211; GOV.BR"},"content":{"rendered":"<p>Not\u00edcias<br \/>Bolsa Fam\u00edlia<br \/>O Governo Federal relan\u00e7ou o Programa Bolsa Fam\u00edlia no in\u00edcio de mar\u00e7o (PBF), que ficou vigente por 18 anos e que foi respons\u00e1vel por tirar o Brasil do mapa da fome. O novo modelo garante justi\u00e7a social ao diminuir as disparidades de repasses per capita que existiam dentro do programa anterior, al\u00e9m de tratar com aten\u00e7\u00e3o especial a primeira inf\u00e2ncia, as gestantes, crian\u00e7as e os adolescentes, al\u00e9m de regras de prote\u00e7\u00e3o e retorno garantido, com est\u00edmulo ao emprego e ao empreendedorismo.\u00a0<br \/><b>Quem tem direito ao Bolsa Fam\u00edlia?<\/b><br \/>Para ter direito ao Bolsa Fam\u00edlia, a principal regra \u00e9 que a renda de cada pessoa da fam\u00edlia seja de, no m\u00e1ximo, R$ 218 por m\u00eas. Ou seja, se um integrante da fam\u00edlia recebe um sal\u00e1rio m\u00ednimo (R$ 1.302), e nessa fam\u00edlia h\u00e1 seis pessoas, a renda de cada um \u00e9 de R$ 217. Como est\u00e1 abaixo do limite de R$ 218 por pessoa, essa fam\u00edlia tem o direito de receber o benef\u00edcio.<br \/><b>Como se inscrever para receber o Bolsa Fam\u00edlia?<\/b><br \/>Em primeiro lugar, \u00e9 preciso estar inscrito no Cadastro \u00danico, com os dados corretos e atualizados. Esse cadastramento \u00e9 feito em postos de atendimento da assist\u00eancia social dos munic\u00edpios, como os CRAS. \u00c9 preciso apresentar o CPF ou o t\u00edtulo de eleitor.<br \/>Lembrando que, mesmo inscrita no Cadastro \u00danico, a fam\u00edlia n\u00e3o entra imediatamente para o Bolsa Fam\u00edlia. Todos os meses, o programa identifica, de forma automatizada, as fam\u00edlias que ser\u00e3o inclu\u00eddas e que come\u00e7ar\u00e3o a receber o benef\u00edcio.<br \/><b>Quem recebe mais de R$ 600 por m\u00eas?<\/b><br \/>Nenhuma fam\u00edlia vai receber menos que R$ 600. Esse foi um compromisso do presidente Lula.<br \/>Em casos de fam\u00edlias mais numerosas, com crian\u00e7as, adolescentes ou gestantes, o valor recebido ser\u00e1 maior.<br \/>O c\u00e1lculo \u00e9 feito assim:<br \/>Para cada integrante da fam\u00edlia, de qualquer idade, o programa paga R$ 142. Se a fam\u00edlia tem quatro pessoas, por exemplo, esse primeiro benef\u00edcio soma R$ 568. Para chegar aos R$ 600, o Governo Federal vai pagar um complemento de R$ 32.\u00a0<br \/>Em seguida, s\u00e3o aplicados os adicionais. Se h\u00e1 uma crian\u00e7a de zero a seis anos, ela tem direito a R$ 150, ent\u00e3o o valor do repasse para a fam\u00edlia ser\u00e1 de R$ 750. Se forem duas crian\u00e7as nessa faixa et\u00e1ria, a fam\u00edlia receber\u00e1 R$ 900, e assim por diante.<br \/>A partir de junho, ter\u00e3o in\u00edcio os adicionais de R$ 50 para gestantes, crian\u00e7as e adolescentes de 7 a 18 anos. Ou seja, se uma fam\u00edlia tem uma crian\u00e7a de at\u00e9 seis anos, uma gestante e um adolescente, o valor total chega a R$ 850.<br \/><b>Se um benefici\u00e1rio conseguir um emprego, a fam\u00edlia perde o Bolsa Fam\u00edlia?<\/b><br \/>N\u00e3o. Para situa\u00e7\u00f5es como essa, o governo criou a Regra de Prote\u00e7\u00e3o do Programa Bolsa Fam\u00edlia.<br \/>Quando a fam\u00edlia j\u00e1 est\u00e1 no programa e melhora de vida, ela pode aumentar a renda em at\u00e9 meio sal\u00e1rio m\u00ednimo por pessoa, o que atualmente corresponde a R$ 651, sem perder o direito ao benef\u00edcio. Ou seja, se uma fam\u00edlia tem cinco pessoas e duas delas recebem um sal\u00e1rio m\u00ednimo cada, a renda total de R$ 2.604 ser\u00e1 dividida entre os cinco integrantes, o que d\u00e1 R$ 520,80 para cada. Nesse exemplo, mesmo tendo dois integrantes que conseguiram emprego formal recebendo um sal\u00e1rio m\u00ednimo cada, ela ainda continua dentro do perfil para o Bolsa Fam\u00edlia gra\u00e7as \u00e0 Regra de Prote\u00e7\u00e3o, e pode permanecer no programa por at\u00e9 24 meses, contados a partir da atualiza\u00e7\u00e3o cadastral da nova renda familiar, recebendo 50% do valor do benef\u00edcio a que teria direito.<br \/>Importante: Essa quantia de 50% ser\u00e1 aplicada a partir de junho de 2023 (at\u00e9 maio, ser\u00e3o mantidos os par\u00e2metros de valores da Regra de Emancipa\u00e7\u00e3o do Aux\u00edlio Brasil).\u00a0<br \/>Lembrando que, para ter direito a esse benef\u00edcio, toda altera\u00e7\u00e3o de renda deve ser informada ao CRAS.<br \/>Com isso, o Governo Federal quer estimular o emprego, a carteira assinada e o empreendedorismo como ferramentas para que, quando poss\u00edvel, a fam\u00edlia n\u00e3o precise mais do benef\u00edcio.<br \/><b>E se o benefici\u00e1rio perder o emprego? Ele consegue voltar para o Bolsa Fam\u00edlia?<\/b><br \/>O novo programa pensou nisso tamb\u00e9m! \u00c9 o chamado retorno garantido. As fam\u00edlias que se desligarem voluntariamente do programa, ou que estiveram na regra de prote\u00e7\u00e3o e sa\u00edram do programa ap\u00f3s 24 meses e precisarem retornar ter\u00e3o prioridade na concess\u00e3o.\u00a0<br \/><b><\/b><b>Com tantas mudan\u00e7as, como a fam\u00edlia vai saber se ainda est\u00e1 no programa?<\/b><br \/>O respons\u00e1vel familiar pode consultar a situa\u00e7\u00e3o do benef\u00edcio no app Bolsa Fam\u00edlia.<br \/>O app Bolsa Fam\u00edlia est\u00e1 dispon\u00edvel nas lojas de aplicativos para sistema operacional Android e IOS (Apple). Quem tem o app do antigo programa vai receber uma mensagem sugerindo a atualiza\u00e7\u00e3o do app.<br \/>Com o app Bolsa Fam\u00edlia, \u00e9 poss\u00edvel consultar:<br \/>Al\u00e9m disso, tamb\u00e9m est\u00e1 dispon\u00edvel o recurso do desligamento volunt\u00e1rio do programa para a fam\u00edlia que considerar que n\u00e3o precisa mais receber o benef\u00edcio (semelhante ao que tamb\u00e9m existe no app do Cadastro \u00danico).<br \/>O extrato banc\u00e1rio tamb\u00e9m traz informa\u00e7\u00f5es importantes. Se houver algum problema com o benef\u00edcio e o valor n\u00e3o estiver dispon\u00edvel no momento do saque, o benefici\u00e1rio deve verificar se deixou de cumprir algum dos compromissos do programa ou se est\u00e1 sem atualiza\u00e7\u00e3o cadastral, e ent\u00e3o, procurar o centro de atendimento onde fez o cadastramento para resolver a situa\u00e7\u00e3o.<br \/><b>Como a fam\u00edlia ser\u00e1 informada de que teve o benef\u00edcio concedido?<\/b><br \/>Os novos benefici\u00e1rios do Bolsa Fam\u00edlia v\u00e3o receber uma carta, enviada pela Caixa, no endere\u00e7o informado no Cadastro \u00danico. Esses benefici\u00e1rios j\u00e1 come\u00e7aram a receber as cartas de notifica\u00e7\u00e3o. Em algumas cidades, os Correios podem demorar mais a chegar.<br \/>Tamb\u00e9m \u00e9 poss\u00edvel fazer a consulta no aplicativo Bolsa Fam\u00edlia.<br \/><b>Quando e onde \u00e9 poss\u00edvel sacar o benef\u00edcio?<\/b><br \/>A partir de abril, as novas fam\u00edlias que entraram agora para o programa receber\u00e3o os novos cart\u00f5es do Bolsa Fam\u00edlia no endere\u00e7o informado durante a inscri\u00e7\u00e3o no Cadastro \u00danico. Quem tem o cart\u00e3o antigo pode continuar usando o mesmo normalmente.<br \/>Todo m\u00eas, o respons\u00e1vel familiar pode sacar o benef\u00edcio. Al\u00e9m disso, com a Conta Poupan\u00e7a Social Digital, o benefici\u00e1rio pode fazer transfer\u00eancias, pagar contas e fazer PIX diretamente pelo aplicativo.<br \/>O benef\u00edcio \u00e9 disponibilizado todos os meses, de acordo com a data estabelecida pelo calend\u00e1rio do programa, sendo pago sempre nos \u00faltimos 10 dias \u00fateis do m\u00eas, de acordo com o \u00faltimo d\u00edgito do N\u00famero de Identifica\u00e7\u00e3o Social (NIS) do respons\u00e1vel familiar.<br \/>Quem ainda n\u00e3o tem o cart\u00e3o pode sacar o benef\u00edcio em lot\u00e9ricas. Essa op\u00e7\u00e3o est\u00e1 dispon\u00edvel apenas para benefici\u00e1rios que j\u00e1 tenham uma senha do Cart\u00e3o Bolsa Fam\u00edlia ou Cart\u00e3o Cidad\u00e3o cadastrada em uma ag\u00eancia da Caixa, e que n\u00e3o recebam o benef\u00edcio em conta corrente ou poupan\u00e7a. \u00c9 preciso que respons\u00e1vel familiar apresente um documento oficial com foto.<br \/>Caso o respons\u00e1vel familiar ainda n\u00e3o tenha a senha, o saque poder\u00e1 ser feito em ag\u00eancias da Caixa por meio da guia de pagamento. Tamb\u00e9m \u00e9 preciso apresentar um documento oficial com foto.<br \/>Para evitar deslocamentos desnecess\u00e1rios, \u00e9 importante refor\u00e7ar que essa op\u00e7\u00e3o est\u00e1 dispon\u00edvel apenas para benefici\u00e1rios com senhas cadastradas em ag\u00eancias. Como medida de seguran\u00e7a, o saque sem cart\u00e3o n\u00e3o pode ser feito na lot\u00e9rica quando o cadastramento da senha tamb\u00e9m foi feito na lot\u00e9rica.<br \/>Caso o benefici\u00e1rio ainda n\u00e3o tenha senha, ou tenha cadastrado a mesma em uma lot\u00e9rica, dever\u00e1 ir at\u00e9 uma ag\u00eancia para cadastrar a senha, facilitando saques futuros.<br \/><b>Preciso abrir uma conta para receber o Bolsa Fam\u00edlia?<\/b><br \/>N\u00e3o. Se o cadastro estiver com informa\u00e7\u00f5es completas e o dado correto do CPF do respons\u00e1vel familiar, automaticamente \u00e9 aberta a Conta Poupan\u00e7a Social Digital, onde s\u00e3o depositadas as parcelas mensais dos benef\u00edcios. Essa conta n\u00e3o tem custo nem tarifa de manuten\u00e7\u00e3o.<br \/>Caso os dados oferecidos n\u00e3o sejam suficientes, \u00e9 aberta uma conta simples para pagamento do benef\u00edcio.<br \/><b>Onde posso sacar o benef\u00edcio do Bolsa Fam\u00edlia?<\/b><br \/>Nos seguintes locais:<br \/>\u00c9 preciso apresentar um documento oficial com foto.<br \/><b>Como o benefici\u00e1rio que teve o benef\u00edcio cortado ser\u00e1 informado?<\/b><br \/>Os benefici\u00e1rios que tiveram o benef\u00edcio cancelado s\u00e3o informados por meio de mensagem no extrato banc\u00e1rio. Tamb\u00e9m \u00e9 poss\u00edvel consultar a situa\u00e7\u00e3o do benef\u00edcio pelo aplicativo do Bolsa Fam\u00edlia.<br \/>H\u00e1 tr\u00eas casos em que o Bolsa Fam\u00edlia pode ser cancelado:<br \/><b>Qual a frequ\u00eancia necess\u00e1ria da atualiza\u00e7\u00e3o cadastral?<\/b><br \/>Para que a fam\u00edlia mantenha a condi\u00e7\u00e3o de benefici\u00e1ria, os dados cadastrais dever\u00e3o estar sempre atualizados, podendo ficar no m\u00e1ximo 24 meses sem atualiza\u00e7\u00e3o. Sempre que houver mudan\u00e7a de endere\u00e7o, do telefone de contato e composi\u00e7\u00e3o da fam\u00edlia (nascimento de uma crian\u00e7a, falecimento de algu\u00e9m da fam\u00edlia, casamento e ado\u00e7\u00e3o), essas altera\u00e7\u00f5es precisam ser informadas ao setor respons\u00e1vel pelo cadastramento no munic\u00edpio. Isso garante que o programa atenda \u00e0s fam\u00edlias de acordo com suas caracter\u00edsticas.<br \/><b>Quais s\u00e3o as condicionalidades do programa?<\/b><br \/>As fam\u00edlias benefici\u00e1rias devem cumprir compromissos nas \u00e1reas de sa\u00fade e de educa\u00e7\u00e3o para refor\u00e7ar o acesso aos direitos sociais b\u00e1sicos.<br \/>As condicionalidades s\u00e3o:<br \/>Importante: ao matricular a crian\u00e7a na escola e ao vacin\u00e1-la no posto de sa\u00fade, \u00e9 preciso informar que a fam\u00edlia \u00e9 benefici\u00e1ria do Programa Bolsa Fam\u00edlia.<br \/><b>Se cortaram meu benef\u00edcio por algum motivo, como fa\u00e7o para voltar a receber?<\/b><br \/>Se o benef\u00edcio foi bloqueado ou cancelado por falta de atualiza\u00e7\u00e3o cadastral ou n\u00e3o cumprimento das condicionalidades de sa\u00fade e educa\u00e7\u00e3o e o benefici\u00e1rio ainda precisa do benef\u00edcio e est\u00e1 no perfil para permanecer no programa, ele deve procurar o centro de atendimento do Bolsa Fam\u00edlia e do Cadastro \u00danico onde realizou o cadastramento e regularizar a situa\u00e7\u00e3o para voltar a receber o benef\u00edcio.<br \/><b>Qual o investimento do Governo Federal no funcionamento dos CRAS e CREAS?<\/b><br \/>O atual governo, j\u00e1 na transi\u00e7\u00e3o, se preocupou em garantir o dobro do executado em 2022 para as prioridades da rede SUAS, para sua recomposi\u00e7\u00e3o or\u00e7ament\u00e1ria. Assim, fica garantida a regularidade dos repasses a Estados e Munic\u00edpios.<br \/>No m\u00eas de janeiro foram injetados aproximadamente R$ 170 milh\u00f5es no SUAS (al\u00e9m de pagamentos atrasados do ano anterior, que acrescem mais R$ 97 milh\u00f5es). Os valores de fevereiro, no mesmo montante, ser\u00e3o pagos ainda em mar\u00e7o e assim de forma subsequente durante o ano, perfazendo um valor aproximado de R$ 2,050 bilh\u00f5es.<br \/>Isso fortalece a capacidade de planejamento dos munic\u00edpios, melhora a qualidade dos servi\u00e7os socioassistenciais ofertados \u00e0s pessoas em situa\u00e7\u00e3o de vulnerabilidade, mant\u00e9m e amplia equipes t\u00e9cnicas e as condi\u00e7\u00f5es de funcionamento dos CRAS e CREAS.<br \/><b>E como ser\u00e1 o investimento para a revis\u00e3o do Cadastro \u00danico e para a busca ativa?<\/b><br \/>Al\u00e9m da recomposi\u00e7\u00e3o do or\u00e7amento do SUAS, o MDS vai aportar, entre mar\u00e7o e abril deste ano, outros R$ 199,5 milh\u00f5es adicionais a munic\u00edpios e estados para revis\u00e3o dos dados do Cadastro \u00danico e a\u00e7\u00e3o de busca ativa.<br \/>Desse total, R$ 190 milh\u00f5es s\u00e3o para munic\u00edpios e Distrito Federal, repassados conforme necessidade de corre\u00e7\u00e3o das informa\u00e7\u00f5es das fam\u00edlias cadastradas. Com esse recurso, os munic\u00edpios podem contratar cerca de 12 mil cadastradores tempor\u00e1rios, mas podem tamb\u00e9m usar em outras atividades que fortale\u00e7am sua capacidade de revisar os dados das fam\u00edlias j\u00e1 cadastradas e buscar as fam\u00edlias vulner\u00e1veis que ainda n\u00e3o est\u00e3o no Cadastro \u00danico. Por exemplo: pagar hora extra para os servidores que trabalham com o Cadastro \u00danico, alugar ve\u00edculos que funcionem como unidades volante de cadastramento, organizar a estrutura para fazer mutir\u00f5es de cadastramento nas localidades em que isso se faz necess\u00e1rio, ou mesmo informar as fam\u00edlias sobre a a\u00e7\u00e3o.<br \/>Outros R$ 9,5 milh\u00f5es v\u00e3o para os estados, para que apoiem os munic\u00edpios por meio de capacita\u00e7\u00f5es de cadastramento das fam\u00edlias, oficinas de busca ativa ou para fixar estrat\u00e9gias de cadastramento dos p\u00fablicos mais vulner\u00e1veis, como ind\u00edgenas, quilombolas, crian\u00e7as em situa\u00e7\u00e3o de trabalho infantil, pessoas em situa\u00e7\u00e3o de rua, ribeirinhos, pessoas com defici\u00eancia, entre outros.<br \/>Al\u00e9m disso, conforme os resultados da atualiza\u00e7\u00e3o cadastral e da verifica\u00e7\u00e3o da frequ\u00eancia escolar e do cumprimento da agenda de sa\u00fade das pessoas do Bolsa Fam\u00edlia, os munic\u00edpios receber\u00e3o recursos via \u00cdndice de Gest\u00e3o Descentralizada do Programa Bolsa Fam\u00edlia (IGD-PBF), que podem chegar a mais de R$ 700 milh\u00f5es durante o ano.<br \/><strong>Assessoria de Comunica\u00e7\u00e3o &#8211; MDS<\/strong><\/p>\n<p><a href=\"https:\/\/news.google.com\/rss\/articles\/CBMitgFodHRwczovL3d3dy5nb3YuYnIvbWRzL3B0LWJyL25vdGljaWFzLWUtY29udGV1ZG9zL2Rlc2Vudm9sdmltZW50by1zb2NpYWwvbm90aWNpYXMtZGVzZW52b2x2aW1lbnRvLXNvY2lhbC90aXJlLWFzLWR1dmlkYXMtc29icmUtby1wcm9ncmFtYS1kZS10cmFuc2ZlcmVuY2lhLWRlLXJlbmRhLWRvLWdvdmVybm8tZmVkZXJhbNIBAA?oc=5\">source<\/a><\/p>\n","protected":false},"excerpt":{"rendered":"<p>Not\u00edciasBolsa Fam\u00edliaO Governo Federal relan\u00e7ou o Programa Bolsa Fam\u00edlia no in\u00edcio de mar\u00e7o (PBF), que ficou vigente por 18 anos e que foi respons\u00e1vel por tirar o Brasil do mapa da fome. O novo modelo garante justi\u00e7a social ao diminuir as disparidades de repasses per capita que existiam dentro do programa anterior, al\u00e9m de tratar&#8230;<\/p>\n","protected":false},"author":1,"featured_media":9599,"comment_status":"open","ping_status":"open","sticky":false,"template":"","format":"standard","meta":{"footnotes":""},"categories":[1],"tags":[69],"class_list":["post-9598","post","type-post","status-publish","format-standard","has-post-thumbnail","hentry","category-tutoriais","tag-tutorial"],"yoast_head":"<!-- This site is optimized with the Yoast SEO Premium plugin v21.1 (Yoast SEO v22.7) - https:\/\/yoast.com\/wordpress\/plugins\/seo\/ -->\n<title>Tire as d\u00favidas sobre o programa de transfer\u00eancia de renda do ... - GOV.BR - 4tuneagencia.digital<\/title>\n<meta name=\"robots\" content=\"index, follow, max-snippet:-1, max-image-preview:large, max-video-preview:-1\" \/>\n<link rel=\"canonical\" href=\"https:\/\/4tuneagencia.digital\/blog\/tire-as-duvidas-sobre-o-programa-de-transferencia-de-renda-do-gov-br\/\" \/>\n<meta property=\"og:locale\" content=\"pt_BR\" \/>\n<meta property=\"og:type\" content=\"article\" \/>\n<meta property=\"og:title\" content=\"Tire as d\u00favidas sobre o programa de transfer\u00eancia de renda do ... - GOV.BR\" \/>\n<meta property=\"og:description\" content=\"Not\u00edciasBolsa Fam\u00edliaO Governo Federal relan\u00e7ou o Programa Bolsa Fam\u00edlia no in\u00edcio de mar\u00e7o (PBF), que ficou vigente por 18 anos e que foi respons\u00e1vel por tirar o Brasil do mapa da fome. O novo modelo garante justi\u00e7a social ao diminuir as disparidades de repasses per capita que existiam dentro do programa anterior, al\u00e9m de tratar...\" \/>\n<meta property=\"og:url\" content=\"https:\/\/4tuneagencia.digital\/blog\/tire-as-duvidas-sobre-o-programa-de-transferencia-de-renda-do-gov-br\/\" \/>\n<meta property=\"og:site_name\" content=\"4tuneagencia.digital\" \/>\n<meta property=\"article:published_time\" content=\"2023-11-24T22:11:40+00:00\" \/>\n<meta name=\"author\" content=\"4tune\" \/>\n<meta name=\"twitter:card\" content=\"summary_large_image\" \/>\n<meta name=\"twitter:label1\" content=\"Escrito por\" \/>\n\t<meta name=\"twitter:data1\" content=\"4tune\" \/>\n\t<meta name=\"twitter:label2\" content=\"Est. tempo de leitura\" \/>\n\t<meta name=\"twitter:data2\" content=\"11 minutos\" \/>\n<script type=\"application\/ld+json\" class=\"yoast-schema-graph\">{\"@context\":\"https:\/\/schema.org\",\"@graph\":[{\"@type\":\"Article\",\"@id\":\"https:\/\/4tuneagencia.digital\/blog\/tire-as-duvidas-sobre-o-programa-de-transferencia-de-renda-do-gov-br\/#article\",\"isPartOf\":{\"@id\":\"https:\/\/4tuneagencia.digital\/blog\/tire-as-duvidas-sobre-o-programa-de-transferencia-de-renda-do-gov-br\/\"},\"author\":{\"name\":\"4tune\",\"@id\":\"https:\/\/4tuneagencia.digital\/blog\/#\/schema\/person\/7c40d2e8b9964c2390122613459c2100\"},\"headline\":\"Tire as d\u00favidas sobre o programa de transfer\u00eancia de renda do &#8230; &#8211; GOV.BR\",\"datePublished\":\"2023-11-24T22:11:40+00:00\",\"dateModified\":\"2023-11-24T22:11:40+00:00\",\"mainEntityOfPage\":{\"@id\":\"https:\/\/4tuneagencia.digital\/blog\/tire-as-duvidas-sobre-o-programa-de-transferencia-de-renda-do-gov-br\/\"},\"wordCount\":2285,\"commentCount\":0,\"publisher\":{\"@id\":\"https:\/\/4tuneagencia.digital\/blog\/#organization\"},\"image\":{\"@id\":\"https:\/\/4tuneagencia.digital\/blog\/tire-as-duvidas-sobre-o-programa-de-transferencia-de-renda-do-gov-br\/#primaryimage\"},\"thumbnailUrl\":\"https:\/\/4tuneagencia.digital\/blog\/wp-content\/uploads\/2023\/11\/wp-header-logo-868.png\",\"keywords\":[\"Tutorial\"],\"articleSection\":[\"Tutoriais\"],\"inLanguage\":\"pt-BR\",\"potentialAction\":[{\"@type\":\"CommentAction\",\"name\":\"Comment\",\"target\":[\"https:\/\/4tuneagencia.digital\/blog\/tire-as-duvidas-sobre-o-programa-de-transferencia-de-renda-do-gov-br\/#respond\"]}]},{\"@type\":\"WebPage\",\"@id\":\"https:\/\/4tuneagencia.digital\/blog\/tire-as-duvidas-sobre-o-programa-de-transferencia-de-renda-do-gov-br\/\",\"url\":\"https:\/\/4tuneagencia.digital\/blog\/tire-as-duvidas-sobre-o-programa-de-transferencia-de-renda-do-gov-br\/\",\"name\":\"Tire as d\u00favidas sobre o programa de transfer\u00eancia de renda do ... - GOV.BR - 4tuneagencia.digital\",\"isPartOf\":{\"@id\":\"https:\/\/4tuneagencia.digital\/blog\/#website\"},\"primaryImageOfPage\":{\"@id\":\"https:\/\/4tuneagencia.digital\/blog\/tire-as-duvidas-sobre-o-programa-de-transferencia-de-renda-do-gov-br\/#primaryimage\"},\"image\":{\"@id\":\"https:\/\/4tuneagencia.digital\/blog\/tire-as-duvidas-sobre-o-programa-de-transferencia-de-renda-do-gov-br\/#primaryimage\"},\"thumbnailUrl\":\"https:\/\/4tuneagencia.digital\/blog\/wp-content\/uploads\/2023\/11\/wp-header-logo-868.png\",\"datePublished\":\"2023-11-24T22:11:40+00:00\",\"dateModified\":\"2023-11-24T22:11:40+00:00\",\"breadcrumb\":{\"@id\":\"https:\/\/4tuneagencia.digital\/blog\/tire-as-duvidas-sobre-o-programa-de-transferencia-de-renda-do-gov-br\/#breadcrumb\"},\"inLanguage\":\"pt-BR\",\"potentialAction\":[{\"@type\":\"ReadAction\",\"target\":[\"https:\/\/4tuneagencia.digital\/blog\/tire-as-duvidas-sobre-o-programa-de-transferencia-de-renda-do-gov-br\/\"]}]},{\"@type\":\"ImageObject\",\"inLanguage\":\"pt-BR\",\"@id\":\"https:\/\/4tuneagencia.digital\/blog\/tire-as-duvidas-sobre-o-programa-de-transferencia-de-renda-do-gov-br\/#primaryimage\",\"url\":\"https:\/\/4tuneagencia.digital\/blog\/wp-content\/uploads\/2023\/11\/wp-header-logo-868.png\",\"contentUrl\":\"https:\/\/4tuneagencia.digital\/blog\/wp-content\/uploads\/2023\/11\/wp-header-logo-868.png\",\"width\":768,\"height\":434},{\"@type\":\"BreadcrumbList\",\"@id\":\"https:\/\/4tuneagencia.digital\/blog\/tire-as-duvidas-sobre-o-programa-de-transferencia-de-renda-do-gov-br\/#breadcrumb\",\"itemListElement\":[{\"@type\":\"ListItem\",\"position\":1,\"name\":\"In\u00edcio\",\"item\":\"https:\/\/4tuneagencia.digital\/blog\/\"},{\"@type\":\"ListItem\",\"position\":2,\"name\":\"Tire as d\u00favidas sobre o programa de transfer\u00eancia de renda do &#8230; &#8211; GOV.BR\"}]},{\"@type\":\"WebSite\",\"@id\":\"https:\/\/4tuneagencia.digital\/blog\/#website\",\"url\":\"https:\/\/4tuneagencia.digital\/blog\/\",\"name\":\"4tuneagencia.digital\",\"description\":\"Marketing e Web Designer \",\"publisher\":{\"@id\":\"https:\/\/4tuneagencia.digital\/blog\/#organization\"},\"potentialAction\":[{\"@type\":\"SearchAction\",\"target\":{\"@type\":\"EntryPoint\",\"urlTemplate\":\"https:\/\/4tuneagencia.digital\/blog\/?s={search_term_string}\"},\"query-input\":\"required name=search_term_string\"}],\"inLanguage\":\"pt-BR\"},{\"@type\":\"Organization\",\"@id\":\"https:\/\/4tuneagencia.digital\/blog\/#organization\",\"name\":\"4tuneagencia.digital\",\"url\":\"https:\/\/4tuneagencia.digital\/blog\/\",\"logo\":{\"@type\":\"ImageObject\",\"inLanguage\":\"pt-BR\",\"@id\":\"https:\/\/4tuneagencia.digital\/blog\/#\/schema\/logo\/image\/\",\"url\":\"https:\/\/4tuneagencia.digital\/blog\/wp-content\/uploads\/2023\/09\/novo-logo-e1694954525541.png\",\"contentUrl\":\"https:\/\/4tuneagencia.digital\/blog\/wp-content\/uploads\/2023\/09\/novo-logo-e1694954525541.png\",\"width\":250,\"height\":250,\"caption\":\"4tuneagencia.digital\"},\"image\":{\"@id\":\"https:\/\/4tuneagencia.digital\/blog\/#\/schema\/logo\/image\/\"}},{\"@type\":\"Person\",\"@id\":\"https:\/\/4tuneagencia.digital\/blog\/#\/schema\/person\/7c40d2e8b9964c2390122613459c2100\",\"name\":\"4tune\",\"image\":{\"@type\":\"ImageObject\",\"inLanguage\":\"pt-BR\",\"@id\":\"https:\/\/4tuneagencia.digital\/blog\/#\/schema\/person\/image\/\",\"url\":\"https:\/\/secure.gravatar.com\/avatar\/e81e8ea0176022ee4555117aee5e3092bff2a7aaa930134f8023c7d4bc2f1495?s=96&d=mm&r=g\",\"contentUrl\":\"https:\/\/secure.gravatar.com\/avatar\/e81e8ea0176022ee4555117aee5e3092bff2a7aaa930134f8023c7d4bc2f1495?s=96&d=mm&r=g\",\"caption\":\"4tune\"},\"sameAs\":[\"http:\/\/4tuneagencia.digital\"],\"url\":\"https:\/\/4tuneagencia.digital\/blog\/author\/admin\/\"}]}<\/script>\n<!-- \/ Yoast SEO Premium plugin. -->","yoast_head_json":{"title":"Tire as d\u00favidas sobre o programa de transfer\u00eancia de renda do ... - GOV.BR - 4tuneagencia.digital","robots":{"index":"index","follow":"follow","max-snippet":"max-snippet:-1","max-image-preview":"max-image-preview:large","max-video-preview":"max-video-preview:-1"},"canonical":"https:\/\/4tuneagencia.digital\/blog\/tire-as-duvidas-sobre-o-programa-de-transferencia-de-renda-do-gov-br\/","og_locale":"pt_BR","og_type":"article","og_title":"Tire as d\u00favidas sobre o programa de transfer\u00eancia de renda do ... - GOV.BR","og_description":"Not\u00edciasBolsa Fam\u00edliaO Governo Federal relan\u00e7ou o Programa Bolsa Fam\u00edlia no in\u00edcio de mar\u00e7o (PBF), que ficou vigente por 18 anos e que foi respons\u00e1vel por tirar o Brasil do mapa da fome. O novo modelo garante justi\u00e7a social ao diminuir as disparidades de repasses per capita que existiam dentro do programa anterior, al\u00e9m de tratar...","og_url":"https:\/\/4tuneagencia.digital\/blog\/tire-as-duvidas-sobre-o-programa-de-transferencia-de-renda-do-gov-br\/","og_site_name":"4tuneagencia.digital","article_published_time":"2023-11-24T22:11:40+00:00","author":"4tune","twitter_card":"summary_large_image","twitter_misc":{"Escrito por":"4tune","Est. tempo de leitura":"11 minutos"},"schema":{"@context":"https:\/\/schema.org","@graph":[{"@type":"Article","@id":"https:\/\/4tuneagencia.digital\/blog\/tire-as-duvidas-sobre-o-programa-de-transferencia-de-renda-do-gov-br\/#article","isPartOf":{"@id":"https:\/\/4tuneagencia.digital\/blog\/tire-as-duvidas-sobre-o-programa-de-transferencia-de-renda-do-gov-br\/"},"author":{"name":"4tune","@id":"https:\/\/4tuneagencia.digital\/blog\/#\/schema\/person\/7c40d2e8b9964c2390122613459c2100"},"headline":"Tire as d\u00favidas sobre o programa de transfer\u00eancia de renda do &#8230; &#8211; GOV.BR","datePublished":"2023-11-24T22:11:40+00:00","dateModified":"2023-11-24T22:11:40+00:00","mainEntityOfPage":{"@id":"https:\/\/4tuneagencia.digital\/blog\/tire-as-duvidas-sobre-o-programa-de-transferencia-de-renda-do-gov-br\/"},"wordCount":2285,"commentCount":0,"publisher":{"@id":"https:\/\/4tuneagencia.digital\/blog\/#organization"},"image":{"@id":"https:\/\/4tuneagencia.digital\/blog\/tire-as-duvidas-sobre-o-programa-de-transferencia-de-renda-do-gov-br\/#primaryimage"},"thumbnailUrl":"https:\/\/4tuneagencia.digital\/blog\/wp-content\/uploads\/2023\/11\/wp-header-logo-868.png","keywords":["Tutorial"],"articleSection":["Tutoriais"],"inLanguage":"pt-BR","potentialAction":[{"@type":"CommentAction","name":"Comment","target":["https:\/\/4tuneagencia.digital\/blog\/tire-as-duvidas-sobre-o-programa-de-transferencia-de-renda-do-gov-br\/#respond"]}]},{"@type":"WebPage","@id":"https:\/\/4tuneagencia.digital\/blog\/tire-as-duvidas-sobre-o-programa-de-transferencia-de-renda-do-gov-br\/","url":"https:\/\/4tuneagencia.digital\/blog\/tire-as-duvidas-sobre-o-programa-de-transferencia-de-renda-do-gov-br\/","name":"Tire as d\u00favidas sobre o programa de transfer\u00eancia de renda do ... - GOV.BR - 4tuneagencia.digital","isPartOf":{"@id":"https:\/\/4tuneagencia.digital\/blog\/#website"},"primaryImageOfPage":{"@id":"https:\/\/4tuneagencia.digital\/blog\/tire-as-duvidas-sobre-o-programa-de-transferencia-de-renda-do-gov-br\/#primaryimage"},"image":{"@id":"https:\/\/4tuneagencia.digital\/blog\/tire-as-duvidas-sobre-o-programa-de-transferencia-de-renda-do-gov-br\/#primaryimage"},"thumbnailUrl":"https:\/\/4tuneagencia.digital\/blog\/wp-content\/uploads\/2023\/11\/wp-header-logo-868.png","datePublished":"2023-11-24T22:11:40+00:00","dateModified":"2023-11-24T22:11:40+00:00","breadcrumb":{"@id":"https:\/\/4tuneagencia.digital\/blog\/tire-as-duvidas-sobre-o-programa-de-transferencia-de-renda-do-gov-br\/#breadcrumb"},"inLanguage":"pt-BR","potentialAction":[{"@type":"ReadAction","target":["https:\/\/4tuneagencia.digital\/blog\/tire-as-duvidas-sobre-o-programa-de-transferencia-de-renda-do-gov-br\/"]}]},{"@type":"ImageObject","inLanguage":"pt-BR","@id":"https:\/\/4tuneagencia.digital\/blog\/tire-as-duvidas-sobre-o-programa-de-transferencia-de-renda-do-gov-br\/#primaryimage","url":"https:\/\/4tuneagencia.digital\/blog\/wp-content\/uploads\/2023\/11\/wp-header-logo-868.png","contentUrl":"https:\/\/4tuneagencia.digital\/blog\/wp-content\/uploads\/2023\/11\/wp-header-logo-868.png","width":768,"height":434},{"@type":"BreadcrumbList","@id":"https:\/\/4tuneagencia.digital\/blog\/tire-as-duvidas-sobre-o-programa-de-transferencia-de-renda-do-gov-br\/#breadcrumb","itemListElement":[{"@type":"ListItem","position":1,"name":"In\u00edcio","item":"https:\/\/4tuneagencia.digital\/blog\/"},{"@type":"ListItem","position":2,"name":"Tire as d\u00favidas sobre o programa de transfer\u00eancia de renda do &#8230; &#8211; GOV.BR"}]},{"@type":"WebSite","@id":"https:\/\/4tuneagencia.digital\/blog\/#website","url":"https:\/\/4tuneagencia.digital\/blog\/","name":"4tuneagencia.digital","description":"Marketing e Web Designer ","publisher":{"@id":"https:\/\/4tuneagencia.digital\/blog\/#organization"},"potentialAction":[{"@type":"SearchAction","target":{"@type":"EntryPoint","urlTemplate":"https:\/\/4tuneagencia.digital\/blog\/?s={search_term_string}"},"query-input":"required name=search_term_string"}],"inLanguage":"pt-BR"},{"@type":"Organization","@id":"https:\/\/4tuneagencia.digital\/blog\/#organization","name":"4tuneagencia.digital","url":"https:\/\/4tuneagencia.digital\/blog\/","logo":{"@type":"ImageObject","inLanguage":"pt-BR","@id":"https:\/\/4tuneagencia.digital\/blog\/#\/schema\/logo\/image\/","url":"https:\/\/4tuneagencia.digital\/blog\/wp-content\/uploads\/2023\/09\/novo-logo-e1694954525541.png","contentUrl":"https:\/\/4tuneagencia.digital\/blog\/wp-content\/uploads\/2023\/09\/novo-logo-e1694954525541.png","width":250,"height":250,"caption":"4tuneagencia.digital"},"image":{"@id":"https:\/\/4tuneagencia.digital\/blog\/#\/schema\/logo\/image\/"}},{"@type":"Person","@id":"https:\/\/4tuneagencia.digital\/blog\/#\/schema\/person\/7c40d2e8b9964c2390122613459c2100","name":"4tune","image":{"@type":"ImageObject","inLanguage":"pt-BR","@id":"https:\/\/4tuneagencia.digital\/blog\/#\/schema\/person\/image\/","url":"https:\/\/secure.gravatar.com\/avatar\/e81e8ea0176022ee4555117aee5e3092bff2a7aaa930134f8023c7d4bc2f1495?s=96&d=mm&r=g","contentUrl":"https:\/\/secure.gravatar.com\/avatar\/e81e8ea0176022ee4555117aee5e3092bff2a7aaa930134f8023c7d4bc2f1495?s=96&d=mm&r=g","caption":"4tune"},"sameAs":["http:\/\/4tuneagencia.digital"],"url":"https:\/\/4tuneagencia.digital\/blog\/author\/admin\/"}]}},"jetpack_featured_media_url":"https:\/\/4tuneagencia.digital\/blog\/wp-content\/uploads\/2023\/11\/wp-header-logo-868.png","_links":{"self":[{"href":"https:\/\/4tuneagencia.digital\/blog\/wp-json\/wp\/v2\/posts\/9598","targetHints":{"allow":["GET"]}}],"collection":[{"href":"https:\/\/4tuneagencia.digital\/blog\/wp-json\/wp\/v2\/posts"}],"about":[{"href":"https:\/\/4tuneagencia.digital\/blog\/wp-json\/wp\/v2\/types\/post"}],"author":[{"embeddable":true,"href":"https:\/\/4tuneagencia.digital\/blog\/wp-json\/wp\/v2\/users\/1"}],"replies":[{"embeddable":true,"href":"https:\/\/4tuneagencia.digital\/blog\/wp-json\/wp\/v2\/comments?post=9598"}],"version-history":[{"count":0,"href":"https:\/\/4tuneagencia.digital\/blog\/wp-json\/wp\/v2\/posts\/9598\/revisions"}],"wp:featuredmedia":[{"embeddable":true,"href":"https:\/\/4tuneagencia.digital\/blog\/wp-json\/wp\/v2\/media\/9599"}],"wp:attachment":[{"href":"https:\/\/4tuneagencia.digital\/blog\/wp-json\/wp\/v2\/media?parent=9598"}],"wp:term":[{"taxonomy":"category","embeddable":true,"href":"https:\/\/4tuneagencia.digital\/blog\/wp-json\/wp\/v2\/categories?post=9598"},{"taxonomy":"post_tag","embeddable":true,"href":"https:\/\/4tuneagencia.digital\/blog\/wp-json\/wp\/v2\/tags?post=9598"}],"curies":[{"name":"wp","href":"https:\/\/api.w.org\/{rel}","templated":true}]}}