{"id":9740,"date":"2023-11-30T16:04:35","date_gmt":"2023-11-30T19:04:35","guid":{"rendered":"https:\/\/4tuneagencia.digital\/blog\/governo-de-sc-abre-prazo-para-servidor-entregar-declaracao-de-secretaria-de-estado-da-administracao\/"},"modified":"2023-11-30T16:04:35","modified_gmt":"2023-11-30T19:04:35","slug":"governo-de-sc-abre-prazo-para-servidor-entregar-declaracao-de-secretaria-de-estado-da-administracao","status":"publish","type":"post","link":"https:\/\/4tuneagencia.digital\/blog\/governo-de-sc-abre-prazo-para-servidor-entregar-declaracao-de-secretaria-de-estado-da-administracao\/","title":{"rendered":"Governo de SC abre prazo para servidor entregar declara\u00e7\u00e3o de &#8230; &#8211; Secretaria de Estado da Administra\u00e7\u00e3o"},"content":{"rendered":"<p><a href=\"https:\/\/www.sea.sc.gov.br\" title=\"Sea\" rel=\"home\">Sea<\/a><br \/>Est\u00e1 aberto o prazo para a entrega da declara\u00e7\u00e3o de bens e valores de 2023 pelos servidores e agentes p\u00fablicos do Poder Executivo do Estado de Santa Catarina. Coordenado pela Controladoria-Geral do Estado (CGE), o envio e a atualiza\u00e7\u00e3o anual \u00e9 obrigat\u00f3ria desde 2021 e tem o objetivo de permitir o acompanhamento da evolu\u00e7\u00e3o patrimonial para detectar casos de enriquecimento il\u00edcito e corrup\u00e7\u00e3o na gest\u00e3o p\u00fablica.<br \/>A entrega deve ser feita at\u00e9 30 de junho por meio do &#8220;M\u00f3dulo de Declara\u00e7\u00e3o de Bens e Valores\u201d do Sistema Integrado de Gest\u00e3o de Recursos Humanos <a href=\"http:\/\/sigrhportal.sea.sc.gov.br\/\"><u>(SIGRH)<\/u><\/a> (siga as orienta\u00e7\u00f5es abaixo). Quem n\u00e3o apresentar a declara\u00e7\u00e3o ser\u00e1 notificado pela autoridade m\u00e1xima do \u00f3rg\u00e3o ou entidade para que a apresente, no prazo de 30 dias de sua ci\u00eancia, sob pena de abertura de Processo Administrativo Disciplinar (PAD).<br \/>Em 2021 e 2022, primeiros anos da obrigatoriedade, a m\u00e9dia de entrega tem sido de 94%. \u201cH\u00e1 um comprometimento dos agentes p\u00fablicos em cumprir a lei. Mantemos o sistema aberto para quem quiser regularizar a situa\u00e7\u00e3o\u201d, refor\u00e7a o Controlador-Geral do Estado, C\u00edcero Barbosa.<br \/>A obrigatoriedade da entrega est\u00e1 prevista pelo <a href=\"http:\/\/cge.sc.gov.br\/wp-content\/uploads\/2021\/03\/Decreto-no-1193-de-3-de-marco-de-2021_Declaracao-Bens-e-Valores.pdf\"><u>Decreto 1.193\/2021<\/u><\/a>, que regulamenta o artigo 13 da Lei da Improbidade Administrativa <a href=\"http:\/\/www.planalto.gov.br\/ccivil_03\/leis\/l8429.htm\"><u>Lei 8.429\/1992<\/u><\/a>, que disp\u00f5e sobre as san\u00e7\u00f5es aplic\u00e1veis aos agentes p\u00fablicos nos casos de enriquecimento il\u00edcito. No Brasil, Uni\u00e3o e estados como S\u00e3o Paulo, Rio de Janeiro, Minas Gerais, Paran\u00e1 e Rio Grande do Sul exigem a entrega.<\/p>\n<p>A Secretaria de Estado da Administra\u00e7\u00e3o, gestora do SIGRH, ficar\u00e1 respons\u00e1vel pela integridade e inviolabilidade das informa\u00e7\u00f5es. Os arquivos das declara\u00e7\u00f5es ser\u00e3o mantidos at\u00e9 cinco anos ap\u00f3s a data em que o agente p\u00fablico deixar o cargo, emprego ou fun\u00e7\u00e3o.<br \/><strong>ORIENTA\u00c7\u00d5ES AO AGENTE P\u00daBLICO<\/strong><br \/><strong>QUEM PRECISA DECLARAR?<\/strong><br \/>Todos os agentes p\u00fablicos estaduais. Considera-se agente p\u00fablico todo aquele que exerce, ainda que transitoriamente ou sem remunera\u00e7\u00e3o, por elei\u00e7\u00e3o, nomea\u00e7\u00e3o, designa\u00e7\u00e3o, contrata\u00e7\u00e3o, ou qualquer outra forma de investidura ou v\u00ednculo, mandato, cargo, emprego ou fun\u00e7\u00e3o nos \u00f3rg\u00e3os e entidades da Administra\u00e7\u00e3o P\u00fablica do Poder Executivo Estadual.<br \/><strong>QUEM <\/strong><strong>N\u00c3O<\/strong><strong> PRECISA DECLARAR?<\/strong><br \/><strong>ISENTOS DA DECLARA\u00c7\u00c3O DE IMPOSTO DE RENDA TAMB\u00c9M PRECISAM ENVIAR?<\/strong><br \/>Sim. Neste caso, o agente p\u00fablico opta no SIGRH pelo preenchimento manual da sua declara\u00e7\u00e3o, informando os bens que possui, ou, se for o caso, marcando a op\u00e7\u00e3o \u201cn\u00e3o possuo bens a declarar\u201d.<br \/><strong>SE EU N\u00c3O DECLARAR, QUAL \u00c9 A PENALIDADE?<\/strong><br \/>O agente p\u00fablico que deixar de apresentar a declara\u00e7\u00e3o, ou que apresentar informa\u00e7\u00f5es falsas, ser\u00e1 notificado pela autoridade m\u00e1xima do \u00f3rg\u00e3o ou entidade para que a apresente, no prazo de 30 dias de sua ci\u00eancia, <strong>sob pena de abertura de Processo Administrativo Disciplinar (PAD).<\/strong> Veja a<a href=\"https:\/\/cge.sc.gov.br\/download\/instrucao-normativa-cge-sea-7-2022-declaracao-de-bens-e-valores\/\"> <\/a><a href=\"https:\/\/cge.sc.gov.br\/download\/instrucao-normativa-cge-sea-7-2022-declaracao-de-bens-e-valores\/\"><u>Instru\u00e7\u00e3o Normativa Conjunta SEA\/CGE n\u00ba 007\/2022<\/u><\/a>.<br \/><strong>O QUE DECLARAR?<\/strong><br \/>A declara\u00e7\u00e3o deve incluir im\u00f3veis, m\u00f3veis, semoventes (ex: animais, planta\u00e7\u00e3o de eucalipto), dinheiro, t\u00edtulos, a\u00e7\u00f5es, investimentos financeiros, participa\u00e7\u00f5es societ\u00e1rias e qualquer outro tipo de bem ou valor patrimonial, localizados no Pa\u00eds ou no exterior. O documento deve abranger, quando for o caso, os bens e valores patrimoniais do c\u00f4njuge ou companheiro, dos filhos e de outras pessoas que vivam sob a depend\u00eancia econ\u00f4mica do declarante.<br \/><strong>POSSO ENVIAR O ARQUIVO PDF DA MINHA DECLARA\u00c7\u00c3O ANUAL DE AJUSTE DE IMPOSTO DE RENDA PESSOA F\u00cdSICA (DIRPF) FEITA \u00c0 RECEITA FEDERAL?<\/strong><br \/>N\u00e3o. Mas voc\u00ea poder\u00e1 importar os dados da sua Declara\u00e7\u00e3o de Ajuste Anual de Imposto de Renda Pessoa F\u00edsica, utilizando-se do arquivo que possui a <strong>extens\u00e3o \u201c.DEC\u201d. <\/strong>O aplicativo da Receita Federal mant\u00e9m esse arquivo salvo no computador onde foi gerada a Declara\u00e7\u00e3o de Ajuste Anual de Imposto de Renda Pessoa F\u00edsica. Para encontr\u00e1-lo, <strong>acesse a pasta C:Arquivos de Programas RFBIRPF20xxtransmitidas.<\/strong> \u00c9 importante destacar que, ap\u00f3s a importa\u00e7\u00e3o, o servidor deve conferir e validar os dados importados junto ao &#8220;M\u00f3dulo de Declara\u00e7\u00e3o de Bens e Valores\u201d.<br \/><strong>N\u00c3O ENTREGUEI A DECLARA\u00c7\u00c3O NO ANO PASSADO, O QUE EU FA\u00c7O?<\/strong><br \/>Voc\u00ea ainda pode enviar a sua declara\u00e7\u00e3o de bens e valores do exerc\u00edcio de 2022, ano base 2021. A Controladoria-Geral do Estado e a Secretaria de Estado da Administra\u00e7\u00e3o mant\u00e9m o sistema aberto para que todos cumpram com as obriga\u00e7\u00f5es previstas em lei.<br \/><em><strong>ASSESSORIA DE COMUNICA\u00c7\u00c3O<\/strong><\/em><br \/>Eliza Della Barba (Jornalista)<br \/>Secretaria de Estado da Administra\u00e7\u00e3o<br \/>(48) 3665-1636 \/ 99969-2710<br \/>&#8211;<br \/>Cl\u00e9ia Schmitz<br \/>Assessoria de Imprensa<br \/>Controladoria-Geral do Estado<br \/>E-mail: cschmitz@cge.sc.gov.br<br \/>Fone: (48) 99128-1980<br \/>Site: <a href=\"https:\/\/www.cge.sc.gov.br\/\"><u>www.cge.sc.gov.br<\/u><\/a><br \/>                                  [ Placeholder content for popup link ]                                  <a href=\"https:\/\/www.wpdownloadmanager.com\/\">WordPress Download Manager &#8211; Best Download Management Plugin<\/a>                              <\/p>\n<p><a href=\"https:\/\/news.google.com\/rss\/articles\/CBMibGh0dHBzOi8vd3d3LnNlYS5zYy5nb3YuYnIvYmxvZy9nb3Zlcm5vLWRlLXNjLWFicmUtcHJhem8tcGFyYS1zZXJ2aWRvci1lbnRyZWdhci1kZWNsYXJhY2FvLWRlLWJlbnMtZS12YWxvcmVzL9IBAA?oc=5\">source<\/a><\/p>\n","protected":false},"excerpt":{"rendered":"<p>SeaEst\u00e1 aberto o prazo para a entrega da declara\u00e7\u00e3o de bens e valores de 2023 pelos servidores e agentes p\u00fablicos do Poder Executivo do Estado de Santa Catarina. Coordenado pela Controladoria-Geral do Estado (CGE), o envio e a atualiza\u00e7\u00e3o anual \u00e9 obrigat\u00f3ria desde 2021 e tem o objetivo de permitir o acompanhamento da evolu\u00e7\u00e3o patrimonial&#8230;<\/p>\n","protected":false},"author":1,"featured_media":0,"comment_status":"open","ping_status":"open","sticky":false,"template":"","format":"standard","meta":{"footnotes":""},"categories":[1],"tags":[69],"class_list":["post-9740","post","type-post","status-publish","format-standard","hentry","category-tutoriais","tag-tutorial"],"yoast_head":"<!-- This site is optimized with the Yoast SEO Premium plugin v21.1 (Yoast SEO v22.7) - https:\/\/yoast.com\/wordpress\/plugins\/seo\/ -->\n<title>Governo de SC abre prazo para servidor entregar declara\u00e7\u00e3o de ... - Secretaria de Estado da Administra\u00e7\u00e3o - 4tuneagencia.digital<\/title>\n<meta name=\"robots\" content=\"index, follow, max-snippet:-1, max-image-preview:large, max-video-preview:-1\" \/>\n<link rel=\"canonical\" href=\"https:\/\/4tuneagencia.digital\/blog\/governo-de-sc-abre-prazo-para-servidor-entregar-declaracao-de-secretaria-de-estado-da-administracao\/\" \/>\n<meta property=\"og:locale\" content=\"pt_BR\" \/>\n<meta property=\"og:type\" content=\"article\" \/>\n<meta property=\"og:title\" content=\"Governo de SC abre prazo para servidor entregar declara\u00e7\u00e3o de ... - Secretaria de Estado da Administra\u00e7\u00e3o\" \/>\n<meta property=\"og:description\" content=\"SeaEst\u00e1 aberto o prazo para a entrega da declara\u00e7\u00e3o de bens e valores de 2023 pelos servidores e agentes p\u00fablicos do Poder Executivo do Estado de Santa Catarina. Coordenado pela Controladoria-Geral do Estado (CGE), o envio e a atualiza\u00e7\u00e3o anual \u00e9 obrigat\u00f3ria desde 2021 e tem o objetivo de permitir o acompanhamento da evolu\u00e7\u00e3o patrimonial...\" \/>\n<meta property=\"og:url\" content=\"https:\/\/4tuneagencia.digital\/blog\/governo-de-sc-abre-prazo-para-servidor-entregar-declaracao-de-secretaria-de-estado-da-administracao\/\" \/>\n<meta property=\"og:site_name\" content=\"4tuneagencia.digital\" \/>\n<meta property=\"article:published_time\" content=\"2023-11-30T19:04:35+00:00\" \/>\n<meta name=\"author\" content=\"4tune\" \/>\n<meta name=\"twitter:card\" content=\"summary_large_image\" \/>\n<meta name=\"twitter:label1\" content=\"Escrito por\" \/>\n\t<meta name=\"twitter:data1\" content=\"4tune\" \/>\n\t<meta name=\"twitter:label2\" content=\"Est. tempo de leitura\" \/>\n\t<meta name=\"twitter:data2\" content=\"4 minutos\" \/>\n<script type=\"application\/ld+json\" class=\"yoast-schema-graph\">{\"@context\":\"https:\/\/schema.org\",\"@graph\":[{\"@type\":\"Article\",\"@id\":\"https:\/\/4tuneagencia.digital\/blog\/governo-de-sc-abre-prazo-para-servidor-entregar-declaracao-de-secretaria-de-estado-da-administracao\/#article\",\"isPartOf\":{\"@id\":\"https:\/\/4tuneagencia.digital\/blog\/governo-de-sc-abre-prazo-para-servidor-entregar-declaracao-de-secretaria-de-estado-da-administracao\/\"},\"author\":{\"name\":\"4tune\",\"@id\":\"https:\/\/4tuneagencia.digital\/blog\/#\/schema\/person\/7c40d2e8b9964c2390122613459c2100\"},\"headline\":\"Governo de SC abre prazo para servidor entregar declara\u00e7\u00e3o de &#8230; &#8211; Secretaria de Estado da Administra\u00e7\u00e3o\",\"datePublished\":\"2023-11-30T19:04:35+00:00\",\"dateModified\":\"2023-11-30T19:04:35+00:00\",\"mainEntityOfPage\":{\"@id\":\"https:\/\/4tuneagencia.digital\/blog\/governo-de-sc-abre-prazo-para-servidor-entregar-declaracao-de-secretaria-de-estado-da-administracao\/\"},\"wordCount\":818,\"commentCount\":0,\"publisher\":{\"@id\":\"https:\/\/4tuneagencia.digital\/blog\/#organization\"},\"keywords\":[\"Tutorial\"],\"articleSection\":[\"Tutoriais\"],\"inLanguage\":\"pt-BR\",\"potentialAction\":[{\"@type\":\"CommentAction\",\"name\":\"Comment\",\"target\":[\"https:\/\/4tuneagencia.digital\/blog\/governo-de-sc-abre-prazo-para-servidor-entregar-declaracao-de-secretaria-de-estado-da-administracao\/#respond\"]}]},{\"@type\":\"WebPage\",\"@id\":\"https:\/\/4tuneagencia.digital\/blog\/governo-de-sc-abre-prazo-para-servidor-entregar-declaracao-de-secretaria-de-estado-da-administracao\/\",\"url\":\"https:\/\/4tuneagencia.digital\/blog\/governo-de-sc-abre-prazo-para-servidor-entregar-declaracao-de-secretaria-de-estado-da-administracao\/\",\"name\":\"Governo de SC abre prazo para servidor entregar declara\u00e7\u00e3o de ... - Secretaria de Estado da Administra\u00e7\u00e3o - 4tuneagencia.digital\",\"isPartOf\":{\"@id\":\"https:\/\/4tuneagencia.digital\/blog\/#website\"},\"datePublished\":\"2023-11-30T19:04:35+00:00\",\"dateModified\":\"2023-11-30T19:04:35+00:00\",\"breadcrumb\":{\"@id\":\"https:\/\/4tuneagencia.digital\/blog\/governo-de-sc-abre-prazo-para-servidor-entregar-declaracao-de-secretaria-de-estado-da-administracao\/#breadcrumb\"},\"inLanguage\":\"pt-BR\",\"potentialAction\":[{\"@type\":\"ReadAction\",\"target\":[\"https:\/\/4tuneagencia.digital\/blog\/governo-de-sc-abre-prazo-para-servidor-entregar-declaracao-de-secretaria-de-estado-da-administracao\/\"]}]},{\"@type\":\"BreadcrumbList\",\"@id\":\"https:\/\/4tuneagencia.digital\/blog\/governo-de-sc-abre-prazo-para-servidor-entregar-declaracao-de-secretaria-de-estado-da-administracao\/#breadcrumb\",\"itemListElement\":[{\"@type\":\"ListItem\",\"position\":1,\"name\":\"In\u00edcio\",\"item\":\"https:\/\/4tuneagencia.digital\/blog\/\"},{\"@type\":\"ListItem\",\"position\":2,\"name\":\"Governo de SC abre prazo para servidor entregar declara\u00e7\u00e3o de &#8230; &#8211; Secretaria de Estado da Administra\u00e7\u00e3o\"}]},{\"@type\":\"WebSite\",\"@id\":\"https:\/\/4tuneagencia.digital\/blog\/#website\",\"url\":\"https:\/\/4tuneagencia.digital\/blog\/\",\"name\":\"4tuneagencia.digital\",\"description\":\"Marketing e Web Designer \",\"publisher\":{\"@id\":\"https:\/\/4tuneagencia.digital\/blog\/#organization\"},\"potentialAction\":[{\"@type\":\"SearchAction\",\"target\":{\"@type\":\"EntryPoint\",\"urlTemplate\":\"https:\/\/4tuneagencia.digital\/blog\/?s={search_term_string}\"},\"query-input\":\"required name=search_term_string\"}],\"inLanguage\":\"pt-BR\"},{\"@type\":\"Organization\",\"@id\":\"https:\/\/4tuneagencia.digital\/blog\/#organization\",\"name\":\"4tuneagencia.digital\",\"url\":\"https:\/\/4tuneagencia.digital\/blog\/\",\"logo\":{\"@type\":\"ImageObject\",\"inLanguage\":\"pt-BR\",\"@id\":\"https:\/\/4tuneagencia.digital\/blog\/#\/schema\/logo\/image\/\",\"url\":\"https:\/\/4tuneagencia.digital\/blog\/wp-content\/uploads\/2023\/09\/novo-logo-e1694954525541.png\",\"contentUrl\":\"https:\/\/4tuneagencia.digital\/blog\/wp-content\/uploads\/2023\/09\/novo-logo-e1694954525541.png\",\"width\":250,\"height\":250,\"caption\":\"4tuneagencia.digital\"},\"image\":{\"@id\":\"https:\/\/4tuneagencia.digital\/blog\/#\/schema\/logo\/image\/\"}},{\"@type\":\"Person\",\"@id\":\"https:\/\/4tuneagencia.digital\/blog\/#\/schema\/person\/7c40d2e8b9964c2390122613459c2100\",\"name\":\"4tune\",\"image\":{\"@type\":\"ImageObject\",\"inLanguage\":\"pt-BR\",\"@id\":\"https:\/\/4tuneagencia.digital\/blog\/#\/schema\/person\/image\/\",\"url\":\"https:\/\/secure.gravatar.com\/avatar\/e81e8ea0176022ee4555117aee5e3092bff2a7aaa930134f8023c7d4bc2f1495?s=96&d=mm&r=g\",\"contentUrl\":\"https:\/\/secure.gravatar.com\/avatar\/e81e8ea0176022ee4555117aee5e3092bff2a7aaa930134f8023c7d4bc2f1495?s=96&d=mm&r=g\",\"caption\":\"4tune\"},\"sameAs\":[\"http:\/\/4tuneagencia.digital\"],\"url\":\"https:\/\/4tuneagencia.digital\/blog\/author\/admin\/\"}]}<\/script>\n<!-- \/ Yoast SEO Premium plugin. -->","yoast_head_json":{"title":"Governo de SC abre prazo para servidor entregar declara\u00e7\u00e3o de ... - Secretaria de Estado da Administra\u00e7\u00e3o - 4tuneagencia.digital","robots":{"index":"index","follow":"follow","max-snippet":"max-snippet:-1","max-image-preview":"max-image-preview:large","max-video-preview":"max-video-preview:-1"},"canonical":"https:\/\/4tuneagencia.digital\/blog\/governo-de-sc-abre-prazo-para-servidor-entregar-declaracao-de-secretaria-de-estado-da-administracao\/","og_locale":"pt_BR","og_type":"article","og_title":"Governo de SC abre prazo para servidor entregar declara\u00e7\u00e3o de ... - Secretaria de Estado da Administra\u00e7\u00e3o","og_description":"SeaEst\u00e1 aberto o prazo para a entrega da declara\u00e7\u00e3o de bens e valores de 2023 pelos servidores e agentes p\u00fablicos do Poder Executivo do Estado de Santa Catarina. Coordenado pela Controladoria-Geral do Estado (CGE), o envio e a atualiza\u00e7\u00e3o anual \u00e9 obrigat\u00f3ria desde 2021 e tem o objetivo de permitir o acompanhamento da evolu\u00e7\u00e3o patrimonial...","og_url":"https:\/\/4tuneagencia.digital\/blog\/governo-de-sc-abre-prazo-para-servidor-entregar-declaracao-de-secretaria-de-estado-da-administracao\/","og_site_name":"4tuneagencia.digital","article_published_time":"2023-11-30T19:04:35+00:00","author":"4tune","twitter_card":"summary_large_image","twitter_misc":{"Escrito por":"4tune","Est. tempo de leitura":"4 minutos"},"schema":{"@context":"https:\/\/schema.org","@graph":[{"@type":"Article","@id":"https:\/\/4tuneagencia.digital\/blog\/governo-de-sc-abre-prazo-para-servidor-entregar-declaracao-de-secretaria-de-estado-da-administracao\/#article","isPartOf":{"@id":"https:\/\/4tuneagencia.digital\/blog\/governo-de-sc-abre-prazo-para-servidor-entregar-declaracao-de-secretaria-de-estado-da-administracao\/"},"author":{"name":"4tune","@id":"https:\/\/4tuneagencia.digital\/blog\/#\/schema\/person\/7c40d2e8b9964c2390122613459c2100"},"headline":"Governo de SC abre prazo para servidor entregar declara\u00e7\u00e3o de &#8230; &#8211; Secretaria de Estado da Administra\u00e7\u00e3o","datePublished":"2023-11-30T19:04:35+00:00","dateModified":"2023-11-30T19:04:35+00:00","mainEntityOfPage":{"@id":"https:\/\/4tuneagencia.digital\/blog\/governo-de-sc-abre-prazo-para-servidor-entregar-declaracao-de-secretaria-de-estado-da-administracao\/"},"wordCount":818,"commentCount":0,"publisher":{"@id":"https:\/\/4tuneagencia.digital\/blog\/#organization"},"keywords":["Tutorial"],"articleSection":["Tutoriais"],"inLanguage":"pt-BR","potentialAction":[{"@type":"CommentAction","name":"Comment","target":["https:\/\/4tuneagencia.digital\/blog\/governo-de-sc-abre-prazo-para-servidor-entregar-declaracao-de-secretaria-de-estado-da-administracao\/#respond"]}]},{"@type":"WebPage","@id":"https:\/\/4tuneagencia.digital\/blog\/governo-de-sc-abre-prazo-para-servidor-entregar-declaracao-de-secretaria-de-estado-da-administracao\/","url":"https:\/\/4tuneagencia.digital\/blog\/governo-de-sc-abre-prazo-para-servidor-entregar-declaracao-de-secretaria-de-estado-da-administracao\/","name":"Governo de SC abre prazo para servidor entregar declara\u00e7\u00e3o de ... - Secretaria de Estado da Administra\u00e7\u00e3o - 4tuneagencia.digital","isPartOf":{"@id":"https:\/\/4tuneagencia.digital\/blog\/#website"},"datePublished":"2023-11-30T19:04:35+00:00","dateModified":"2023-11-30T19:04:35+00:00","breadcrumb":{"@id":"https:\/\/4tuneagencia.digital\/blog\/governo-de-sc-abre-prazo-para-servidor-entregar-declaracao-de-secretaria-de-estado-da-administracao\/#breadcrumb"},"inLanguage":"pt-BR","potentialAction":[{"@type":"ReadAction","target":["https:\/\/4tuneagencia.digital\/blog\/governo-de-sc-abre-prazo-para-servidor-entregar-declaracao-de-secretaria-de-estado-da-administracao\/"]}]},{"@type":"BreadcrumbList","@id":"https:\/\/4tuneagencia.digital\/blog\/governo-de-sc-abre-prazo-para-servidor-entregar-declaracao-de-secretaria-de-estado-da-administracao\/#breadcrumb","itemListElement":[{"@type":"ListItem","position":1,"name":"In\u00edcio","item":"https:\/\/4tuneagencia.digital\/blog\/"},{"@type":"ListItem","position":2,"name":"Governo de SC abre prazo para servidor entregar declara\u00e7\u00e3o de &#8230; &#8211; Secretaria de Estado da Administra\u00e7\u00e3o"}]},{"@type":"WebSite","@id":"https:\/\/4tuneagencia.digital\/blog\/#website","url":"https:\/\/4tuneagencia.digital\/blog\/","name":"4tuneagencia.digital","description":"Marketing e Web Designer ","publisher":{"@id":"https:\/\/4tuneagencia.digital\/blog\/#organization"},"potentialAction":[{"@type":"SearchAction","target":{"@type":"EntryPoint","urlTemplate":"https:\/\/4tuneagencia.digital\/blog\/?s={search_term_string}"},"query-input":"required name=search_term_string"}],"inLanguage":"pt-BR"},{"@type":"Organization","@id":"https:\/\/4tuneagencia.digital\/blog\/#organization","name":"4tuneagencia.digital","url":"https:\/\/4tuneagencia.digital\/blog\/","logo":{"@type":"ImageObject","inLanguage":"pt-BR","@id":"https:\/\/4tuneagencia.digital\/blog\/#\/schema\/logo\/image\/","url":"https:\/\/4tuneagencia.digital\/blog\/wp-content\/uploads\/2023\/09\/novo-logo-e1694954525541.png","contentUrl":"https:\/\/4tuneagencia.digital\/blog\/wp-content\/uploads\/2023\/09\/novo-logo-e1694954525541.png","width":250,"height":250,"caption":"4tuneagencia.digital"},"image":{"@id":"https:\/\/4tuneagencia.digital\/blog\/#\/schema\/logo\/image\/"}},{"@type":"Person","@id":"https:\/\/4tuneagencia.digital\/blog\/#\/schema\/person\/7c40d2e8b9964c2390122613459c2100","name":"4tune","image":{"@type":"ImageObject","inLanguage":"pt-BR","@id":"https:\/\/4tuneagencia.digital\/blog\/#\/schema\/person\/image\/","url":"https:\/\/secure.gravatar.com\/avatar\/e81e8ea0176022ee4555117aee5e3092bff2a7aaa930134f8023c7d4bc2f1495?s=96&d=mm&r=g","contentUrl":"https:\/\/secure.gravatar.com\/avatar\/e81e8ea0176022ee4555117aee5e3092bff2a7aaa930134f8023c7d4bc2f1495?s=96&d=mm&r=g","caption":"4tune"},"sameAs":["http:\/\/4tuneagencia.digital"],"url":"https:\/\/4tuneagencia.digital\/blog\/author\/admin\/"}]}},"jetpack_featured_media_url":"","_links":{"self":[{"href":"https:\/\/4tuneagencia.digital\/blog\/wp-json\/wp\/v2\/posts\/9740","targetHints":{"allow":["GET"]}}],"collection":[{"href":"https:\/\/4tuneagencia.digital\/blog\/wp-json\/wp\/v2\/posts"}],"about":[{"href":"https:\/\/4tuneagencia.digital\/blog\/wp-json\/wp\/v2\/types\/post"}],"author":[{"embeddable":true,"href":"https:\/\/4tuneagencia.digital\/blog\/wp-json\/wp\/v2\/users\/1"}],"replies":[{"embeddable":true,"href":"https:\/\/4tuneagencia.digital\/blog\/wp-json\/wp\/v2\/comments?post=9740"}],"version-history":[{"count":0,"href":"https:\/\/4tuneagencia.digital\/blog\/wp-json\/wp\/v2\/posts\/9740\/revisions"}],"wp:attachment":[{"href":"https:\/\/4tuneagencia.digital\/blog\/wp-json\/wp\/v2\/media?parent=9740"}],"wp:term":[{"taxonomy":"category","embeddable":true,"href":"https:\/\/4tuneagencia.digital\/blog\/wp-json\/wp\/v2\/categories?post=9740"},{"taxonomy":"post_tag","embeddable":true,"href":"https:\/\/4tuneagencia.digital\/blog\/wp-json\/wp\/v2\/tags?post=9740"}],"curies":[{"name":"wp","href":"https:\/\/api.w.org\/{rel}","templated":true}]}}