{"id":9751,"date":"2023-12-01T02:49:03","date_gmt":"2023-12-01T05:49:03","guid":{"rendered":"https:\/\/4tuneagencia.digital\/blog\/anuncios-pagos-no-facebook-e-instagram-chamam-para-atos-brasil-de-fato\/"},"modified":"2023-12-01T02:49:03","modified_gmt":"2023-12-01T05:49:03","slug":"anuncios-pagos-no-facebook-e-instagram-chamam-para-atos-brasil-de-fato","status":"publish","type":"post","link":"https:\/\/4tuneagencia.digital\/blog\/anuncios-pagos-no-facebook-e-instagram-chamam-para-atos-brasil-de-fato\/","title":{"rendered":"An\u00fancios pagos no Facebook e Instagram chamam para atos &#8230; &#8211; Brasil de Fato"},"content":{"rendered":"<p>In\u00edcio<br \/>Pol\u00edtica<br \/>&quot;N&oacute;s n&atilde;o vamos deixar um ladr&atilde;o assumir nossa na&ccedil;&atilde;o, e as For&ccedil;as Armadas t&ecirc;m a obriga&ccedil;&atilde;o de nos defender. N&oacute;s n&atilde;o estamos pedindo pra eles, n&oacute;s estamos exigindo deles que nos d&ecirc;em amparo&quot;, escreveu Sergio Bolsi na p&aacute;gina Desperta Brasil Sergio Bolsi. O post foi veiculado por uma semana, entre 15 e 22 de novembro, no Facebook, Instagram e Messenger e foi visto entre 40 mil e 45 mil vezes. Impulsionado, custou menos de R$ 100 para o anunciante.<br \/>Assim como ele, a <em>Ag&ecirc;ncia P&uacute;blica<\/em> identificou ao menos outros 65 an&uacute;ncios publicados no Facebook e Instagram por apoiadores de Jair Bolsonaro (PL) que n&atilde;o aceitam a derrota do l&iacute;der nas urnas. Os textos divulgam protestos antidemocr&aacute;ticos e defendem um golpe para impedir a posse do presidente eleito, Luiz In&aacute;cio Lula da Silva (PT), e j&aacute; foram vistos no m&iacute;nimo 414 mil vezes desde o in&iacute;cio de novembro.<br \/>An&uacute;ncios com teor golpista e que propagam desinforma&ccedil;&atilde;o sobre as elei&ccedil;&otilde;es n&atilde;o s&atilde;o permitidos pelas pol&iacute;ticas da Meta. Ainda assim, apenas 4 das publica&ccedil;&otilde;es analisadas foram removidas pela plataforma at&eacute; a publica&ccedil;&atilde;o desta reportagem.<br \/>Os an&uacute;ncios tamb&eacute;m foram usados para propagar a narrativa falsa de que as elei&ccedil;&otilde;es foram fraudadas, como no conte&uacute;do postado pela p&aacute;gina Rob&ocirc; Reacion&aacute;rio. Em um v&iacute;deo de 4 minutos, a p&aacute;gina diz apresentar 10 fatos sobre as elei&ccedil;&otilde;es, mas se det&eacute;m em disseminar d&uacute;vidas sobre a seguran&ccedil;a do sistema eleitoral e apresentar uma s&eacute;rie de argumentos j&aacute; desmentidos por ag&ecirc;ncias de checagem e pelo pr&oacute;prio Tribunal Superior Eleitoral (TSE).&nbsp;<br \/>O v&iacute;deo afirma, por exemplo, que o TSE retirou seu site do ar ap&oacute;s receber den&uacute;ncias de fraude, o que &eacute; <a href=\"https:\/\/noticias.uol.com.br\/confere\/ultimas-noticias\/2022\/11\/07\/live-apuracao-argentina-fraude-tse-facebook-instagram.htm\" target=\"_blank\" rel=\"noopener\">mentira<\/a>. Ao final do v&iacute;deo, os autores pedem que as pessoas que duvidam do resultado eleitoral se manifestem: &quot;o futuro de sua fam&iacute;lia e do Brasil dependem disso&quot;. O conte&uacute;do gerou de 100 mil a 125 mil impress&otilde;es e custou entre R$ 200 a R$ 299.<br \/>Ao menos outros 3 dos 20 an&uacute;ncios veiculados pela Rob&ocirc; Reacion&aacute;rio em novembro chamaram as urnas de &quot;inaudit&aacute;veis&quot; e atribu&iacute;ram a elei&ccedil;&atilde;o de Lula a uma suposta fraude. A p&aacute;gina j&aacute; gastou mais de R$ 1,7 mil com an&uacute;ncios entre agosto e 20 de novembro, dos quais R$ 666 foram investidos a partir do dia 14 de novembro, v&eacute;spera do feriado da Proclama&ccedil;&atilde;o da Rep&uacute;blica e de uma s&eacute;rie de atos antidemocr&aacute;ticos que pedem a manuten&ccedil;&atilde;o de Bolsonaro no poder na frente dos quarteis.<br \/>A segunda semana de novembro respondeu pelo maior n&uacute;mero de publica&ccedil;&otilde;es impulsionadas. Entre os an&uacute;ncios que buscavam chamar mais gente para os atos de 15 de novembro, um deles divulgava um &ocirc;nibus gratuito entre a capital paulista e Bras&iacute;lia (DF): &quot;ol&aacute; amigos patriotas de #saopaulo vamos marchar rumo a #brasilia defender nosso pa&iacute;s&quot;. A passagem gratuita era s&oacute; de ida, sem data de retorno. O conte&uacute;do foi postado pela p&aacute;gina Nahand, que diz ser de uma loja online, mas n&atilde;o tem seguidores, curtidas e nem apresenta produtos a serem vendidos. Os &uacute;nicos dois posts feitos pela p&aacute;gina s&atilde;o sobre pol&iacute;tica e pr&oacute;-Bolsonaro.<br \/>&quot;SE QUALQUER AGENTE DE GUARDA MUNICIPAL, POLICIAIS ESTADUAIS OU FEDERAIS, TENTAREM RETIRAR AS PESSOAS DE FRENTE DOS QUART&Eacute;IS, PROCUREM O OFICIAL DE DIA NO QUARTEL IMEDIATAMENTE! OS 3 COMANDANTES DAS FOR&Ccedil;AS J&Aacute; EMITIRAM NOTA PERMITINDO AS MANIFESTA&Ccedil;&Otilde;ES&quot;, orientou outra mensagem, em caixa alta no original. O an&uacute;ncio foi veiculado no Instagram entre 13 e 14 de novembro e foi visto entre mil e 2 mil vezes.<br \/>Ao menos outros 4 conte&uacute;dos impulsionados citaram uma nota emitida pelos comandantes do Ex&eacute;rcito, Marinha e Aeron&aacute;utica como prova de que os manifestantes teriam o apoio das For&ccedil;as Armadas na empreitada golpista. A nota <a href=\"https:\/\/www.eb.mil.br\/web\/imprensa\/documentos-a-imprensa\/-\/asset_publisher\/holDRjqEtU1g\/content\/nota-a-impre-26\" target=\"_blank\" rel=\"noopener\">defendeu<\/a> a exist&ecirc;ncia das manifesta&ccedil;&otilde;es, mas, como mostra reportagem da <em>P&uacute;blica<\/em>, a <a href=\"https:\/\/apublica.org\/2022\/09\/futuros-comandantes\/\" target=\"_blank\" rel=\"noopener\">Alta C&uacute;pula do Ex&eacute;rcito<\/a> n&atilde;o pretende colocar tanques na rua.<br \/><img decoding=\"async\" src=\"https:\/\/images02.brasildefato.com.br\/6e91edb5e84d42a909e8518d4bad33d2.jpeg\" \/><br \/>  An&uacute;ncio pago divulga atos golpistas \/ Reprodu&ccedil;&atilde;o\/Biblioteca de an&uacute;ncios da Meta<br \/>Diversas publica&ccedil;&otilde;es pediram ainda que as pessoas compartilhassem as postagens sobre as manifesta&ccedil;&otilde;es &mdash;&nbsp;&nbsp;um dos an&uacute;ncios chegou a defender que mais gente pagasse por alcance na Meta, ou seja, anunciasse na plataforma.<br \/>&quot;PARTICIPE E AJUDE OS ACAMPAMENTOS NOS QUART&Eacute;IS, OS CAMINHONEIROS, E FECHEM AS EMPRESAS, CASO CONTR&Aacute;RIO, O PREJU&Iacute;ZO SER&Aacute; MUITO MAIOR, POR 4 ANOS NO M&Iacute;NIMO! COMPARTILHE, ANUNCIE, &Eacute; BARATO&quot;, dizia o conte&uacute;do, tamb&eacute;m escrito em caixa alta. O an&uacute;ncio foi publicado pela p&aacute;gina 15 Dias de Sa&uacute;de, que diz vender suplementos com desconto. Como o conte&uacute;do n&atilde;o foi classificado pelo Facebook como de &quot;temas sociais, elei&ccedil;&otilde;es ou pol&iacute;tica&quot;, &uacute;nica categoria que permite transpar&ecirc;ncia com acesso aos dados de impress&otilde;es e valor gasto, n&atilde;o h&aacute; como saber quantas pessoas viram a publica&ccedil;&atilde;o nem quem pagou por ela.<br \/>A maior parte dos anunciantes pagou menos de R$ 100 para levar seu conte&uacute;do a mais gente, mas alguns anunciantes chegaram a desembolsar entre R$ 200 e R$ 300.<br \/>Em retorno &agrave; reportagem, a Meta afirmou em nota que &quot;diante da escala de nossos servi&ccedil;os, proibir determinados conte&uacute;dos n&atilde;o significa incid&ecirc;ncia zero&quot; e ressaltoou que, do in&iacute;cio da campanha eleitoral at&eacute; o 1&ordm; turno, rejeitou &quot;cerca de 135 mil conte&uacute;dos impulsionados direcionados ao Brasil de anunciantes que n&atilde;o haviam conclu&iacute;do o processo de autoriza&ccedil;&atilde;o ou de posts que n&atilde;o continham o r&oacute;tulo &#39;Pago por&#39; ou &#39;Propaganda Eleitoral&#39;&quot;.<br \/>&quot;Proibimos an&uacute;ncios questionando a legitimidade da elei&ccedil;&atilde;o brasileira e removemos publica&ccedil;&otilde;es com pedidos de interven&ccedil;&atilde;o militar no pa&iacute;s&quot;, acrescentou a empresa. A Meta tamb&eacute;m afirmou que se preparou &quot;extensivamente para as elei&ccedil;&otilde;es brasileiras de 2022&quot; e est&aacute; comprometida em &quot;seguir aprimorando a aplica&ccedil;&atilde;o&quot; de suas pol&iacute;ticas.<br \/>Pol&iacute;ticos, lideran&ccedil;as religiosas e empres&aacute;rios do agroneg&oacute;cio<br \/>&quot;O agro &eacute; nosso! O agro &eacute; nosso! O agro &eacute; nosso!&quot;, gritavam as pessoas em um dos seis v&iacute;deos impulsionados por Raijan Mascarello, que se define como um agricultor mato grossense em sua descri&ccedil;&atilde;o no Instagram. &quot;N&atilde;o podemos deixar essa quadrilha comunista voltar a roubar nosso Brasil! Vamos lutar at&eacute; o fim, mas com certeza sairemos vencedores!!!&quot; escreveu ao compartilhar o conte&uacute;do. Ele gastou entre R$200 e R$299 e seu conte&uacute;do foi visto entre 50 mil e 60 mil vezes durante quatro dias de novembro (16, 17, 18 e 19).<br \/>O agricultor tamb&eacute;m veiculou um an&uacute;ncio com um v&iacute;deo de um suposto bloqueio de rodovia na cidade de Sapezal (MT). &quot;Em SAPEZAL-MT tudo parado! O povo de Sapezal est&aacute; de parab&eacute;ns pela resili&ecirc;ncia que est&aacute; tendo!!!! Por isso que gosto dessa cidade! Tem alguns Petistas que n&atilde;o valem o que comem, mas a grande maioria s&atilde;o pessoas fant&aacute;sticas!!&quot;, escreveu. Tamb&eacute;m n&atilde;o foi poss&iacute;vel identificar o alcance do conte&uacute;do impulsionado.<br \/>Al&eacute;m dele, uma p&aacute;gina em nome de Lucas Vincensi, que tem apenas 1 seguidor, impulsionou no Instagram fotos de um homem segurando uma bandeira do Brasil em uma lavoura e escreveu &quot;quando voc&ecirc; n&atilde;o respeita a bandeira do seu pa&iacute;s, oque esperar desta na&ccedil;&atilde;o. S.O.S FFAA&quot; (sic). O termo &quot;SOS FFAA&quot; (que significa &quot;socorro For&ccedil;as Armadas&quot;) tem sido um dos motes dos movimentos golpistas e aparece nos an&uacute;ncios, junto a outros, como &quot;interven&ccedil;&atilde;o federal&quot;, que foi citado 11 vezes. Tamb&eacute;m n&atilde;o foram disponibilizados dados sobre o alcance do conte&uacute;do publicado por Vincensi.<br \/><img decoding=\"async\" src=\"https:\/\/images03.brasildefato.com.br\/e1a4552a26517b4890a4790be40e044d.jpeg\" \/><br \/>  Reprodu&ccedil;&atilde;o \/ Biblioteca de an&uacute;ncios da Meta<br \/>Edmar Park tamb&eacute;m se descreve como agropecuarista e pagou entre R$300 a R$399 para a Meta a fim de impulsionar v&iacute;deos que mostram os ministros do Supremo Tribunal Federal (STF) sendo hostilizados em evento em Nova York. O v&iacute;deo foi visto entre 125 mil e 150 mil vezes. A reportagem identificou ao menos outros 5 v&iacute;deos impulsionados que mostraram pessoas xingando os ministros em sua passagem pelos Estados Unidos.<br \/>Outro conte&uacute;do impulsionados mostra um homem que se identifica como padre dizendo que os ministros do TSE &quot;n&atilde;o v&atilde;o abrir os computadores para que as For&ccedil;as Armadas possam ver se tem corrup&ccedil;&atilde;o&quot;, o que far&aacute; com que as elei&ccedil;&otilde;es sejam anuladas. O an&uacute;ncio tamb&eacute;m n&atilde;o foi rotulado como de temas pol&iacute;ticos e n&atilde;o &eacute; poss&iacute;vel acessar dados sobre sua dispers&atilde;o. Foi publicado pela p&aacute;gina Bolsonsristas Patriotas, que n&atilde;o est&aacute; mais dispon&iacute;vel.<br \/>Entre os pol&iacute;ticos, o nome de maior destaque &eacute; o do Tenente Coronel Zucco (Republicanos), deputado federal eleito em 2022 pelo Rio Grande do Sul. Ele fez ao menos tr&ecirc;s an&uacute;ncios nos quais defende as manifesta&ccedil;&otilde;es e diz que as For&ccedil;as Armadas &quot;permanecer&atilde;o, como sempre fizeram, ao lado do povo brasileiro&quot;. De acordo com o <a href=\"https:\/\/divulgacandcontas.tse.jus.br\/divulga\/#\/candidato\/2022\/2040602022\/RS\/210001601587\" target=\"_blank\" rel=\"noopener\">Divulgacand<\/a>, plataforma de presta&ccedil;&atilde;o de contas do TSE, Zucco gastou R$ 167.505,00 com impulsionamento de conte&uacute;do durante a campanha, dos quais R$ 163.505,00 foram pagos ao Facebook.&nbsp;<br \/>&quot;A m&iacute;dia tradicional [est&aacute;] buscando ali influenciar a grande massa contra esses manifestantes, mas o mais interessante: eles est&atilde;o tentando ignorar o que aconteceu hoje no Brasil, que foi um momento hist&oacute;rico. Milh&otilde;es de pessoas foram para a frente dos quart&eacute;is pedindo interven&ccedil;&atilde;o federal&quot;, disse Eder Borges (Progressistas), vereador de Curitiba (PR) e ex-candidato a deputado federal pelo Paran&aacute;. &quot;A &uacute;nica coisa certa nesse momento &eacute; que esse &eacute; o prel&uacute;dio de um Brasil em chamas&quot;, finalizou no an&uacute;ncio.<br \/>Borges gastou R$34.000,00 em sua campanha em despesas com impulsionamento de conte&uacute;do no Facebook, mas obteve apenas 9.290 votos nas &uacute;ltimas elei&ccedil;&otilde;es.<br \/>An&uacute;ncios golpistas ferem pol&iacute;ticas da Meta<br \/>Coordenadora de informa&ccedil;&atilde;o e pol&iacute;tica no <a href=\"https:\/\/internetlab.org.br\/pt\/\" target=\"_blank\" rel=\"noopener\">Internet Lab<\/a>, Ester Borges diz que a Meta legitima o discurso golpista ao aprovar posts pagos com esses conte&uacute;dos. &quot;Os an&uacute;ncios usam todas as ferramentas daquela plataforma para alcan&ccedil;ar um n&uacute;mero cada vez maior de pessoas, ent&atilde;o, de alguma forma, a Meta est&aacute; legitimando esse discurso ao aprovar um an&uacute;ncio como esse&quot;, afirma.<br \/>Para Jo&atilde;o Guilherme Bastos, pesquisador de internet e pol&iacute;tica do <a href=\"https:\/\/inctdd.org\/\" target=\"_blank\" rel=\"noopener\">Instituto Nacional de Ci&ecirc;ncia e Tecnologia em Democracia Digital<\/a> (INCT.DD), esse tipo de an&uacute;ncio &eacute; mais problem&aacute;tico do que um post comum, porque chega em mais pessoas.<br \/>&quot;Eles n&atilde;o simplesmente falam &#39;ah, n&atilde;o gostei do resultado da elei&ccedil;&atilde;o&#39;, eles dizem que existem provas que as urnas foram fraudadas, eles dizem que teve interfer&ecirc;ncia externa. Essa difus&atilde;o de informa&ccedil;&otilde;es falsas impulsionada pelas ferramentas da plataforma &eacute; algo totalmente incompat&iacute;vel com o que em tese seria permitido&quot;, diz.<br \/><img decoding=\"async\" src=\"https:\/\/images02.brasildefato.com.br\/0c148190535acec76c2ccd0ecc6157b6.jpeg\" \/><br \/>  1 dos 4 an&uacute;ncios removidos pela modera&ccedil;&atilde;o da Meta pedia &ldquo;interven&ccedil;&atilde;o federal&rdquo;. Foi visto entre 4 mil e 5 mil vezes antes de ser retirado de circula&ccedil;&atilde;o \/ Reprodu&ccedil;&atilde;o\/Biblioteca de an&uacute;ncios da Meta<br \/>O pesquisador aponta ainda que os an&uacute;ncios nas redes s&atilde;o feitos de modo a atingir justamente as pessoas mais propensas a acreditar naqueles conte&uacute;dos. &quot;Mesmo um grupo sendo minorit&aacute;rio, a partir do momento que voc&ecirc; consegue atingir ele de modo direcionado e r&aacute;pido, se voc&ecirc; focar nos grupos certos voc&ecirc; consegue perturbar um processo eleitoral&quot;, explica. &quot;N&atilde;o &eacute; aceit&aacute;vel que a gente deixe isso passar.&quot;<br \/>A reportagem perguntou &agrave; Meta quantas pessoas que falam portugu&ecirc;s est&atilde;o dedicadas &agrave; modera&ccedil;&atilde;o dos an&uacute;ncios e quantas horas di&aacute;rias elas dedicam &agrave; fun&ccedil;&atilde;o, mas a plataforma n&atilde;o respondeu. Um porta-voz da empresa acrescentou que esses n&uacute;meros n&atilde;o refletem a complexidade do trabalho da equipe de modera&ccedil;&atilde;o, que monitora 2 milh&otilde;es de publica&ccedil;&otilde;es por dia mundialmente.<br \/>Quem Somos<br \/>Parceiros<br \/>Publicidade<br \/>Contato<br \/>Newsletters<br \/>Pol\u00edtica de Privacidade<br \/>Redes sociais:<br \/>Todos os conte\u00fados de produ\u00e7\u00e3o exclusiva e de autoria editorial do Brasil de Fato podem ser reproduzidos, desde que n\u00e3o sejam alterados e que se deem os devidos cr\u00e9ditos.<\/p>\n<p><a href=\"https:\/\/news.google.com\/rss\/articles\/CBMihAFodHRwczovL3d3dy5icmFzaWxkZWZhdG8uY29tLmJyLzIwMjIvMTEvMjUvYW51bmNpb3MtcGFnb3Mtbm8tZmFjZWJvb2stZS1pbnN0YWdyYW0tY2hhbWFtLXBhcmEtYXRvcy1nb2xwaXN0YXMtZS1tZW50ZW0tc29icmUtZWxlaWNvZXPSAQA?oc=5\">source<\/a><\/p>\n","protected":false},"excerpt":{"rendered":"<p>In\u00edcioPol\u00edtica&quot;N&oacute;s n&atilde;o vamos deixar um ladr&atilde;o assumir nossa na&ccedil;&atilde;o, e as For&ccedil;as Armadas t&ecirc;m a obriga&ccedil;&atilde;o de nos defender. N&oacute;s n&atilde;o estamos pedindo pra eles, n&oacute;s estamos exigindo deles que nos d&ecirc;em amparo&quot;, escreveu Sergio Bolsi na p&aacute;gina Desperta Brasil Sergio Bolsi. O post foi veiculado por uma semana, entre 15 e 22 de novembro,&#8230;<\/p>\n","protected":false},"author":1,"featured_media":9752,"comment_status":"open","ping_status":"open","sticky":false,"template":"","format":"standard","meta":{"footnotes":""},"categories":[32],"tags":[36],"class_list":["post-9751","post","type-post","status-publish","format-standard","has-post-thumbnail","hentry","category-marketing","tag-marketing"],"yoast_head":"<!-- This site is optimized with the Yoast SEO Premium plugin v21.1 (Yoast SEO v22.7) - https:\/\/yoast.com\/wordpress\/plugins\/seo\/ -->\n<title>An\u00fancios pagos no Facebook e Instagram chamam para atos ... - Brasil de Fato - 4tuneagencia.digital<\/title>\n<meta name=\"robots\" content=\"index, follow, max-snippet:-1, max-image-preview:large, max-video-preview:-1\" \/>\n<link rel=\"canonical\" href=\"https:\/\/4tuneagencia.digital\/blog\/anuncios-pagos-no-facebook-e-instagram-chamam-para-atos-brasil-de-fato\/\" \/>\n<meta property=\"og:locale\" content=\"pt_BR\" \/>\n<meta property=\"og:type\" content=\"article\" \/>\n<meta property=\"og:title\" content=\"An\u00fancios pagos no Facebook e Instagram chamam para atos ... - Brasil de Fato\" \/>\n<meta property=\"og:description\" content=\"In\u00edcioPol\u00edtica&quot;N&oacute;s n&atilde;o vamos deixar um ladr&atilde;o assumir nossa na&ccedil;&atilde;o, e as For&ccedil;as Armadas t&ecirc;m a obriga&ccedil;&atilde;o de nos defender. N&oacute;s n&atilde;o estamos pedindo pra eles, n&oacute;s estamos exigindo deles que nos d&ecirc;em amparo&quot;, escreveu Sergio Bolsi na p&aacute;gina Desperta Brasil Sergio Bolsi. O post foi veiculado por uma semana, entre 15 e 22 de novembro,...\" \/>\n<meta property=\"og:url\" content=\"https:\/\/4tuneagencia.digital\/blog\/anuncios-pagos-no-facebook-e-instagram-chamam-para-atos-brasil-de-fato\/\" \/>\n<meta property=\"og:site_name\" content=\"4tuneagencia.digital\" \/>\n<meta property=\"article:published_time\" content=\"2023-12-01T05:49:03+00:00\" \/>\n<meta property=\"og:image\" content=\"https:\/\/images02.brasildefato.com.br\/6e91edb5e84d42a909e8518d4bad33d2.jpeg\" \/>\n<meta name=\"author\" content=\"4tune\" \/>\n<meta name=\"twitter:card\" content=\"summary_large_image\" \/>\n<meta name=\"twitter:label1\" content=\"Escrito por\" \/>\n\t<meta name=\"twitter:data1\" content=\"4tune\" \/>\n\t<meta name=\"twitter:label2\" content=\"Est. tempo de leitura\" \/>\n\t<meta name=\"twitter:data2\" content=\"12 minutos\" \/>\n<script type=\"application\/ld+json\" class=\"yoast-schema-graph\">{\"@context\":\"https:\/\/schema.org\",\"@graph\":[{\"@type\":\"Article\",\"@id\":\"https:\/\/4tuneagencia.digital\/blog\/anuncios-pagos-no-facebook-e-instagram-chamam-para-atos-brasil-de-fato\/#article\",\"isPartOf\":{\"@id\":\"https:\/\/4tuneagencia.digital\/blog\/anuncios-pagos-no-facebook-e-instagram-chamam-para-atos-brasil-de-fato\/\"},\"author\":{\"name\":\"4tune\",\"@id\":\"https:\/\/4tuneagencia.digital\/blog\/#\/schema\/person\/7c40d2e8b9964c2390122613459c2100\"},\"headline\":\"An\u00fancios pagos no Facebook e Instagram chamam para atos &#8230; &#8211; Brasil de Fato\",\"datePublished\":\"2023-12-01T05:49:03+00:00\",\"dateModified\":\"2023-12-01T05:49:03+00:00\",\"mainEntityOfPage\":{\"@id\":\"https:\/\/4tuneagencia.digital\/blog\/anuncios-pagos-no-facebook-e-instagram-chamam-para-atos-brasil-de-fato\/\"},\"wordCount\":2447,\"commentCount\":0,\"publisher\":{\"@id\":\"https:\/\/4tuneagencia.digital\/blog\/#organization\"},\"image\":{\"@id\":\"https:\/\/4tuneagencia.digital\/blog\/anuncios-pagos-no-facebook-e-instagram-chamam-para-atos-brasil-de-fato\/#primaryimage\"},\"thumbnailUrl\":\"https:\/\/4tuneagencia.digital\/blog\/wp-content\/uploads\/2023\/12\/wp-header-logo-2.png\",\"keywords\":[\"Marketing\"],\"articleSection\":[\"Marketing\"],\"inLanguage\":\"pt-BR\",\"potentialAction\":[{\"@type\":\"CommentAction\",\"name\":\"Comment\",\"target\":[\"https:\/\/4tuneagencia.digital\/blog\/anuncios-pagos-no-facebook-e-instagram-chamam-para-atos-brasil-de-fato\/#respond\"]}]},{\"@type\":\"WebPage\",\"@id\":\"https:\/\/4tuneagencia.digital\/blog\/anuncios-pagos-no-facebook-e-instagram-chamam-para-atos-brasil-de-fato\/\",\"url\":\"https:\/\/4tuneagencia.digital\/blog\/anuncios-pagos-no-facebook-e-instagram-chamam-para-atos-brasil-de-fato\/\",\"name\":\"An\u00fancios pagos no Facebook e Instagram chamam para atos ... - Brasil de Fato - 4tuneagencia.digital\",\"isPartOf\":{\"@id\":\"https:\/\/4tuneagencia.digital\/blog\/#website\"},\"primaryImageOfPage\":{\"@id\":\"https:\/\/4tuneagencia.digital\/blog\/anuncios-pagos-no-facebook-e-instagram-chamam-para-atos-brasil-de-fato\/#primaryimage\"},\"image\":{\"@id\":\"https:\/\/4tuneagencia.digital\/blog\/anuncios-pagos-no-facebook-e-instagram-chamam-para-atos-brasil-de-fato\/#primaryimage\"},\"thumbnailUrl\":\"https:\/\/4tuneagencia.digital\/blog\/wp-content\/uploads\/2023\/12\/wp-header-logo-2.png\",\"datePublished\":\"2023-12-01T05:49:03+00:00\",\"dateModified\":\"2023-12-01T05:49:03+00:00\",\"breadcrumb\":{\"@id\":\"https:\/\/4tuneagencia.digital\/blog\/anuncios-pagos-no-facebook-e-instagram-chamam-para-atos-brasil-de-fato\/#breadcrumb\"},\"inLanguage\":\"pt-BR\",\"potentialAction\":[{\"@type\":\"ReadAction\",\"target\":[\"https:\/\/4tuneagencia.digital\/blog\/anuncios-pagos-no-facebook-e-instagram-chamam-para-atos-brasil-de-fato\/\"]}]},{\"@type\":\"ImageObject\",\"inLanguage\":\"pt-BR\",\"@id\":\"https:\/\/4tuneagencia.digital\/blog\/anuncios-pagos-no-facebook-e-instagram-chamam-para-atos-brasil-de-fato\/#primaryimage\",\"url\":\"https:\/\/4tuneagencia.digital\/blog\/wp-content\/uploads\/2023\/12\/wp-header-logo-2.png\",\"contentUrl\":\"https:\/\/4tuneagencia.digital\/blog\/wp-content\/uploads\/2023\/12\/wp-header-logo-2.png\",\"width\":500,\"height\":299},{\"@type\":\"BreadcrumbList\",\"@id\":\"https:\/\/4tuneagencia.digital\/blog\/anuncios-pagos-no-facebook-e-instagram-chamam-para-atos-brasil-de-fato\/#breadcrumb\",\"itemListElement\":[{\"@type\":\"ListItem\",\"position\":1,\"name\":\"In\u00edcio\",\"item\":\"https:\/\/4tuneagencia.digital\/blog\/\"},{\"@type\":\"ListItem\",\"position\":2,\"name\":\"An\u00fancios pagos no Facebook e Instagram chamam para atos &#8230; &#8211; Brasil de Fato\"}]},{\"@type\":\"WebSite\",\"@id\":\"https:\/\/4tuneagencia.digital\/blog\/#website\",\"url\":\"https:\/\/4tuneagencia.digital\/blog\/\",\"name\":\"4tuneagencia.digital\",\"description\":\"Marketing e Web Designer \",\"publisher\":{\"@id\":\"https:\/\/4tuneagencia.digital\/blog\/#organization\"},\"potentialAction\":[{\"@type\":\"SearchAction\",\"target\":{\"@type\":\"EntryPoint\",\"urlTemplate\":\"https:\/\/4tuneagencia.digital\/blog\/?s={search_term_string}\"},\"query-input\":\"required name=search_term_string\"}],\"inLanguage\":\"pt-BR\"},{\"@type\":\"Organization\",\"@id\":\"https:\/\/4tuneagencia.digital\/blog\/#organization\",\"name\":\"4tuneagencia.digital\",\"url\":\"https:\/\/4tuneagencia.digital\/blog\/\",\"logo\":{\"@type\":\"ImageObject\",\"inLanguage\":\"pt-BR\",\"@id\":\"https:\/\/4tuneagencia.digital\/blog\/#\/schema\/logo\/image\/\",\"url\":\"https:\/\/4tuneagencia.digital\/blog\/wp-content\/uploads\/2023\/09\/novo-logo-e1694954525541.png\",\"contentUrl\":\"https:\/\/4tuneagencia.digital\/blog\/wp-content\/uploads\/2023\/09\/novo-logo-e1694954525541.png\",\"width\":250,\"height\":250,\"caption\":\"4tuneagencia.digital\"},\"image\":{\"@id\":\"https:\/\/4tuneagencia.digital\/blog\/#\/schema\/logo\/image\/\"}},{\"@type\":\"Person\",\"@id\":\"https:\/\/4tuneagencia.digital\/blog\/#\/schema\/person\/7c40d2e8b9964c2390122613459c2100\",\"name\":\"4tune\",\"image\":{\"@type\":\"ImageObject\",\"inLanguage\":\"pt-BR\",\"@id\":\"https:\/\/4tuneagencia.digital\/blog\/#\/schema\/person\/image\/\",\"url\":\"https:\/\/secure.gravatar.com\/avatar\/e81e8ea0176022ee4555117aee5e3092bff2a7aaa930134f8023c7d4bc2f1495?s=96&d=mm&r=g\",\"contentUrl\":\"https:\/\/secure.gravatar.com\/avatar\/e81e8ea0176022ee4555117aee5e3092bff2a7aaa930134f8023c7d4bc2f1495?s=96&d=mm&r=g\",\"caption\":\"4tune\"},\"sameAs\":[\"http:\/\/4tuneagencia.digital\"],\"url\":\"https:\/\/4tuneagencia.digital\/blog\/author\/admin\/\"}]}<\/script>\n<!-- \/ Yoast SEO Premium plugin. -->","yoast_head_json":{"title":"An\u00fancios pagos no Facebook e Instagram chamam para atos ... - Brasil de Fato - 4tuneagencia.digital","robots":{"index":"index","follow":"follow","max-snippet":"max-snippet:-1","max-image-preview":"max-image-preview:large","max-video-preview":"max-video-preview:-1"},"canonical":"https:\/\/4tuneagencia.digital\/blog\/anuncios-pagos-no-facebook-e-instagram-chamam-para-atos-brasil-de-fato\/","og_locale":"pt_BR","og_type":"article","og_title":"An\u00fancios pagos no Facebook e Instagram chamam para atos ... - Brasil de Fato","og_description":"In\u00edcioPol\u00edtica&quot;N&oacute;s n&atilde;o vamos deixar um ladr&atilde;o assumir nossa na&ccedil;&atilde;o, e as For&ccedil;as Armadas t&ecirc;m a obriga&ccedil;&atilde;o de nos defender. N&oacute;s n&atilde;o estamos pedindo pra eles, n&oacute;s estamos exigindo deles que nos d&ecirc;em amparo&quot;, escreveu Sergio Bolsi na p&aacute;gina Desperta Brasil Sergio Bolsi. O post foi veiculado por uma semana, entre 15 e 22 de novembro,...","og_url":"https:\/\/4tuneagencia.digital\/blog\/anuncios-pagos-no-facebook-e-instagram-chamam-para-atos-brasil-de-fato\/","og_site_name":"4tuneagencia.digital","article_published_time":"2023-12-01T05:49:03+00:00","og_image":[{"url":"https:\/\/images02.brasildefato.com.br\/6e91edb5e84d42a909e8518d4bad33d2.jpeg"}],"author":"4tune","twitter_card":"summary_large_image","twitter_misc":{"Escrito por":"4tune","Est. tempo de leitura":"12 minutos"},"schema":{"@context":"https:\/\/schema.org","@graph":[{"@type":"Article","@id":"https:\/\/4tuneagencia.digital\/blog\/anuncios-pagos-no-facebook-e-instagram-chamam-para-atos-brasil-de-fato\/#article","isPartOf":{"@id":"https:\/\/4tuneagencia.digital\/blog\/anuncios-pagos-no-facebook-e-instagram-chamam-para-atos-brasil-de-fato\/"},"author":{"name":"4tune","@id":"https:\/\/4tuneagencia.digital\/blog\/#\/schema\/person\/7c40d2e8b9964c2390122613459c2100"},"headline":"An\u00fancios pagos no Facebook e Instagram chamam para atos &#8230; &#8211; Brasil de Fato","datePublished":"2023-12-01T05:49:03+00:00","dateModified":"2023-12-01T05:49:03+00:00","mainEntityOfPage":{"@id":"https:\/\/4tuneagencia.digital\/blog\/anuncios-pagos-no-facebook-e-instagram-chamam-para-atos-brasil-de-fato\/"},"wordCount":2447,"commentCount":0,"publisher":{"@id":"https:\/\/4tuneagencia.digital\/blog\/#organization"},"image":{"@id":"https:\/\/4tuneagencia.digital\/blog\/anuncios-pagos-no-facebook-e-instagram-chamam-para-atos-brasil-de-fato\/#primaryimage"},"thumbnailUrl":"https:\/\/4tuneagencia.digital\/blog\/wp-content\/uploads\/2023\/12\/wp-header-logo-2.png","keywords":["Marketing"],"articleSection":["Marketing"],"inLanguage":"pt-BR","potentialAction":[{"@type":"CommentAction","name":"Comment","target":["https:\/\/4tuneagencia.digital\/blog\/anuncios-pagos-no-facebook-e-instagram-chamam-para-atos-brasil-de-fato\/#respond"]}]},{"@type":"WebPage","@id":"https:\/\/4tuneagencia.digital\/blog\/anuncios-pagos-no-facebook-e-instagram-chamam-para-atos-brasil-de-fato\/","url":"https:\/\/4tuneagencia.digital\/blog\/anuncios-pagos-no-facebook-e-instagram-chamam-para-atos-brasil-de-fato\/","name":"An\u00fancios pagos no Facebook e Instagram chamam para atos ... - Brasil de Fato - 4tuneagencia.digital","isPartOf":{"@id":"https:\/\/4tuneagencia.digital\/blog\/#website"},"primaryImageOfPage":{"@id":"https:\/\/4tuneagencia.digital\/blog\/anuncios-pagos-no-facebook-e-instagram-chamam-para-atos-brasil-de-fato\/#primaryimage"},"image":{"@id":"https:\/\/4tuneagencia.digital\/blog\/anuncios-pagos-no-facebook-e-instagram-chamam-para-atos-brasil-de-fato\/#primaryimage"},"thumbnailUrl":"https:\/\/4tuneagencia.digital\/blog\/wp-content\/uploads\/2023\/12\/wp-header-logo-2.png","datePublished":"2023-12-01T05:49:03+00:00","dateModified":"2023-12-01T05:49:03+00:00","breadcrumb":{"@id":"https:\/\/4tuneagencia.digital\/blog\/anuncios-pagos-no-facebook-e-instagram-chamam-para-atos-brasil-de-fato\/#breadcrumb"},"inLanguage":"pt-BR","potentialAction":[{"@type":"ReadAction","target":["https:\/\/4tuneagencia.digital\/blog\/anuncios-pagos-no-facebook-e-instagram-chamam-para-atos-brasil-de-fato\/"]}]},{"@type":"ImageObject","inLanguage":"pt-BR","@id":"https:\/\/4tuneagencia.digital\/blog\/anuncios-pagos-no-facebook-e-instagram-chamam-para-atos-brasil-de-fato\/#primaryimage","url":"https:\/\/4tuneagencia.digital\/blog\/wp-content\/uploads\/2023\/12\/wp-header-logo-2.png","contentUrl":"https:\/\/4tuneagencia.digital\/blog\/wp-content\/uploads\/2023\/12\/wp-header-logo-2.png","width":500,"height":299},{"@type":"BreadcrumbList","@id":"https:\/\/4tuneagencia.digital\/blog\/anuncios-pagos-no-facebook-e-instagram-chamam-para-atos-brasil-de-fato\/#breadcrumb","itemListElement":[{"@type":"ListItem","position":1,"name":"In\u00edcio","item":"https:\/\/4tuneagencia.digital\/blog\/"},{"@type":"ListItem","position":2,"name":"An\u00fancios pagos no Facebook e Instagram chamam para atos &#8230; &#8211; Brasil de Fato"}]},{"@type":"WebSite","@id":"https:\/\/4tuneagencia.digital\/blog\/#website","url":"https:\/\/4tuneagencia.digital\/blog\/","name":"4tuneagencia.digital","description":"Marketing e Web Designer ","publisher":{"@id":"https:\/\/4tuneagencia.digital\/blog\/#organization"},"potentialAction":[{"@type":"SearchAction","target":{"@type":"EntryPoint","urlTemplate":"https:\/\/4tuneagencia.digital\/blog\/?s={search_term_string}"},"query-input":"required name=search_term_string"}],"inLanguage":"pt-BR"},{"@type":"Organization","@id":"https:\/\/4tuneagencia.digital\/blog\/#organization","name":"4tuneagencia.digital","url":"https:\/\/4tuneagencia.digital\/blog\/","logo":{"@type":"ImageObject","inLanguage":"pt-BR","@id":"https:\/\/4tuneagencia.digital\/blog\/#\/schema\/logo\/image\/","url":"https:\/\/4tuneagencia.digital\/blog\/wp-content\/uploads\/2023\/09\/novo-logo-e1694954525541.png","contentUrl":"https:\/\/4tuneagencia.digital\/blog\/wp-content\/uploads\/2023\/09\/novo-logo-e1694954525541.png","width":250,"height":250,"caption":"4tuneagencia.digital"},"image":{"@id":"https:\/\/4tuneagencia.digital\/blog\/#\/schema\/logo\/image\/"}},{"@type":"Person","@id":"https:\/\/4tuneagencia.digital\/blog\/#\/schema\/person\/7c40d2e8b9964c2390122613459c2100","name":"4tune","image":{"@type":"ImageObject","inLanguage":"pt-BR","@id":"https:\/\/4tuneagencia.digital\/blog\/#\/schema\/person\/image\/","url":"https:\/\/secure.gravatar.com\/avatar\/e81e8ea0176022ee4555117aee5e3092bff2a7aaa930134f8023c7d4bc2f1495?s=96&d=mm&r=g","contentUrl":"https:\/\/secure.gravatar.com\/avatar\/e81e8ea0176022ee4555117aee5e3092bff2a7aaa930134f8023c7d4bc2f1495?s=96&d=mm&r=g","caption":"4tune"},"sameAs":["http:\/\/4tuneagencia.digital"],"url":"https:\/\/4tuneagencia.digital\/blog\/author\/admin\/"}]}},"jetpack_featured_media_url":"https:\/\/4tuneagencia.digital\/blog\/wp-content\/uploads\/2023\/12\/wp-header-logo-2.png","_links":{"self":[{"href":"https:\/\/4tuneagencia.digital\/blog\/wp-json\/wp\/v2\/posts\/9751","targetHints":{"allow":["GET"]}}],"collection":[{"href":"https:\/\/4tuneagencia.digital\/blog\/wp-json\/wp\/v2\/posts"}],"about":[{"href":"https:\/\/4tuneagencia.digital\/blog\/wp-json\/wp\/v2\/types\/post"}],"author":[{"embeddable":true,"href":"https:\/\/4tuneagencia.digital\/blog\/wp-json\/wp\/v2\/users\/1"}],"replies":[{"embeddable":true,"href":"https:\/\/4tuneagencia.digital\/blog\/wp-json\/wp\/v2\/comments?post=9751"}],"version-history":[{"count":0,"href":"https:\/\/4tuneagencia.digital\/blog\/wp-json\/wp\/v2\/posts\/9751\/revisions"}],"wp:featuredmedia":[{"embeddable":true,"href":"https:\/\/4tuneagencia.digital\/blog\/wp-json\/wp\/v2\/media\/9752"}],"wp:attachment":[{"href":"https:\/\/4tuneagencia.digital\/blog\/wp-json\/wp\/v2\/media?parent=9751"}],"wp:term":[{"taxonomy":"category","embeddable":true,"href":"https:\/\/4tuneagencia.digital\/blog\/wp-json\/wp\/v2\/categories?post=9751"},{"taxonomy":"post_tag","embeddable":true,"href":"https:\/\/4tuneagencia.digital\/blog\/wp-json\/wp\/v2\/tags?post=9751"}],"curies":[{"name":"wp","href":"https:\/\/api.w.org\/{rel}","templated":true}]}}